{"id":260292,"date":"2025-11-28T12:34:08","date_gmt":"2025-11-28T12:34:08","guid":{"rendered":"https:\/\/www.europesays.com\/es\/260292\/"},"modified":"2025-11-28T12:34:08","modified_gmt":"2025-11-28T12:34:08","slug":"la-peste-porcina-reaparece-en-espana-31-anos-despues-con-dos-casos-en-barcelona","status":"publish","type":"post","link":"https:\/\/www.europesays.com\/es\/260292\/","title":{"rendered":"La peste porcina reaparece en Espa\u00f1a 31 a\u00f1os despu\u00e9s con dos casos en Barcelona"},"content":{"rendered":"<p style=\"\">La <a href=\"https:\/\/www.abc.es\/sociedad\/peste-porcina-africana-inquieta-italia-60000-cerdos-20240910171910-nt.html\" target=\"_self\" data-voc-vtm-id=\"in-text-traffic\" title=\"peste porcina\" data-mrf-link=\"www.abc.es\" rel=\"nofollow noopener\">peste porcina<\/a> ha vuelto a Espa\u00f1a m\u00e1s de 31 a\u00f1os despu\u00e9s de que se detectara el \u00faltimo caso. As\u00ed lo ha confirmado esta ma\u00f1ana el Ministerio de Agricultura tras el aviso de los servicios veterinarios de la Generalitat de Catalunya, que detectaron dos  &#8230; jabal\u00edes silvestres positivos al virus PPA (peste porcina africana) en Bellaterra (Barcelona), donde <strong>fueron hallados muertos el pasado 26 de noviembre. <\/strong><\/p>\n<p class=\"voc-p\" style=\"\">M\u00e1s tarde el Laboratorio Central de Veterinaria de Algete (Madrid) confirm\u00f3 el positivo, un hecho que ha obligado al departamento que dirige Luis Planas a tomar medidas excepcionales, como son la solicitud al sector de producci\u00f3n de carne porcina de que extreme las medidas de bioseguridad. Al p\u00fablico en general, por su parte, se le recuerda la obligaci\u00f3n de comunicar a los servicios oficiales de las comunidades aut\u00f3nomas sobre cualquier sospecha, tanto en jabal\u00edes silvestres como en explotaciones de ganado. Paralelamente, el ministerio asegura haber iniciado las investigaciones para detectar el origen del virus. <\/p>\n<p class=\"voc-p\" style=\"\">Se trata de una enfermedad no zoon\u00f3sica, es decir, <strong>las personas no son susceptibles a la infecci\u00f3n<\/strong> ni por contacto con los animales ni por ingesti\u00f3n de productos derivados de ellos. Sin embargo, para los cerdos el virus es altamente contagioso, con tasas de mortalidad que pueden alcanzar el 100%, lo que lo convierte en una peste potencialmente muy da\u00f1ina en t\u00e9rminos econ\u00f3micos. <\/p>\n<p>\nEspa\u00f1a no pudo exportar carne de cerdo durante treinta a\u00f1os por el virus\n<\/p>\n<p class=\"voc-p\" style=\"\">El \u00faltimo brote grave en nuestro pa\u00eds estall\u00f3 all\u00e1 por la d\u00e9cada de 1960, cuando Espa\u00f1a a\u00fan no contaba con un plan nacional de erradicaci\u00f3n (no lo tendr\u00eda hasta 1985), y fue la causa de que durante tres d\u00e9cadas la <strong>Organizaci\u00f3n Mundial de la Salud (OMS)<\/strong> prohibiera la exportaci\u00f3n de carne de cerdo espa\u00f1ola. Hasta 1995 la Comisi\u00f3n Europea no dar\u00eda la enfermedad por erradicada. <\/p>\n<p class=\"voc-p\" style=\"\">Desde la Generalitat aseguran que a\u00fan no se ha detectado ning\u00fan foco en animales dom\u00e9sticos, mientras trabajan para evitar cualquier posible propagaci\u00f3n. Dentro de las medidas previstas en el Plan de Contingencia del Departamento de Agricultura y del Departamento de Interior de esa comunidad aut\u00f3noma, <strong>se ha establecido una zona de vigilancia de 20 km alrededor del punto donde aparecieron los jabal\u00edes<\/strong>, una zona residencial cercana a Barcelona. <\/p>\n<p class=\"voc-p\" style=\"\">La Generalitat asegura que busca otros cad\u00e1veres de jabal\u00ed y ha tomado otras medidas como el blindaje del per\u00edmetro para evitar desplazamiento de animales. Dentro de esa zona, <strong>los funcionarios del departamento de Agricultura trabajan en un primer anillo <\/strong><strong>(1 km alrededor de los hallazgos)<\/strong> donde la b\u00fasqueda es intensiva, un segundo anillo donde se realizan labores de \u00abb\u00fasqueda activa y captura selectiva\u00bb y una tercera zona de vigilancia y caza controlada\u00bb, explica en un comunicado el gobierno de esa comunidad aut\u00f3noma. Con todo, la zona de trabajo incluye grandes focos urbanos como Sabadell, Sant Cugat, Rub\u00ed, Terrassa, Barcelona (parte), Mollet y Ripollet, entre otros.<\/p>\n","protected":false},"excerpt":{"rendered":"La peste porcina ha vuelto a Espa\u00f1a m\u00e1s de 31 a\u00f1os despu\u00e9s de que se detectara el \u00faltimo&hellip;\n","protected":false},"author":2,"featured_media":260293,"comment_status":"","ping_status":"","sticky":false,"template":"","format":"standard","meta":{"footnotes":""},"categories":[42],"tags":[988,210,17,18,858,987,1563,24,13,14,11,61,62,63,64,19,20,9,10,15,16,54096,54097,6495,12,21,22,65,66,67],"class_list":{"0":"post-260292","1":"post","2":"type-post","3":"status-publish","4":"format-standard","5":"has-post-thumbnail","7":"category-internacional","8":"tag-anos","9":"tag-barcelona","10":"tag-breaking-news","11":"tag-breakingnews","12":"tag-casos","13":"tag-despues","14":"tag-dos","15":"tag-espana","16":"tag-featured-news","17":"tag-featurednews","18":"tag-headlines","19":"tag-internacional","20":"tag-international","21":"tag-international-news","22":"tag-internationalnews","23":"tag-latest-news","24":"tag-latestnews","25":"tag-news","26":"tag-noticias","27":"tag-noticias-destacadas","28":"tag-noticiasdestacadas","29":"tag-peste","30":"tag-porcina","31":"tag-reaparece","32":"tag-titulares","33":"tag-ultimas-noticias","34":"tag-ultimasnoticias","35":"tag-world","36":"tag-world-news","37":"tag-worldnews"},"share_on_mastodon":{"url":"https:\/\/pubeurope.com\/@es\/115627351488399738","error":""},"_links":{"self":[{"href":"https:\/\/www.europesays.com\/es\/wp-json\/wp\/v2\/posts\/260292","targetHints":{"allow":["GET"]}}],"collection":[{"href":"https:\/\/www.europesays.com\/es\/wp-json\/wp\/v2\/posts"}],"about":[{"href":"https:\/\/www.europesays.com\/es\/wp-json\/wp\/v2\/types\/post"}],"author":[{"embeddable":true,"href":"https:\/\/www.europesays.com\/es\/wp-json\/wp\/v2\/users\/2"}],"replies":[{"embeddable":true,"href":"https:\/\/www.europesays.com\/es\/wp-json\/wp\/v2\/comments?post=260292"}],"version-history":[{"count":0,"href":"https:\/\/www.europesays.com\/es\/wp-json\/wp\/v2\/posts\/260292\/revisions"}],"wp:featuredmedia":[{"embeddable":true,"href":"https:\/\/www.europesays.com\/es\/wp-json\/wp\/v2\/media\/260293"}],"wp:attachment":[{"href":"https:\/\/www.europesays.com\/es\/wp-json\/wp\/v2\/media?parent=260292"}],"wp:term":[{"taxonomy":"category","embeddable":true,"href":"https:\/\/www.europesays.com\/es\/wp-json\/wp\/v2\/categories?post=260292"},{"taxonomy":"post_tag","embeddable":true,"href":"https:\/\/www.europesays.com\/es\/wp-json\/wp\/v2\/tags?post=260292"}],"curies":[{"name":"wp","href":"https:\/\/api.w.org\/{rel}","templated":true}]}}