{"id":26030,"date":"2025-08-04T23:08:07","date_gmt":"2025-08-04T23:08:07","guid":{"rendered":"https:\/\/www.europesays.com\/es\/26030\/"},"modified":"2025-08-04T23:08:07","modified_gmt":"2025-08-04T23:08:07","slug":"la-carta-que-un-adolescente-envio-a-ozzy-osbourne-para-un-trabajo-de-clase-y-que-anos-despues-acabo-respondiendo-la-estrella-de-black-sabbath-me-cambio-la-vida","status":"publish","type":"post","link":"https:\/\/www.europesays.com\/es\/26030\/","title":{"rendered":"La carta que un adolescente envi\u00f3 a Ozzy Osbourne para un trabajo de clase y que a\u00f1os despu\u00e9s acab\u00f3 respondiendo la estrella de Black Sabbath: \u201cMe cambi\u00f3 la vida\u201d"},"content":{"rendered":"<p><img alt=\"Ozzy Osbourne en la edici\u00f3n\" class=\"global-image\" decoding=\"async\" fetchpriority=\"high\" height=\"515\" loading=\"eager\" src=\"https:\/\/www.europesays.com\/es\/wp-content\/uploads\/2025\/08\/HLXT75LP7VAMJEGZ7H27EUDXXA.JPG\" width=\"800\"\/>Ozzy Osbourne en la edici\u00f3n 56 de los Grammy Awards en Los Angeles, California. (2014). (REUTERS\/Danny Moloshok\/)<\/p>\n<p class=\"paragraph\">La muerte del <b>cantante de Black Sabbath, Ozzy Osbourne<\/b>, ha supuesto una importante p\u00e9rdida para el mundo de la m\u00fasica. El cantante, considerado uno de los pioneros del heavy metal, falleci\u00f3 el pasado 22 de julio a los 76 a\u00f1os provocando una oleada de cari\u00f1o de los fans que pudo verse, por ejemplo, en los miles de asistentes que quisieron acompa\u00f1ar a la familia en el entierro de la estrella para mostrar que, tambi\u00e9n para ellos, <a href=\"https:\/\/www.infobae.com\/entretenimiento\/2025\/07\/30\/ozzy-osbourne-familia-amigos-y-fanaticos-se-despiden-de-la-leyenda-del-metal-en-las-calles-de-birmingham\/\" target=\"_blank\" rel=\"noreferrer nofollow noopener\" title=\"https:\/\/www.infobae.com\/entretenimiento\/2025\/07\/30\/ozzy-osbourne-familia-amigos-y-fanaticos-se-despiden-de-la-leyenda-del-metal-en-las-calles-de-birmingham\/\">el adi\u00f3s de El pr\u00edncipe de las tinieblas <\/a>hab\u00eda sido una dura noticia.<\/p>\n<p class=\"paragraph\">Con el paso de los d\u00edas, algunos de sus seguidores han querido seguir honrando su figura recordando en redes sociales algunos de <a href=\"https:\/\/www.infobae.com\/america\/the-new-york-times\/2025\/07\/23\/el-hogar-del-heavy-metal-llora-a-ozzy-osbourne\/\" target=\"_blank\" rel=\"noreferrer nofollow noopener\" title=\"https:\/\/www.infobae.com\/america\/the-new-york-times\/2025\/07\/23\/el-hogar-del-heavy-metal-llora-a-ozzy-osbourne\/\">sus mayores gestos de cercan\u00eda y atenci\u00f3n<\/a>, algunos de los cuales no se hab\u00edan conocido hasta ahora. Uno de ellos es el de <b>Chad Hill<\/b>, un hombre estadounidense de 46 a\u00f1os que ha querido compartir su particular historia con el cantante.<\/p>\n<p>El \u00faltimo show de Ozzy Osbourne junto a Black Sabbath, semanas antes de su muerte<\/p>\n<p class=\"paragraph\">Tal y como recoge el medio estadounidense Newsweek a partir de una publicaci\u00f3n en la plataforma de Reddit, <b>hace 30 a\u00f1os<\/b>, cuando Chad Hill no era sino un estudiante de secundaria, se mand\u00f3 en su clase el trabajo de <b>enviar una carta<\/b> a una empresa, atleta o celebridad desde el laboratorio de inform\u00e1tica escolar Mientras sus compa\u00f1eros solicitaban regalos o art\u00edculos promocionales, Hill opt\u00f3 por dirigir su mensaje a su \u00eddolo, al vocalista de Black Sabbath, y expresar su admiraci\u00f3n por \u00e9l, pedirle un aut\u00f3grafo y a\u00f1adir c\u00f3mo el grupo hab\u00eda influido tanto en \u00e9l para lanzarse a aprender a tocar la guitarra.<\/p>\n<p class=\"paragraph\">Durante dos a\u00f1os, Hill no recibi\u00f3 respuesta, situaci\u00f3n distinta a la de muchos de sus compa\u00f1eros, que hab\u00edan enviado sus cartas a objetivos m\u00e1s \u2018asequibles\u2019. Todo cambi\u00f3 cuando <b>un paquete inesperado lleg\u00f3 a su domicilio.<\/b> El env\u00edo conten\u00eda una fotograf\u00eda de 20&#215;25 cent\u00edmetros autografiada y una carta mecanografiada del mism\u00edsimo Ozzy Osbourne agradeciendo su misiva. El joven no daba cr\u00e9dito al hecho de que el cantante revisara \u201clo que debieron ser miles y miles de cartas y leerlas&#8230; quiero decir que cuesta dinero, requiere tiempo y esfuerzo. Eso me dijo mucho\u201d.<\/p>\n<p><img alt=\"La foto firmada por Ozzy\" class=\"global-image\" decoding=\"async\" fetchpriority=\"low\" height=\"739\" loading=\"lazy\" src=\"https:\/\/www.europesays.com\/es\/wp-content\/uploads\/2025\/08\/XLSAFDTUKBH4VLWON66XOLNTSU.png\" width=\"1116\"\/>La foto firmada por Ozzy Osbourne que Chad Hill a\u00fan conserva. (Reddit)<\/p>\n<p class=\"paragraph\">Puede que sea por eso que el cuadro con el retrato del cantante del Black Sabbath sea el \u00fanico que siempre ha estado colgado en la pared de Chad Hill. \u201cNormalmente, lo tengo colgado cerca de mis guitarras\u201d, detalle este a trav\u00e9s de su mensaje en Reddit. \u201cMe recuerda que <a href=\"https:\/\/www.infobae.com\/espana\/cultura\/2025\/07\/19\/renunciar-a-un-25-de-los-ingresos-del-mes-para-no-tocar-en-festivales-de-musica-con-el-fondo-kkr-detras-es-una-cuestion-mas-de-principios-que-de-dinero\/\" target=\"_blank\" rel=\"noreferrer nofollow noopener\" title=\"https:\/\/www.infobae.com\/espana\/cultura\/2025\/07\/19\/renunciar-a-un-25-de-los-ingresos-del-mes-para-no-tocar-en-festivales-de-musica-con-el-fondo-kkr-detras-es-una-cuestion-mas-de-principios-que-de-dinero\/\">la m\u00fasica tiene un gran poder<\/a>, y que los actos de bondad tambi\u00e9n\u201d. Y es que el gesto del vocalista, aunque parezca un detalle, tuvo un gran efecto en aquel joven estadounidense. <b>\u201cMe cambi\u00f3 la vida&#8230; le dio un toque de magia<\/b>, de asombro y emoci\u00f3n a mi infancia\u201d, relata. Algo por lo que siempre le estar\u00e1 agradecido al famoso artista.<\/p>\n<p class=\"paragraph\">Lo cierto es que Ozzy siempre mostr\u00f3 un gran amor por todos sus fans. Prueba de ello fue, de hecho, s<a href=\"https:\/\/www.infobae.com\/entretenimiento\/2025\/07\/22\/asi-fue-el-ultimo-show-de-ozzy-osbourne-junto-a-black-sabbath-semanas-antes-de-su-muerte\/\" target=\"_blank\" rel=\"noreferrer nofollow noopener\" title=\"https:\/\/www.infobae.com\/entretenimiento\/2025\/07\/22\/asi-fue-el-ultimo-show-de-ozzy-osbourne-junto-a-black-sabbath-semanas-antes-de-su-muerte\/\">u \u00faltima actuaci\u00f3n con Black Sabbath<\/a>, cuando ya le hab\u00edan detectado la enfermedad de Parkinson (y previamente un enfisema pulmonar) y apenas pod\u00eda cantar unos cuantos fragmentos de sus temas.\u201cMis fans me han apoyado durante tantos a\u00f1os.<b> Quiero darles las gracias y despedirme como es debido.<\/b> De eso trata el espect\u00e1culo de Villa Park\u201d, afirm\u00f3 el cantante sobre su \u00faltimo show. Casos como el de Chad Hill demuestran que, a pesar de lo que el m\u00fasico pensara, para muchos seguir\u00eda estando presente incluso m\u00e1s all\u00e1 de su propio final.<\/p>\n","protected":false},"excerpt":{"rendered":"Ozzy Osbourne en la edici\u00f3n 56 de los Grammy Awards en Los Angeles, California. (2014). (REUTERS\/Danny Moloshok\/) La&hellip;\n","protected":false},"author":2,"featured_media":26031,"comment_status":"","ping_status":"","sticky":false,"template":"","format":"standard","meta":{"footnotes":""},"categories":[170],"tags":[146,147,25,24,3691,184,185,3119,23],"class_list":{"0":"post-26030","1":"post","2":"type-post","3":"status-publish","4":"format-standard","5":"has-post-thumbnail","7":"category-musica","8":"tag-entertainment","9":"tag-entretenimiento","10":"tag-es","11":"tag-espana","12":"tag-los-angeles","13":"tag-music","14":"tag-musica","15":"tag-north-america","16":"tag-spain"},"share_on_mastodon":{"url":"","error":""},"_links":{"self":[{"href":"https:\/\/www.europesays.com\/es\/wp-json\/wp\/v2\/posts\/26030","targetHints":{"allow":["GET"]}}],"collection":[{"href":"https:\/\/www.europesays.com\/es\/wp-json\/wp\/v2\/posts"}],"about":[{"href":"https:\/\/www.europesays.com\/es\/wp-json\/wp\/v2\/types\/post"}],"author":[{"embeddable":true,"href":"https:\/\/www.europesays.com\/es\/wp-json\/wp\/v2\/users\/2"}],"replies":[{"embeddable":true,"href":"https:\/\/www.europesays.com\/es\/wp-json\/wp\/v2\/comments?post=26030"}],"version-history":[{"count":0,"href":"https:\/\/www.europesays.com\/es\/wp-json\/wp\/v2\/posts\/26030\/revisions"}],"wp:featuredmedia":[{"embeddable":true,"href":"https:\/\/www.europesays.com\/es\/wp-json\/wp\/v2\/media\/26031"}],"wp:attachment":[{"href":"https:\/\/www.europesays.com\/es\/wp-json\/wp\/v2\/media?parent=26030"}],"wp:term":[{"taxonomy":"category","embeddable":true,"href":"https:\/\/www.europesays.com\/es\/wp-json\/wp\/v2\/categories?post=26030"},{"taxonomy":"post_tag","embeddable":true,"href":"https:\/\/www.europesays.com\/es\/wp-json\/wp\/v2\/tags?post=26030"}],"curies":[{"name":"wp","href":"https:\/\/api.w.org\/{rel}","templated":true}]}}