{"id":260303,"date":"2025-11-28T12:47:13","date_gmt":"2025-11-28T12:47:13","guid":{"rendered":"https:\/\/www.europesays.com\/es\/260303\/"},"modified":"2025-11-28T12:47:13","modified_gmt":"2025-11-28T12:47:13","slug":"sebastia-marti-convierte-manteles-de-papel-en-arte-en-esta-exposicion-oculta-en-un-restaurante-de-barcelona","status":"publish","type":"post","link":"https:\/\/www.europesays.com\/es\/260303\/","title":{"rendered":"Sebasti\u00e0 Mart\u00ed convierte manteles de papel en arte en esta exposici\u00f3n oculta en un restaurante de Barcelona"},"content":{"rendered":"<p data-gtm-element-container=\"modulo-texto-link\" class=\"paragraph\">Sebasti\u00e0 Mart\u00ed (Barcelona, 1971) no sale a la calle sin sus bol\u00edgrafos negros, blancos y rojos. Si lo hiciera, se sentir\u00eda demasiado ligero y algo desnudo. La carencia se har\u00eda m\u00e1s evidente cuando, al acomodarse en un bar o restaurante, advirtiera la imposibilidad de plasmar su arte en los manteles de papel del establecimiento, una de sus grandes diversiones desde hace m\u00e1s de una d\u00e9cada.<\/p>\n<p data-gtm-element-container=\"modulo-texto-link\" class=\"paragraph\">Terminar exponiendo estos dibujos no estaba en sus planes, pero la idea se le fue apareciendo con mayor claridad seg\u00fan se iban acumulando en el fondo de un caj\u00f3n. \u201cCuando tuve unos cuantos, me propuse dar con un lugar especial donde mostrarlos\u201d, cuenta este ilustrador y pintor nacido en Horta. Y lo encontr\u00f3 paseando por la calle Tordera del barrio de Gr\u00e0cia.\u00a0<\/p>\n<p data-gtm-element-container=\"modulo-texto-link\" class=\"paragraph\">All\u00ed, en el n\u00famero 58, se top\u00f3 con la<a href=\"https:\/\/www.lavanguardia.com\/comer\/sitios\/20231229\/9478686\/fonda-pepa-lugar-imprescindible-barrio-barcelones-gracia.html\" target=\"_blank\" rel=\"nofollow noopener\"> Fonda Pepa<\/a>, de los amigos y cocineros Pedro Ba\u00f1o y Paco Ben\u00edtez. Sus antiguas paredes y las vigas de madera del techo se alzaron como el expositor perfecto para sus art\u00edsticos manteles. Aunque seguramente tambi\u00e9n influyeron en su decisi\u00f3n los deliciosos aromas del recetario tradicional catal\u00e1n combinado con otras gastronom\u00edas del mundo que emanan de la cocina abierta del local\u2026<\/p>\n<p>Una flecha o un c\u00edrculo aclara de qu\u00e9 son las salpicaduras de comida que forman parte de los dibujos de la muestra<\/p>\n<p data-gtm-element-container=\"modulo-texto-link\" class=\"paragraph\">Sea como fuere, quien estos d\u00edas se pase por la casa de comidas mencionada podr\u00e1 admirar una veintena de las creaciones de Mart\u00ed, fruto de las gentes y las gustosas elaboraciones que lo acompa\u00f1aban en el momento de concebirlas. En ellas, aparecen en repetidas ocasiones sus dos hijas, Heura y Clea, que el visitante puede ver crecer a trav\u00e9s del papel. Tambi\u00e9n est\u00e1 all\u00ed plasmada su mujer, como algunas personas an\u00f3nimas que disfrutaban de su comida en las mesas circundantes. \u201cTodas las he terminado en el tiempo que dura una comida. Todas excepto una\u201d, revela. Esta \u00faltima es f\u00e1cil de diferenciar del resto de propuestas que re\u00fane la muestra, que se podr\u00e1 visitar hasta el 15 de marzo. La realiz\u00f3 en una terraza de la concurrida plaza de la Corredera, en C\u00f3rdoba.<\/p>\n<p data-gtm-element-container=\"modulo-texto-link\" class=\"paragraph\">En el mantel que usa como lienzo, manchurrones de aceite delatan los platillos que devor\u00f3 ese d\u00eda. \u201cNo lo recuerdo con exactitud, pero algo de<a href=\"https:\/\/www.lavanguardia.com\/comer\/recetas\/20210118\/6183146\/mejor-receta-fritura-pescado-andaluza.html\" target=\"_blank\" rel=\"nofollow noopener\"> pesca\u00edto frito<\/a>\u201d, recuerda Mart\u00ed. Aqu\u00ed la suciedad no molesta, es parte de la obra. El artista aprovecha las marcas para pintar formas y colores a su alrededor, como en el resto de sus trabajos. Este dibujo tuvo que terminarlo a posteriori por su extremado detallismo: decenas de personas colman las mesas de la plaza andaluza un d\u00eda soleado, cosa que se percibe por todas las miradas que se esconden tras unas gafas de sol.<\/p>\n<p>                <img loading=\"lazy\" decoding=\"async\" data-full-src=\"https:\/\/www.lavanguardia.com\/uploads\/2025\/11\/27\/69287a7f0b73b.jpeg\" alt=\"Uno de los dibujos del artista, realizado en una terraza de C\u00f3rdoba\" width=\"449\" height=\"299\" src=\"https:\/\/www.europesays.com\/es\/wp-content\/uploads\/2025\/11\/69287a7f0b73b.jpeg\" class=\"lazy\"\/><\/p>\n<p class=\"caption-title \">Uno de los dibujos del artista barcelon\u00e9s, realizado en una terraza de C\u00f3rdoba<\/p>\n<p>                    Joan Mateu Parra \/ Shooting<\/p>\n<p data-gtm-element-container=\"modulo-texto-link\" class=\"paragraph\">Esta y el resto de ilustraciones son cr\u00f3nicas que seg\u00fan su autor \u201cretratan placeres sencillos y sin pretensiones\u201d. En algunas, una flecha o un c\u00edrculo aclara de qu\u00e9 son las salpicaduras que las integran. \u201c\u00bfVes? Aqu\u00ed escrib\u00ed que la mancha era de sopa\u201d, explica Mart\u00ed se\u00f1alando un dibujo donde aparece su familia. En otro colgado justo encima, sus hijas han sido bautizadas con tinta negra como \u201cZampaaa pizzas\u201d.<\/p>\n<p>        Lee tambi\u00e9n<\/p>\n<p>    Lluci\u00e0 Homs<\/p>\n<p>             <img loading=\"lazy\" decoding=\"async\" data-full-src=\"https:\/\/www.lavanguardia.com\/uploads\/2025\/11\/19\/691e2d6b2b13e.jpeg\" alt=\"Horizontal\" width=\"104\" height=\"108\" src=\"https:\/\/www.europesays.com\/es\/wp-content\/uploads\/2025\/11\/691e2d6b2b13e.r_d.2644-1034.jpeg\" class=\"lazy\"\/><\/p>\n<p data-gtm-element-container=\"modulo-texto-link\" class=\"paragraph\">El Hostal Parada, en Panadella; El Grevol Vimbodi, en Tarragona; el Gravat, en Vic; el Asador Avenida, en Bolta\u00f1a, e incluso uno de los locales de la cadena Udon participan en la exposici\u00f3n a trav\u00e9s de sus tapetes desechables, en los que el ilustrador ha inmortalizado distintas escenas con mucho arte. Los dibujos han sido apodados con el nombre de los mismos establecimientos, porque poner t\u00edtulo a un mantel de papel \u201cme parec\u00eda presuntuoso\u201d, opina el artista.<\/p>\n<p>                <img loading=\"lazy\" decoding=\"async\" data-full-src=\"https:\/\/www.lavanguardia.com\/uploads\/2025\/11\/27\/69287b019e796.jpeg\" alt=\"Pedro Ba\u00f1o y Paco Ben\u00edtez, al frente de la Fonda Pepa, conversan con Sebasti\u00e0 Mart\u00ed en una de las mesas del restaurante\" width=\"449\" height=\"299\" src=\"https:\/\/www.europesays.com\/es\/wp-content\/uploads\/2025\/11\/69287b019e796.jpeg\" class=\"lazy\"\/><\/p>\n<p class=\"caption-title \">Pedro Ba\u00f1o y Paco Ben\u00edtez, al frente de la Fonda Pepa, conversan con Sebasti\u00e0 Mart\u00ed en una de las mesas del restaurante<\/p>\n<p>                    Joan Mateu Parra \/ Shooting<\/p>\n<p data-gtm-element-container=\"modulo-texto-link\" class=\"paragraph\">La idea es seguir ampliando la colecci\u00f3n para, quiz\u00e1s, organizar exposiciones en otros restaurantes en un futuro. As\u00ed que, estimados lectores y lectoras, mantengan la compostura cuando decidan ir a comer fuera. Solo por si Mart\u00ed se encuentra en la mesa de al lado y los est\u00e1 retratando\u2026<\/p>\n","protected":false},"excerpt":{"rendered":"Sebasti\u00e0 Mart\u00ed (Barcelona, 1971) no sale a la calle sin sus bol\u00edgrafos negros, blancos y rojos. Si lo&hellip;\n","protected":false},"author":2,"featured_media":260304,"comment_status":"","ping_status":"","sticky":false,"template":"","format":"standard","meta":{"footnotes":""},"categories":[173],"tags":[229,233,231,230,232,234,146,147,25,24,23],"class_list":{"0":"post-260303","1":"post","2":"type-post","3":"status-publish","4":"format-standard","5":"has-post-thumbnail","7":"category-arte-y-diseno","8":"tag-arte","9":"tag-arte-y-diseno","10":"tag-arts","11":"tag-arts-and-design","12":"tag-design","13":"tag-diseno","14":"tag-entertainment","15":"tag-entretenimiento","16":"tag-es","17":"tag-espana","18":"tag-spain"},"share_on_mastodon":{"url":"https:\/\/pubeurope.com\/@es\/115627403081048538","error":""},"_links":{"self":[{"href":"https:\/\/www.europesays.com\/es\/wp-json\/wp\/v2\/posts\/260303","targetHints":{"allow":["GET"]}}],"collection":[{"href":"https:\/\/www.europesays.com\/es\/wp-json\/wp\/v2\/posts"}],"about":[{"href":"https:\/\/www.europesays.com\/es\/wp-json\/wp\/v2\/types\/post"}],"author":[{"embeddable":true,"href":"https:\/\/www.europesays.com\/es\/wp-json\/wp\/v2\/users\/2"}],"replies":[{"embeddable":true,"href":"https:\/\/www.europesays.com\/es\/wp-json\/wp\/v2\/comments?post=260303"}],"version-history":[{"count":0,"href":"https:\/\/www.europesays.com\/es\/wp-json\/wp\/v2\/posts\/260303\/revisions"}],"wp:featuredmedia":[{"embeddable":true,"href":"https:\/\/www.europesays.com\/es\/wp-json\/wp\/v2\/media\/260304"}],"wp:attachment":[{"href":"https:\/\/www.europesays.com\/es\/wp-json\/wp\/v2\/media?parent=260303"}],"wp:term":[{"taxonomy":"category","embeddable":true,"href":"https:\/\/www.europesays.com\/es\/wp-json\/wp\/v2\/categories?post=260303"},{"taxonomy":"post_tag","embeddable":true,"href":"https:\/\/www.europesays.com\/es\/wp-json\/wp\/v2\/tags?post=260303"}],"curies":[{"name":"wp","href":"https:\/\/api.w.org\/{rel}","templated":true}]}}