{"id":260305,"date":"2025-11-28T12:49:18","date_gmt":"2025-11-28T12:49:18","guid":{"rendered":"https:\/\/www.europesays.com\/es\/260305\/"},"modified":"2025-11-28T12:49:18","modified_gmt":"2025-11-28T12:49:18","slug":"las-inesperadas-palabras-de-broncano-a-feijoo-en-la-revuelta-nunca-pense-que-ibamos-a-decir-esto-en-este-el-televisero","status":"publish","type":"post","link":"https:\/\/www.europesays.com\/es\/260305\/","title":{"rendered":"Las inesperadas palabras de Broncano a Feij\u00f3o en &#039;La Revuelta&#039;: &quot;Nunca pens\u00e9 que \u00edbamos a decir esto en este &#8211; El Televisero"},"content":{"rendered":"<ol>\n<li><a href=\"https:\/\/news.google.com\/rss\/articles\/CBMi8wFBVV95cUxPVEJoeTlicnE3LXVLMWplWjlvM2JMZVZvUjBOa0k5aTJhLWxYcUJ2ajJqZWxBenVvLUdvS29ON3FoWHJ5OGVHa1dnSU5hb1B2YlNPSThsdWNMSm56ZEpWRE9BVnNhZnRrencwdjl0M1VxT0daVXNhSXEwYTZmTTVZR0pLUlVoUXpZTlRfeEs4VjB1Uk1xZjQtUm5HcDE2Y1BlVzdOdzhtcGYwbnhwckl1TWhncG5HMmVJN3pCWkVNazZRSUhaSzRZNVhlVVFBMHR4ZzdpWXBwXzRDdU80U1BGNDFwWm5tUzV2MDFTRXZlUzZNRG_SAfsBQVVfeXFMUFBxNW1CRVVsQjN5M1JJbEo5SHktQWxubXdIS240OFpxbXRVWXdWelVIWmtFTnp0VDFTWUVpd1pvYll0cEg4bUh5M1lHdE42RjUzYnVzQWJpdXJDTGx3UVVPdUZSM1FuWW13eWxuVmk1bTU4eHlwZjB2aUF5T3BpeW9sT0hCei13Q3ZkN2cxcE9HYU5hWHZlTGJXakwxQVl6QklpNlRpcElYNnAtaUcxNmozUEFpVEFaaERnLW9KVVF3bkhROFZFTzhiWFdFUjAyNVEybGplUnM0ckdJUnZZY01fXzQyWWtnM0xreUpXNnZVUzhwTWVycWNWcU0?oc=5\" target=\"_blank\" rel=\"nofollow noopener\">Las inesperadas palabras de Broncano a Feij\u00f3o en &#8216;La Revuelta&#8217;: \u00abNunca pens\u00e9 que \u00edbamos a decir esto en este<\/a>&nbsp;&nbsp;El Televisero<\/li>\n<li><a href=\"https:\/\/news.google.com\/rss\/articles\/CBMiggJBVV95cUxPa0tvdE9XYmt4NW81T2lYTnNfcEpMNkNFakhqWXpRTUM3MS05UXZXNFVIb2FQTndNVzJpWS1WRkZIVlVhOWVSREQ5US1WMGNvTTlpSGN3ZVJETlNaaDNoUDNycGhjNWVDNkV5TFo4WFg3X1dxREMtMkplRmV4ekhzWkJpX3VMam5QZUJCWjB4dkNpdGVQSW83UFVaYzRYQjdIQldhallsTjBwYmdaV1ppZ1RpUXhuUzFfVHpYSkNpVUZmN0h2OE0xSk03MFFqRVVQQzZNWnR2WUNCQ3NoRzBYdmYzTzNXN093QUtzeEQ4cFliX0pBNDN6a0tMd1liZUFUZGfSAYICQVVfeXFMUElZcGRzUnJBWm95M0NwZHpjNHY5aG9lcVpURTA2S0hoTWEzV1FEZ0I4c3BtX1hBaWc0TU5rZ1c0eWpjbHQ1RUFaZnFXNEFaQ0doc0wtLWlFeEFzZG5QN0xMLTVEbWZ2QUNUaDAzZWJzRzByNmZjZWx1cnhEV2FkbzlQVEJBcXQ1N08yWE5POUVVNFZnNFVGOGFtZDZ4UlZHMDlpWmV6cG1zVkRkcjdZbWpLeDZQUUZHYkJZNzNIZERZLUgyNEp4blNGMkt4WkJpSGU4ZlhDQUtIMVN3eG1nZ3RGS0hOWW9GdVJueW1nWDY2d0c0UDRHZFJhSjBxOGU3Nm5n?oc=5\" target=\"_blank\" rel=\"nofollow noopener\">Cristina Gallego reacciona al lapsus de Feij\u00f3o en el Congreso: \u00abIgual no lo hab\u00e9is entendido si no ten\u00e9is el<\/a>&nbsp;&nbsp;LaSexta<\/li>\n<li><a href=\"https:\/\/news.google.com\/rss\/articles\/CBMigwJBVV95cUxQT1ZaVGc4Z202OWNWU3JOWkRMdnJXRks3MjM0YktXZURCaGY2UHRnYVh6RkxaVDFHUnpxV2NUcjJHVy1iWTJvQUZ4MkhzZGVzUGtid2Vubkk2ejljVEVEQnlFZWFDTEVHMHRIeG9aOHdwS2t0UzR0a2VFTmY3RlR2bnh2RERGaFFWZFpJdGtBZjBSTHJOZ3NCU1FTdmpHclNMYlRFNlVTQnZHMlZQdGxLb2ZRNEFRWkl5MzROVFJEZEwwNXJGa3Q2RkFvZlBQOXhLZEM2U2otcy00clhJSktnMTdIRy0wbjd3VTBoSC1qY19qVWJEc0ZVMzEwX3dZRHI4RTlR0gGDAkFVX3lxTE1fZUt3a2tzZFVSV1BLTjFFbnBJMGNhUTgtdThqX3ZsMG5RbTg3WHBQbDNIMjItaFloVXhVRXA5RkF2N1NxZG1HOWNicW03ZTJQNkhvV1ROTjVoYkk3ZjAzdGl3RUhVZkVsNGRnSTZobDg0czZkVHRGZHpZNTh3dWFzdXZKcFBzX3U1OFlablhoN0E2SnFWeWZLUS1zS2xjc2tMR0JtREswRkdjLUFlVG1DTF9JdDU3akViekhqME81MnBweVZibEE5cERxeTRfU0hiY18za1BTQVRISGRZRmpRbFQ3V0tKMHlTSTJOS0xsX2c1T2hCOU9fdDM3OTJOLTMzcjA?oc=5\" target=\"_blank\" rel=\"nofollow noopener\">Ana iris Sim\u00f3n, sobre el lapsus de Alberto N\u00fa\u00f1ez Feij\u00f3o en el Congreso: \u00abT\u00fa no has cumplido tu objetivo hoy\u00bb<\/a>&nbsp;&nbsp;Antena 3<\/li>\n<li><a href=\"https:\/\/news.google.com\/rss\/articles\/CBMiiAFBVV95cUxOOGdadVN6cVI1OXJJemwza09Tb1VCM0pFZGJ6LWY4cjBSYUdLemQ0MFhjRlpfaTVwX3c2SENsYWVVaTBLaFVodXBxWjY4eUdVRVVZYUNNakllWUNscDZwWVVRN216bUxwcGd4ZXFDRFlDNm1yakNTOXZoaEJXRjcyRVhrbjQ1UlRp?oc=5\" target=\"_blank\" rel=\"nofollow noopener\">\u00a1Anotop!: el nuevo grito de guerra de Feij\u00f3o<\/a>&nbsp;&nbsp;elDiario.es<\/li>\n<li><a href=\"https:\/\/news.google.com\/rss\/articles\/CBMiywFBVV95cUxQZkVqY0VfWVJXQ2lyYTBIcEFKSHB4dXZPczFxWkVBaXQ1TXc1bWJ5UWdSS0JRdThUVlk1RXBNdHpNX0dsYmdPbEY1dGdsSXRobnZvUmhkNms4dVBrQXpFOVE0aF9BTWdjSzluQVZyWVotdDVVOFNYaUpLak4zVnVWR1gyVTdkdk9NM3MtOEpyMmNWZk1FUDZqdmVYY2JZeHFLZHdsdG5pa3AtWENad1p4LUR4T2EwcXhpRzhrWENITXlZZWNXdHRxREY1MA?oc=5\" target=\"_blank\" rel=\"nofollow noopener\">S\u00e1nchez se revuelve ante los ataques de Feij\u00f3o: \u201cLa izquierda no pide permiso ni perd\u00f3n para gobernar\u201d<\/a>&nbsp;&nbsp;La Vanguardia<\/li>\n<\/ol>\n","protected":false},"excerpt":{"rendered":"Las inesperadas palabras de Broncano a Feij\u00f3o en &#8216;La Revuelta&#8217;: \u00abNunca pens\u00e9 que \u00edbamos a decir esto en&hellip;\n","protected":false},"author":2,"featured_media":248356,"comment_status":"","ping_status":"","sticky":false,"template":"","format":"standard","meta":{"footnotes":""},"categories":[171],"tags":[146,147,25,24,23,214],"class_list":{"0":"post-260305","1":"post","2":"type-post","3":"status-publish","4":"format-standard","5":"has-post-thumbnail","7":"category-tv","8":"tag-entertainment","9":"tag-entretenimiento","10":"tag-es","11":"tag-espana","12":"tag-spain","13":"tag-tv"},"share_on_mastodon":{"url":"https:\/\/pubeurope.com\/@es\/115627410466738160","error":""},"_links":{"self":[{"href":"https:\/\/www.europesays.com\/es\/wp-json\/wp\/v2\/posts\/260305","targetHints":{"allow":["GET"]}}],"collection":[{"href":"https:\/\/www.europesays.com\/es\/wp-json\/wp\/v2\/posts"}],"about":[{"href":"https:\/\/www.europesays.com\/es\/wp-json\/wp\/v2\/types\/post"}],"author":[{"embeddable":true,"href":"https:\/\/www.europesays.com\/es\/wp-json\/wp\/v2\/users\/2"}],"replies":[{"embeddable":true,"href":"https:\/\/www.europesays.com\/es\/wp-json\/wp\/v2\/comments?post=260305"}],"version-history":[{"count":0,"href":"https:\/\/www.europesays.com\/es\/wp-json\/wp\/v2\/posts\/260305\/revisions"}],"wp:featuredmedia":[{"embeddable":true,"href":"https:\/\/www.europesays.com\/es\/wp-json\/wp\/v2\/media\/248356"}],"wp:attachment":[{"href":"https:\/\/www.europesays.com\/es\/wp-json\/wp\/v2\/media?parent=260305"}],"wp:term":[{"taxonomy":"category","embeddable":true,"href":"https:\/\/www.europesays.com\/es\/wp-json\/wp\/v2\/categories?post=260305"},{"taxonomy":"post_tag","embeddable":true,"href":"https:\/\/www.europesays.com\/es\/wp-json\/wp\/v2\/tags?post=260305"}],"curies":[{"name":"wp","href":"https:\/\/api.w.org\/{rel}","templated":true}]}}