{"id":260308,"date":"2025-11-28T12:51:23","date_gmt":"2025-11-28T12:51:23","guid":{"rendered":"https:\/\/www.europesays.com\/es\/260308\/"},"modified":"2025-11-28T12:51:23","modified_gmt":"2025-11-28T12:51:23","slug":"el-enigmatico-mensaje-de-robert-downey-jr-que-podria-cambiar-para-siempre-el-futuro-de-marvel-doctor-doom-o-iron-man","status":"publish","type":"post","link":"https:\/\/www.europesays.com\/es\/260308\/","title":{"rendered":"El enigm\u00e1tico mensaje de Robert Downey Jr. que podr\u00eda cambiar para siempre el futuro de Marvel: \u00bfDoctor Doom o Iron Man?"},"content":{"rendered":"<p class=\"\">En verano de 2024, <a href=\"https:\/\/as.com\/meristation\/reportajes\/las-10-mejores-peliculas-robert-downey-jr-ordenadas-de-peor-a-mejor-segun-imdb-r\/\" target=\"_blank\" rel=\"nofollow noopener\" title=\"https:\/\/as.com\/meristation\/reportajes\/las-10-mejores-peliculas-robert-downey-jr-ordenadas-de-peor-a-mejor-segun-imdb-r\/\"><b>Robert Downey Jr.<\/b><\/a> provoc\u00f3 un enorme revuelo medi\u00e1tico cuando se supo que <a href=\"https:\/\/as.com\/meristation\/cine\/robert-downey-jr-y-su-historico-regreso-como-doctor-doom-el-villano-mas-emblematico-de-marvel-busca-salvar-al-ucm-n\/\" target=\"_blank\" rel=\"nofollow noopener\" title=\"https:\/\/as.com\/meristation\/cine\/robert-downey-jr-y-su-historico-regreso-como-doctor-doom-el-villano-mas-emblematico-de-marvel-busca-salvar-al-ucm-n\/\">regresar\u00eda<\/a> al <a href=\"https:\/\/as.com\/meristation\/cine\/orden-de-peliculas-y-series-de-marvel-como-ver-el-ucm-correctamente-por-orden-cronologico-y-por-fecha-de-estreno-n\/\" target=\"_blank\" rel=\"nofollow noopener\" title=\"https:\/\/as.com\/meristation\/cine\/orden-de-peliculas-y-series-de-marvel-como-ver-el-ucm-correctamente-por-orden-cronologico-y-por-fecha-de-estreno-n\/\"><b>Universo Cinematogr\u00e1fico Marvel<\/b><\/a> no como <b>Iron Man<\/b>, sino como el malvado <a href=\"https:\/\/as.com\/meristation\/cine\/primera-imagen-oficial-del-doctor-doom-de-robert-downey-jr-en-vengadores-doomsday-n\/\" target=\"_blank\" rel=\"nofollow noopener\" title=\"https:\/\/as.com\/meristation\/cine\/primera-imagen-oficial-del-doctor-doom-de-robert-downey-jr-en-vengadores-doomsday-n\/\"><b>Doctor Doom<\/b><\/a>. Hoy, el popular actor ha subido <b>una publicaci\u00f3n misteriosa<\/b> a su cuenta de Instagram, donde pasado y futuro se enfrentan directamente. Los innumerables fans de <b>Marvel<\/b> no paran de analizar su posible significado, y una teor\u00eda muy extendida es que <b>el actor tambi\u00e9n regresar\u00eda como Iron Man<\/b>&#8230; o una de sus variantes en <b>\u2018Avengers: Doomsday\u2019<\/b>.<\/p>\n<p>La imagen que reaviva las teor\u00edas sobre el doble papel de Robert Downey Jr. en \u2018Avengers: Doomsday\u2019<\/p>\n<p class=\"\">El pasado 27 de noviembre, Robert Downey Jr. subi\u00f3 <b>un post muy enigm\u00e1tico<\/b> a su cuenta de Instagram. Sin texto alguno, <b>esta fotograf\u00eda muestra al Doctor Doom y a Iron Man<\/b>, <b>cada uno de ellos sujetando uno de los extremos de un <\/b><b>wishbone<\/b><b> o hueso de la suerte<\/b>, una <b>tradici\u00f3n del D\u00eda de Acci\u00f3n de Gracias donde dos personas sujetan uno de estos huesos del pavo<\/b>, y, <b>tras partirlo<\/b>, <b>quien se quede con el extremo m\u00e1s largo ver\u00e1 sus deseos cumplidos<\/b>.<\/p>\n<p class=\"\"><b>Para muchos fans<\/b>, <b>esta instant\u00e1nea es mucho m\u00e1s que un mero homenaje a esta festividad<\/b> tan arraigada en la cultura estadounidense, y podr\u00eda tener muchas lecturas e interpretaciones alternativas. Hay quien interpreta que <b>el actor no quiere dejar atr\u00e1s a Iron Man<\/b>, poni\u00e9ndolo en \u201cigualdad de condiciones\u201d con respecto al Doctor Doom. Que un personaje ya fallecido en el UCM pueda ver sus \u201cdeseos cumplidos\u201d <b>podr\u00eda implicar que Tony Stark no est\u00e1 tan muerto como creemos<\/b>, <b>o que lo veamos en \u2018Avengers: Doomsday\u2019 mediante alguna artima\u00f1a como un viaje en el tiempo<\/b>, <b>o una de sus variantes del multiverso<\/b>.<\/p>\n<p class=\"\">Precisamente <b>que Doom tenga el mismo aspecto de Tony Stark es uno de los elementos m\u00e1s comentados entre los fans<\/b>, especialmente con respecto a c\u00f3mo podr\u00edan \u201ccuadrar\u201d esta \u201ccoincidencia extremadamente inusual\u201d dentro de las futuras tramas. <b>Otra posible interpretaci\u00f3n de esta imagen es<\/b>, <b>precisamente<\/b>, <b>que el Doctor Doom sea directamente una variante de Tony Stark de otra l\u00ednea temporal<\/b>. Sea como fuere, parece que queda claro que este tipo de miguitas que Robert Downey Jr. va dejando con respecto a la verdadera identidad o prop\u00f3sito de Doom no son, ni mucho menos, meras \u201cpublicaciones inocentes\u201d.<\/p>\n<p><img decoding=\"async\" src=\"https:\/\/www.europesays.com\/es\/wp-content\/uploads\/2025\/11\/HSC3ZWPENVEIFLKELKWNPKA37Q.jpg\" alt=\"El enigm\u00e1tico mensaje de Robert Downey Jr. que podr\u00eda cambiar para siempre el futuro de Marvel: \u00bfDoctor Doom o Iron Man?\" height=\"675\" width=\"1200\"   loading=\"lazy\"\/>Robert Downey Jr. interpretar\u00e1 al malvado Doctor Doom en el Universo Cinematogr\u00e1fico Marvel<\/p>\n<p class=\"\">En definitiva, mediante este post para celebrar Thanksgiving \u2014que tuvo lugar el pasado jueves 27 de noviembre de 2025\u2014, <b>Robert Downey Jr. ha vuelto a provocar un terremoto entre la comunidad fan de Marvel<\/b>. Los seguidores de estas historias tan absorbentes no dejan de elaborar distintas teor\u00edas y desmenuzar cada detalle, por nimio que sea. Aunque muchos est\u00e1n convencidos de que han resuelto el enigma, la realidad es que <b>no estaremos seguros hasta que \u2018Avengers: Doomsday\u2019 se estrene<\/b>, un evento que tendr\u00e1 lugar el pr\u00f3ximo <b>18 de diciembre de 2026<\/b>.<\/p>\n<p>Noticias relacionadas<\/p>\n<p class=\"\">Suscr\u00edbete al <a href=\"https:\/\/www.youtube.com\/@meristation\" target=\"_blank\" rel=\"nofollow noopener\" title=\"https:\/\/www.youtube.com\/@meristation\">canal de MeriStation en YouTube<\/a>: somos tu web de videojuegos y entretenimiento, donde podr\u00e1s conocer todas las noticias y novedades sobre el mundo del videojuego, cine, series, manga y anime. An\u00e1lisis, entrevistas, tr\u00e1ileres, gameplays, p\u00f3dcast y mucho m\u00e1s. Tambi\u00e9n te animamos a seguir <a href=\"https:\/\/www.tiktok.com\/@meristation\" target=\"_blank\" rel=\"nofollow noopener\" title=\"https:\/\/www.tiktok.com\/@meristation\">nuestra cuenta de TikTok<\/a>. <\/p>\n<p class=\"\">\u00a1S\u00edguenos en ambas plataformas y, si est\u00e1s interesado en licenciar este contenido, pincha <a href=\"https:\/\/profesional.elpais.com\/soluciones-sindicacion?utm_medium=interno&amp;utm_source=crosslinking&amp;utm_campaign=sindicacion_as_pie_articulos\" target=\"_blank\" rel=\"nofollow noopener\" title=\"https:\/\/profesional.elpais.com\/soluciones-sindicacion?utm_medium=interno&amp;utm_source=crosslinking&amp;utm_campaign=sindicacion_as_pie_articulos\">aqu\u00ed<\/a>!<\/p>\n<p><script async src=\"\/\/www.tiktok.com\/embed.js\"><\/script><\/p>\n","protected":false},"excerpt":{"rendered":"En verano de 2024, Robert Downey Jr. provoc\u00f3 un enorme revuelo medi\u00e1tico cuando se supo que regresar\u00eda al&hellip;\n","protected":false},"author":2,"featured_media":260309,"comment_status":"","ping_status":"","sticky":false,"template":"","format":"standard","meta":{"footnotes":""},"categories":[169],"tags":[177,146,147,25,24,176,175,23],"class_list":{"0":"post-260308","1":"post","2":"type-post","3":"status-publish","4":"format-standard","5":"has-post-thumbnail","7":"category-cine","8":"tag-cine","9":"tag-entertainment","10":"tag-entretenimiento","11":"tag-es","12":"tag-espana","13":"tag-film","14":"tag-movies","15":"tag-spain"},"share_on_mastodon":{"url":"https:\/\/pubeurope.com\/@es\/115627419031381425","error":""},"_links":{"self":[{"href":"https:\/\/www.europesays.com\/es\/wp-json\/wp\/v2\/posts\/260308","targetHints":{"allow":["GET"]}}],"collection":[{"href":"https:\/\/www.europesays.com\/es\/wp-json\/wp\/v2\/posts"}],"about":[{"href":"https:\/\/www.europesays.com\/es\/wp-json\/wp\/v2\/types\/post"}],"author":[{"embeddable":true,"href":"https:\/\/www.europesays.com\/es\/wp-json\/wp\/v2\/users\/2"}],"replies":[{"embeddable":true,"href":"https:\/\/www.europesays.com\/es\/wp-json\/wp\/v2\/comments?post=260308"}],"version-history":[{"count":0,"href":"https:\/\/www.europesays.com\/es\/wp-json\/wp\/v2\/posts\/260308\/revisions"}],"wp:featuredmedia":[{"embeddable":true,"href":"https:\/\/www.europesays.com\/es\/wp-json\/wp\/v2\/media\/260309"}],"wp:attachment":[{"href":"https:\/\/www.europesays.com\/es\/wp-json\/wp\/v2\/media?parent=260308"}],"wp:term":[{"taxonomy":"category","embeddable":true,"href":"https:\/\/www.europesays.com\/es\/wp-json\/wp\/v2\/categories?post=260308"},{"taxonomy":"post_tag","embeddable":true,"href":"https:\/\/www.europesays.com\/es\/wp-json\/wp\/v2\/tags?post=260308"}],"curies":[{"name":"wp","href":"https:\/\/api.w.org\/{rel}","templated":true}]}}