{"id":260311,"date":"2025-11-28T12:53:15","date_gmt":"2025-11-28T12:53:15","guid":{"rendered":"https:\/\/www.europesays.com\/es\/260311\/"},"modified":"2025-11-28T12:53:15","modified_gmt":"2025-11-28T12:53:15","slug":"alcobendas-sanse-y-colmenar-viejo-realizaran-pruebas-rapidas-de-vih-por-su-dia-internacional-sociedad","status":"publish","type":"post","link":"https:\/\/www.europesays.com\/es\/260311\/","title":{"rendered":"Alcobendas, Sanse y Colmenar Viejo realizar\u00e1n pruebas r\u00e1pidas de VIH por su d\u00eda internacional | Sociedad"},"content":{"rendered":"<p class=\"loc\">Comunidad de Madrid<\/p>\n<p>Alcobendas, San Sebasti\u00e1n de los Reyes y Colmenar Viejo se ponen en marcha contra el VIH por su d\u00eda internacional. A partir del viernes 28 de noviembre, estas localidades de la zona norte de Madrid ofrecer\u00e1n informaci\u00f3n y diferentes actividades destinadas a concienciar sobre esta enfermedad y su prevenci\u00f3n, adem\u00e1s de pruebas r\u00e1pidas de detecci\u00f3n. <\/p>\n<p>Inf\u00f3rmate sobre c\u00f3mo prevenir el VIH<\/p>\n<p>Desde las 18:00h hasta las 21:00h de hoy viernes, Alcobendas ofrecer\u00e1 una mesa informativa en la Ciudad Deportiva de Valdelasfuentes, en la cual se podr\u00e1 encontrar informaci\u00f3n b\u00e1sica sobre esta enfermedad. Adem\u00e1s, se repartir\u00e1 folletos y preservativos como forma de protecci\u00f3n contra el VIH, causante del S\u00edndrome de Inmunodeficiencia Adquirida o SIDA. Con ello se pretende concienciar a la poblaci\u00f3n sobre la importancia de un diagn\u00f3stico temprano, clave para iniciar un tratamiento efectivo que mejore la calidad de vida de las personas afectadas, ya que se trata de una enfermedad que a\u00fan no tiene cura definitiva. <\/p>\n<p>En San Sebasti\u00e1n de los Reyes, bajo el eslogan \u2018Cuidarnos juntos\u2019, del 1 al 5 de diciembre desarrollar\u00e1 una serie de actividades no s\u00f3lo destinadas a concienciar sobre la detecci\u00f3n temprana, sino tambi\u00e9n para contribuir a la reducci\u00f3n del estigma asociado a esta afecci\u00f3n. Durante ese per\u00edodo, entre las 9:00h y las 13:30h, se realizar\u00e1n pruebas r\u00e1pidas de VIH en el Centro de Tratamiento de Adicciones, ofreciendo tambi\u00e9n informaci\u00f3n sobre el proceso de la prueba y su importancia para la detecci\u00f3n precoz. Adem\u00e1s, de 12:00h a 13:30h., se realizar\u00e1 una actividad de sensibilizaci\u00f3n para las personas usuarias del propio centro; y el 2 de diciembre a las 12:00h, el sal\u00f3n de actos del mismo centro acoger\u00e1 un taller de prevenci\u00f3n y desestigmatizaci\u00f3n, ofreciendo a los asistentes un espacio abierto para resolver dudas, compartir conocimientos y abordar ideas err\u00f3neas que suelen rodear al virus. <\/p>\n<p>Un taller de salud sexual con perspectiva de g\u00e9nero<\/p>\n<p>Por \u00faltimo, el viernes 5 de diciembre, a las 12:00h, la programaci\u00f3n de San Sebasti\u00e1n de los Reyes cerrar\u00e1 con un taller de salud sexual para mujeres en el Espacio de Igualdad Almudena Grandes. En esta sesi\u00f3n se tratar\u00e1n temas como la prevenci\u00f3n, el autocuidado y la salud sexual desde una perspectiva de g\u00e9nero.<\/p>\n<p>En cuanto a Colmenar Viejo, el propio 1 de diciembre, a parte de las pruebas, el Centro de Salud Sur ofrecer\u00e1 desde las 12:00h una mesa informativa con documentaci\u00f3n y material. Asimismo, a partir de las 18:30h, se impartir\u00e1 un seminario sobre la enfermedad y su prevenci\u00f3n. <\/p>\n","protected":false},"excerpt":{"rendered":"Comunidad de Madrid Alcobendas, San Sebasti\u00e1n de los Reyes y Colmenar Viejo se ponen en marcha contra el&hellip;\n","protected":false},"author":2,"featured_media":260312,"comment_status":"","ping_status":"","sticky":false,"template":"","format":"standard","meta":{"footnotes":""},"categories":[92],"tags":[25,24,165,166,30402,23],"class_list":{"0":"post-260311","1":"post","2":"type-post","3":"status-publish","4":"format-standard","5":"has-post-thumbnail","7":"category-salud","8":"tag-es","9":"tag-espana","10":"tag-health","11":"tag-salud","12":"tag-sida","13":"tag-spain"},"share_on_mastodon":{"url":"https:\/\/pubeurope.com\/@es\/115627426129679680","error":""},"_links":{"self":[{"href":"https:\/\/www.europesays.com\/es\/wp-json\/wp\/v2\/posts\/260311","targetHints":{"allow":["GET"]}}],"collection":[{"href":"https:\/\/www.europesays.com\/es\/wp-json\/wp\/v2\/posts"}],"about":[{"href":"https:\/\/www.europesays.com\/es\/wp-json\/wp\/v2\/types\/post"}],"author":[{"embeddable":true,"href":"https:\/\/www.europesays.com\/es\/wp-json\/wp\/v2\/users\/2"}],"replies":[{"embeddable":true,"href":"https:\/\/www.europesays.com\/es\/wp-json\/wp\/v2\/comments?post=260311"}],"version-history":[{"count":0,"href":"https:\/\/www.europesays.com\/es\/wp-json\/wp\/v2\/posts\/260311\/revisions"}],"wp:featuredmedia":[{"embeddable":true,"href":"https:\/\/www.europesays.com\/es\/wp-json\/wp\/v2\/media\/260312"}],"wp:attachment":[{"href":"https:\/\/www.europesays.com\/es\/wp-json\/wp\/v2\/media?parent=260311"}],"wp:term":[{"taxonomy":"category","embeddable":true,"href":"https:\/\/www.europesays.com\/es\/wp-json\/wp\/v2\/categories?post=260311"},{"taxonomy":"post_tag","embeddable":true,"href":"https:\/\/www.europesays.com\/es\/wp-json\/wp\/v2\/tags?post=260311"}],"curies":[{"name":"wp","href":"https:\/\/api.w.org\/{rel}","templated":true}]}}