{"id":260315,"date":"2025-11-28T12:55:27","date_gmt":"2025-11-28T12:55:27","guid":{"rendered":"https:\/\/www.europesays.com\/es\/260315\/"},"modified":"2025-11-28T12:55:27","modified_gmt":"2025-11-28T12:55:27","slug":"poco-f8-ultra-vs-poco-f8-pro-diferencias-precios-y-cual-comprar-smartphones-smartlife","status":"publish","type":"post","link":"https:\/\/www.europesays.com\/es\/260315\/","title":{"rendered":"POCO F8 Ultra vs POCO F8 Pro: diferencias, precios y cu\u00e1l comprar | Smartphones | Smartlife"},"content":{"rendered":"<p class=\"\">La llegada de los nuevos <b>POCO F8 Pro <\/b>y<b> POCO F8 Ultra<\/b> marca un nuevo paso adelante para la marca. <a href=\"https:\/\/cincodias.elpais.com\/smartlife\/smartphones\/2025-11-26\/los-poco-f8-pro-y-poco-f8-ultra-ya-son-oficiales-con-sonido-bose-y-potencia-a-raudales.html\" target=\"_self\" rel=\"nofollow noopener\" title=\"https:\/\/cincodias.elpais.com\/smartlife\/smartphones\/2025-11-26\/los-poco-f8-pro-y-poco-f8-ultra-ya-son-oficiales-con-sonido-bose-y-potencia-a-raudales.html\">Ambos modelos<\/a> ya est\u00e1n disponibles en el mercado global y son opciones que comparten buena parte del ADN de la marca, pero con matices en dise\u00f1o, rendimiento y experiencia multimedia diferentes y que, por lo tanto, pueden hacer dudar <b>cu\u00e1l elegir<\/b>.<\/p>\n<p class=\"\">El objetivo de esta comparativa es, precisamente, <b>ayudarte<\/b> a decidir qu\u00e9 modelo de la gama POCO F8 encaja mejor contigo: el equilibrado F8 Pro o el m\u00e1s ambicioso F8 Ultra.<\/p>\n<p>Dise\u00f1o, pantalla y experiencia multimedia<\/p>\n<p class=\"\">Aunque visualmente comparten la identidad propia de la gama, con l\u00edneas modernas y un m\u00f3dulo de c\u00e1mara de gran tama\u00f1o, hay <b>diferencias notables<\/b> en tama\u00f1o y experiencia visual.<\/p>\n<p><img alt=\"Colores del nuevo tel\u00e9fono POCO F8 Ultra\" decoding=\"auto\" class=\"_re lazyload a_m-h\" height=\"376\"  width=\"414\"  src=\"https:\/\/www.europesays.com\/es\/wp-content\/uploads\/2025\/11\/5ZC5TZVD6ZCLPBGABWEUWMAHWU.jpg\" loading=\"lazy\"\/>Colores del nuevo tel\u00e9fono POCO F8 UltraPOCO <\/p>\n<p class=\"\">El <b>POCO F8 Pro<\/b> apuesta por una <b>pantalla OLED de 6,59 pulgadas<\/b> con resoluci\u00f3n 1.5K, tasa de refresco de 120\u202fHz y un brillo m\u00e1ximo de 3.500 nits. Es una elecci\u00f3n ideal para quienes prefieren un tel\u00e9fono m\u00e1s compacto, f\u00e1cil de manejar con una sola mano y con un panel que mantiene gran fluidez para juegos, v\u00eddeos y redes sociales.<\/p>\n<p class=\"\">Por su parte, el <b>POCO F8 Ultra<\/b> eleva la apuesta con un <b>panel OLED de 6,9 pulgadas<\/b>, tambi\u00e9n con resoluci\u00f3n 1.5K, frecuencia de 120\u202fHz -e id\u00e9ntico nivel de brillo m\u00e1ximo-. Este modelo ofrece un formato m\u00e1s grande pensado para quienes disfrutan consumiendo contenido en el m\u00f3vil: pel\u00edculas, series o incluso trabajo en multitarea. Su pantalla convierte el uso diario en una experiencia mucho m\u00e1s inmersiva, especialmente para ver v\u00eddeos y jugar.<\/p>\n<p class=\"\">En el apartado del sonido, ambos modelos cuentan con la <b>colaboraci\u00f3n de Bose<\/b>, que firma el ajuste de su sistema est\u00e9reo. Sin embargo, el <b>F8 Ultra a\u00f1ade<\/b> un componente que apenas se ve en m\u00f3viles: un <b>subwoofer trasero<\/b> dedicado que mejora la profundidad de los graves. Esto proporciona un sonido m\u00e1s c\u00e1lido y envolvente, con una sensaci\u00f3n de espacio muy superior al de la mayor\u00eda de los terminales de su rango.<\/p>\n<p><img alt=\"Gama de colores del nuevo tel\u00e9fono POCO F8 Pro\" decoding=\"auto\" class=\"_re lazyload a_m-h\" height=\"376\"  width=\"414\"  src=\"https:\/\/www.europesays.com\/es\/wp-content\/uploads\/2025\/11\/E7AQKZLSDRGN3HE6EB3E676RQQ.jpg\" loading=\"lazy\"\/>Gama de colores del nuevo tel\u00e9fono POCO F8 ProPOCO C\u00e1maras y calidad en fotograf\u00eda<\/p>\n<p class=\"\">La c\u00e1mara principal es otra de las <b>grandes diferencias<\/b> que separa a los dos modelos de la gama POCO F8 recientemente anunciados. Ambos ofrecen configuraciones muy completas, aunque el Ultra da un paso adelante en cada sensor.<\/p>\n<p class=\"\">El <b>POCO F8 Pro<\/b> incorpora un triple sensor en c\u00e1mara trasera formada por un sensor principal <b>Light Fusion de 50 megap\u00edxeles<\/b> con estabilizaci\u00f3n \u00f3ptica y tama\u00f1o de 1\/1,55 pulgadas, un teleobjetivo de 50 megap\u00edxeles con zoom \u00f3ptico de 2.5X y un ultra gran angular de 8 megap\u00edxeles. Su c\u00e1mara frontal alcanza los 20 megap\u00edxeles. Este conjunto ofrece una versatilidad destacada para captar retratos, paisajes y escenas cotidianas con buena nitidez y color.<\/p>\n<p class=\"\">El <b>POCO F8 Ultra<\/b> sube el list\u00f3n con <b>tres lentes de 50 megap\u00edxeles cada una<\/b>: una principal Light Fusion 950 con sensor de 1\/1,31 pulgadas y estabilizaci\u00f3n \u00f3ptica, un teleobjetivo tipo periscopio con zoom \u00f3ptico de 5X y una lente ultra gran angular tambi\u00e9n de la misma resoluci\u00f3n. Adem\u00e1s, la c\u00e1mara frontal pasa a 32 megap\u00edxeles, mejorando los selfies y las videollamadas. En la pr\u00e1ctica, el F8 Ultra no solo ofrece im\u00e1genes m\u00e1s detalladas y con mejor rango din\u00e1mico, sino que <b>ampl\u00eda las posibilidades creativas<\/b> gracias a su mayor zoom y a un sensor principal m\u00e1s grande -pensado para sacar partido incluso en condiciones de poca luz-.<\/p>\n<p><img alt=\"Trasera del nuevo tel\u00e9fono con Android POCO F8 Ultra\" decoding=\"auto\" class=\"_re lazyload a_m-h\" height=\"277\"  width=\"414\"  src=\"https:\/\/www.europesays.com\/es\/wp-content\/uploads\/2025\/11\/FTX4IVJ3IZBDTMEEZ4VKOOG7SI.jpg\" loading=\"lazy\"\/>Trasera del nuevo tel\u00e9fono con Android POCO F8 UltraPOCO <\/p>\n<p class=\"\">Aqu\u00ed las cosas est\u00e1n <b>claras<\/b>: si la fotograf\u00eda o la creaci\u00f3n de contenido forman parte de tus prioridades, el POCO F8 Ultra marca claramente la diferencia, pero sin olvidar que el pro es m\u00e1s que solvente en este apartado.<\/p>\n<p>Bater\u00eda y carga en los nuevos POCO F8<\/p>\n<p class=\"\">Ambos modelos del POCO ofrecen bater\u00edas de alto amperaje y sistemas de carga muy r\u00e1pida. El <b>F8 Pro<\/b> est\u00e1 equipado con una bater\u00eda de <b>6.210\u202fmAh<\/b> y carga r\u00e1pida por cable de <b>100\u202fW<\/b>, capaz de recuperar el tel\u00e9fono en pocos minutos.<\/p>\n<p class=\"\">El <b>POCO F8 Ultra<\/b>, por su parte, aumenta ligeramente la capacidad hasta los <b>6.500\u202fmAh<\/b> y mantiene la carga por cable de 100\u202fW, a\u00f1adiendo adem\u00e1s <b>carga inal\u00e1mbrica de 50\u202fW<\/b>. Este detalle puede resultar clave para usuarios que buscan comodidad en el d\u00eda a d\u00eda o que utilizan bases de carga en el escritorio. En ambos casos, la autonom\u00eda es elevada: un d\u00eda completo de uso intensivo sin problemas, e incluso algo m\u00e1s con un uso moderado.<\/p>\n<p class=\"\">La diferencia pr\u00e1ctica la marca la carga inal\u00e1mbrica del Ultra, que a\u00f1ade flexibilidad y comodidad sin comprometer la velocidad. Sin duda, <b>ambos modelos se comportan muy bien<\/b> en lo que tiene que ver con la autonom\u00eda.<\/p>\n<p>Rendimiento para el d\u00eda a d\u00eda<\/p>\n<p class=\"\">El rendimiento en los dos POCO F8 roza el nivel de los modelos de gama alta m\u00e1s potentes. Ambos incorporan <b>procesadores de la gama Snapdragon 8<\/b>, pero con ligeras diferencias. El F8 Pro integra el Snapdragon 8 Elite, mientras que el Ultra estrena el nuevo Snapdragon 8 Elite Gen 5, con mejoras sustanciales en el rendimiento gr\u00e1fico y en la eficiencia energ\u00e9tica.<\/p>\n<p><img alt=\"Nuevo tel\u00e9fono con sistema operativo Android POCO F8 Pro\" decoding=\"auto\" class=\"_re lazyload a_m-h\" height=\"264\"  width=\"414\"  src=\"https:\/\/www.europesays.com\/es\/wp-content\/uploads\/2025\/11\/MKVLDRHCXFCWDFWCT47BW2BINE.jpg\" loading=\"lazy\"\/>Nuevo tel\u00e9fono con sistema operativo Android POCO F8 ProPOCO <\/p>\n<p class=\"\">Esto se traduce en una <b>mayor capacidad de procesamiento en el POCO F8 Ultra<\/b>, especialmente en juegos exigentes, edici\u00f3n de v\u00eddeo o tareas que requieren potencia sostenida. Tambi\u00e9n garantiza un ciclo de vida m\u00e1s largo antes de que su hardware quede desfasado, pero sin arrasar al modelo Pro.<\/p>\n<p class=\"\">En la pr\u00e1ctica, <b>ambos tel\u00e9fonos ofrecer\u00e1n un rendimiento sobresaliente<\/b>, con una gesti\u00f3n fluida de multitarea y una experiencia r\u00e1pida en el d\u00eda a d\u00eda, pero los m\u00e1s exigentes con el gaming o el trabajo m\u00f3vil notar\u00e1n la diferencia adicional del Ultra.<\/p>\n<p>Cu\u00e1l de ellos elegir<\/p>\n<p class=\"\">Dejando de lado el precio, que es algo personal de cada usuario, ambos modelos comparten la esencia que ha hecho de POCO una marca referente dentro de la gama alta asequible. El <b>F8 Pro representa la versi\u00f3n m\u00e1s equilibrada<\/b> y pr\u00e1ctica de esa filosof\u00eda: un tel\u00e9fono r\u00e1pido, con buena pantalla, gran bater\u00eda y un conjunto fotogr\u00e1fico vers\u00e1til. Es ideal para quienes buscan potencia y calidad sin complicaciones.<\/p>\n<p class=\"\">El <b>POCO F8 Ultra<\/b>, en cambio, encarna una <b>visi\u00f3n m\u00e1s ambiciosa<\/b>: una pantalla mayor para aprovechar cada detalle, una c\u00e1mara con enfoque profesional, audio firmado por Bose con subwoofer dedicado y un chip m\u00e1s potente pensado para el futuro. Todo ello hace que se acerque al concepto de flagship killer en estado puro.<\/p>\n<p class=\"\">En \u00faltima instancia, la elecci\u00f3n entre ambos terminales <b>depende del tipo de usuario<\/b>. El primero ofrece una experiencia m\u00e1s cinematogr\u00e1fica y profesional; el segundo, una relaci\u00f3n calidad\/precio dif\u00edcil de superar en su rango. Pero cualquiera de los dos confirma que esta gama de m\u00f3viles llega dispuesta a consolidarse como una de las opciones m\u00e1s atractivas del panorama Android actual.<\/p>\n","protected":false},"excerpt":{"rendered":"La llegada de los nuevos POCO F8 Pro y POCO F8 Ultra marca un nuevo paso adelante para&hellip;\n","protected":false},"author":2,"featured_media":260316,"comment_status":"","ping_status":"","sticky":false,"template":"","format":"standard","meta":{"footnotes":""},"categories":[81],"tags":[7009,119,123,124,2308,25,24,13368,659,117,121,122,1604,23,118,120,2307],"class_list":{"0":"post-260315","1":"post","2":"type-post","3":"status-publish","4":"format-standard","5":"has-post-thumbnail","7":"category-ciencia-y-tecnologia","8":"tag-android","9":"tag-ciencia","10":"tag-ciencia-y-tecnologia","11":"tag-cienciaytecnologia","12":"tag-empresas","13":"tag-es","14":"tag-espana","15":"tag-moviles","16":"tag-poco","17":"tag-science","18":"tag-science-and-technology","19":"tag-scienceandtechnology","20":"tag-smartphone","21":"tag-spain","22":"tag-technology","23":"tag-tecnologia","24":"tag-telefonia"},"share_on_mastodon":{"url":"https:\/\/pubeurope.com\/@es\/115627434686864620","error":""},"_links":{"self":[{"href":"https:\/\/www.europesays.com\/es\/wp-json\/wp\/v2\/posts\/260315","targetHints":{"allow":["GET"]}}],"collection":[{"href":"https:\/\/www.europesays.com\/es\/wp-json\/wp\/v2\/posts"}],"about":[{"href":"https:\/\/www.europesays.com\/es\/wp-json\/wp\/v2\/types\/post"}],"author":[{"embeddable":true,"href":"https:\/\/www.europesays.com\/es\/wp-json\/wp\/v2\/users\/2"}],"replies":[{"embeddable":true,"href":"https:\/\/www.europesays.com\/es\/wp-json\/wp\/v2\/comments?post=260315"}],"version-history":[{"count":0,"href":"https:\/\/www.europesays.com\/es\/wp-json\/wp\/v2\/posts\/260315\/revisions"}],"wp:featuredmedia":[{"embeddable":true,"href":"https:\/\/www.europesays.com\/es\/wp-json\/wp\/v2\/media\/260316"}],"wp:attachment":[{"href":"https:\/\/www.europesays.com\/es\/wp-json\/wp\/v2\/media?parent=260315"}],"wp:term":[{"taxonomy":"category","embeddable":true,"href":"https:\/\/www.europesays.com\/es\/wp-json\/wp\/v2\/categories?post=260315"},{"taxonomy":"post_tag","embeddable":true,"href":"https:\/\/www.europesays.com\/es\/wp-json\/wp\/v2\/tags?post=260315"}],"curies":[{"name":"wp","href":"https:\/\/api.w.org\/{rel}","templated":true}]}}