{"id":260317,"date":"2025-11-28T12:56:15","date_gmt":"2025-11-28T12:56:15","guid":{"rendered":"https:\/\/www.europesays.com\/es\/260317\/"},"modified":"2025-11-28T12:56:15","modified_gmt":"2025-11-28T12:56:15","slug":"luz-verde-de-los-accionistas-de-indra-a-la-compra-de-hispasat-y-a-la-renovacion-del-consejo-de-administracion","status":"publish","type":"post","link":"https:\/\/www.europesays.com\/es\/260317\/","title":{"rendered":"Luz verde de los accionistas de Indra a la compra de Hispasat y a la renovaci\u00f3n del consejo de administraci\u00f3n"},"content":{"rendered":"<p class=\"voc-p\" style=\"\">Los accionistas de Indra han dado hoy luz verde a la adquisici\u00f3n de Hispasat y su filial militar Hisdesat, que se integran en la divisi\u00f3n Indra, lo que a su vez lanza a la compa\u00f1\u00eda a una nueva etapa estrat\u00e9gica, con una firme apuesta por  &#8230; crecer en el sector espacial. As\u00ed, durante la junta extraordinaria de este viernes, los accionistas dieron el ok a la adquisici\u00f3n del 89,68% de Hispasat por <strong>725 millones de euros<\/strong> a Redeia (<a href=\"https:\/\/www.abc.es\/economia\/endesa-veta-monica-espinosa-consejera-independiente-indra-20251127130804-nt.html\" target=\"_self\" data-voc-vtm-id=\"in-text-traffic\" title=\"y al resto de los puntos del d\u00eda\" data-mrf-link=\"www.abc.es\" rel=\"nofollow noopener\">y al resto de los puntos del d\u00eda<\/a>) que, por su parte, compr\u00f3 ese porcentaje de Hispasat en 2019 por 933 millones, valorando el 100% de la empresa en ese momento en m\u00e1s de 1.000 millones de euros.<\/p>\n<p class=\"voc-p\" style=\"\">El propio presidente de Indra, \u00c1ngel Escribano, en el arranque de la reuni\u00f3n explic\u00f3 que Hispasat se convierte as\u00ed en la piedra angular sobre la que girar\u00e1 la estrategia de Indra en Espacio, cuya divisi\u00f3n espec\u00edfica denominada Indra Espacio tiene el objetivo de alcanzar una facturaci\u00f3n de 1.000 millones de euros para 2030. La compra de Hispasat viene acompa\u00f1ada de su filial Hisdesat, especializada en comunicaciones militares, que <strong>est\u00e1 desplegando proyectos por 4.000 millones<\/strong> y analiza un sat\u00e9lite adicional por otros 1.000 millones de euros.<\/p>\n<p class=\"voc-p\" style=\"\">En su turno de intervenci\u00f3n, el consejero delegado de la compa\u00f1\u00eda, Jos\u00e9 Vicente de los Mozos, justific\u00f3 la operaci\u00f3n por factores como la cada vez mayor relevancia de las comunicaciones seguras, as\u00ed como porque el Espacio se ha convertido en un dominio estrat\u00e9gico, por los <strong>\u00abfuertes vientos de cola\u00bb que vive el negocio<\/strong> y tambi\u00e9n por la previsi\u00f3n de incremento sostenido de la inversi\u00f3n privada.<\/p>\n<p class=\"voc-p\" style=\"\">En el orden del d\u00eda tambi\u00e9n se propon\u00eda la renovaci\u00f3n de varios consejeros. Los accionistas aprobaron la reelecci\u00f3n de Virginia Arce y Bernardo Villaz\u00e1n como consejeros independientes y de <strong>Juan Moscoso como dominical, en representaci\u00f3n de la Sepi<\/strong>, para los pr\u00f3ximos tres a\u00f1os, as\u00ed como Bel\u00e9n Amatriain, que es la presidenta de la comisi\u00f3n creada &#8216;ad hoc&#8217; para supervisar la eventual operaci\u00f3n de integraci\u00f3n con Escribano Mechanical &amp; Engineering (EM&amp;E), empresa propiedad del presidente de Indra, \u00c1ngel Escribano, y de su hermano Javier, consejero dominical de Indra, al poseer EM&amp;E un 14,3% de sus acciones.<\/p>\n<p><img loading=\"lazy\" decoding=\"async\" width=\"530\" height=\"64\" class=\"logo-premium\" src=\"data:image\/gif;base64,R0lGODlhAQABAAAAACH5BAEKAAEALAAAAAABAAEAAAICTAEAOw==\" alt=\"ABC Premium\"\/><br \/>\nL\u00edmite de sesiones alcanzadas<\/p>\n<ul class=\"listado\">\n<li>El acceso al contenido Premium est\u00e1 abierto por cortes\u00eda del establecimiento donde te encuentras, pero ahora mismo hay demasiados usuarios conectados a la vez. Por favor, int\u00e9ntalo pasados unos minutos.<\/li>\n<\/ul>\n<p>Volver a intentar<\/p>\n<p><img loading=\"lazy\" decoding=\"async\" width=\"530\" height=\"64\" class=\"logo-premium\" src=\"data:image\/gif;base64,R0lGODlhAQABAAAAACH5BAEKAAEALAAAAAABAAEAAAICTAEAOw==\" alt=\"ABC Premium\"\/><br \/>\nHas superado el l\u00edmite de sesiones<\/p>\n<ul class=\"listado\">\n<li>S\u00f3lo puedes tener tres sesiones iniciadas a la vez. Hemos cerrado la sesi\u00f3n m\u00e1s antigua para que sigas navegando sin l\u00edmites en el resto.<\/li>\n<\/ul>\n<p>Sigue navegando<\/p>\n<p>\nArt\u00edculo solo para suscriptores\n<\/p>\n<p>Reportar un error<\/p>\n","protected":false},"excerpt":{"rendered":"Los accionistas de Indra han dado hoy luz verde a la adquisici\u00f3n de Hispasat y su filial militar&hellip;\n","protected":false},"author":2,"featured_media":260318,"comment_status":"","ping_status":"","sticky":false,"template":"","format":"standard","meta":{"footnotes":""},"categories":[80],"tags":[10599,5063,82,6364,1576,95,94,25,24,54694,7834,1875,1135,23,1049],"class_list":{"0":"post-260317","1":"post","2":"type-post","3":"status-publish","4":"format-standard","5":"has-post-thumbnail","7":"category-economia","8":"tag-accionistas","9":"tag-administracion","10":"tag-business","11":"tag-compra","12":"tag-consejo","13":"tag-economia","14":"tag-economy","15":"tag-es","16":"tag-espana","17":"tag-hispasat","18":"tag-indra","19":"tag-luz","20":"tag-renovacion","21":"tag-spain","22":"tag-verde"},"share_on_mastodon":{"url":"https:\/\/pubeurope.com\/@es\/115627438082466623","error":""},"_links":{"self":[{"href":"https:\/\/www.europesays.com\/es\/wp-json\/wp\/v2\/posts\/260317","targetHints":{"allow":["GET"]}}],"collection":[{"href":"https:\/\/www.europesays.com\/es\/wp-json\/wp\/v2\/posts"}],"about":[{"href":"https:\/\/www.europesays.com\/es\/wp-json\/wp\/v2\/types\/post"}],"author":[{"embeddable":true,"href":"https:\/\/www.europesays.com\/es\/wp-json\/wp\/v2\/users\/2"}],"replies":[{"embeddable":true,"href":"https:\/\/www.europesays.com\/es\/wp-json\/wp\/v2\/comments?post=260317"}],"version-history":[{"count":0,"href":"https:\/\/www.europesays.com\/es\/wp-json\/wp\/v2\/posts\/260317\/revisions"}],"wp:featuredmedia":[{"embeddable":true,"href":"https:\/\/www.europesays.com\/es\/wp-json\/wp\/v2\/media\/260318"}],"wp:attachment":[{"href":"https:\/\/www.europesays.com\/es\/wp-json\/wp\/v2\/media?parent=260317"}],"wp:term":[{"taxonomy":"category","embeddable":true,"href":"https:\/\/www.europesays.com\/es\/wp-json\/wp\/v2\/categories?post=260317"},{"taxonomy":"post_tag","embeddable":true,"href":"https:\/\/www.europesays.com\/es\/wp-json\/wp\/v2\/tags?post=260317"}],"curies":[{"name":"wp","href":"https:\/\/api.w.org\/{rel}","templated":true}]}}