{"id":260319,"date":"2025-11-28T12:57:13","date_gmt":"2025-11-28T12:57:13","guid":{"rendered":"https:\/\/www.europesays.com\/es\/260319\/"},"modified":"2025-11-28T12:57:13","modified_gmt":"2025-11-28T12:57:13","slug":"el-numero-de-muertos-en-el-incendio-de-hong-kong-sube-a-128-y-unas-200-personas-siguen-desaparecidas-internacional","status":"publish","type":"post","link":"https:\/\/www.europesays.com\/es\/260319\/","title":{"rendered":"El n\u00famero de muertos en el incendio de Hong Kong sube a 128 y unas 200 personas siguen desaparecidas | Internacional"},"content":{"rendered":"<p>El jefe de seguridad de Hong Kong, Chris Tang, ha anunciado este viernes que han concluido las labores de rescate <a href=\"https:\/\/cadenaser.com\/nacional\/2025\/11\/26\/un-gran-incendio-en-un-barrio-de-hong-kong-deja-al-menos-cuatro-muertos-cadena-ser\/\" target=\"_blank\" rel=\"noreferrer nofollow noopener\" title=\"https:\/\/cadenaser.com\/nacional\/2025\/11\/26\/un-gran-incendio-en-un-barrio-de-hong-kong-deja-al-menos-cuatro-muertos-cadena-ser\/\">en el complejo residencial donde un incendio ha provocado la muerte de al menos a 128 personas<\/a>, a pesar de que otras 200 siguen desaparecidas y se contabilizan 79 heridos.<\/p>\n<p>El secretario de Seguridad de la regi\u00f3n semiaut\u00f3noma, Chris Tang Ping-keung, anunci\u00f3 ante los medios que 108 de los cuerpos fueron hallados en la zona del incendio y no descart\u00f3 que los equipos que trabajan en los edificios afectados hallen m\u00e1s cad\u00e1veres.<\/p>\n<p>El a\u00f1o pasado, las autoridades informaron a los residentes del complejo de viviendas envuelto en el incendio m\u00e1s mort\u00edfero de Hong Kong en siete d\u00e9cadas que se enfrentaban a \u00abriesgos de incendio relativamente bajos\u00bb tras quejarse repetidamente de los peligros de incendio que planteaban las obras de renovaci\u00f3n en curso, seg\u00fan inform\u00f3 a Reuters el Departamento de Trabajo de la ciudad.<\/p>\n<p>Los residentes del Tribunal Wang Fuk, en el norte de Hong Kong, hab\u00edan expresado su preocupaci\u00f3n por las actividades de mantenimiento en septiembre de 2024, incluyendo la posible inflamabilidad de la malla verde protectora que los contratistas hab\u00edan utilizado para cubrir los andamios de bamb\u00fa instalados alrededor de los edificios, seg\u00fan inform\u00f3 un portavoz del departamento en un correo electr\u00f3nico.<\/p>\n<p><img loading=\"lazy\" decoding=\"async\" src=\"https:\/\/www.europesays.com\/es\/wp-content\/uploads\/2025\/11\/https:\/\/sdmedia.playser.cadenaser.com\/mcv\/playser\/multimedia\/20251126\/1112877_114840_still.0000001.j.jpeg\" width=\"16\" height=\"9\"\/><\/p>\n<p>Posteriormente, el departamento revis\u00f3 la certificaci\u00f3n de seguridad de la malla, que se utiliz\u00f3 como red contra la ca\u00edda de escombros, e inform\u00f3 a los residentes que el rendimiento ign\u00edfugo del material cumpl\u00eda con los est\u00e1ndares, seg\u00fan la agencia, que ayuda a hacer cumplir las normas de construcci\u00f3n establecidas por el Departamento de Construcci\u00f3n. Sin embargo, la polic\u00eda de Hong Kong declar\u00f3 el jueves que los muros exteriores de los edificios del complejo \u00abcontaban con redes de protecci\u00f3n, membranas, lonas impermeables y l\u00e1minas de pl\u00e1stico que se sospechaba que no cumpl\u00edan con las normas de seguridad contra incendios\u00bb. Tres personas asociadas con la empresa de renovaci\u00f3n Prestige Construction fueron arrestadas bajo sospecha de homicidio involuntario.<\/p>\n<p>El Departamento de Trabajo declar\u00f3 a Reuters que, al informar a los residentes que el riesgo de incendio era bajo siempre que se evitaran procesos como la soldadura, esto no significaba que se ignoraran los peligros potenciales. Tambi\u00e9n indic\u00f3 que hab\u00eda recordado al contratista que implementara medidas de prevenci\u00f3n de incendios.<\/p>\n<p>La agencia a\u00f1adi\u00f3 que hab\u00eda realizado 16 inspecciones de seguridad en el Tribunal Wang Fuk entre julio de 2024 y noviembre de 2025. El departamento emiti\u00f3 seis avisos de mejora al contratista por su trabajo en el complejo e inici\u00f3 tres procesos judiciales, indic\u00f3, sin proporcionar m\u00e1s detalles. Reuters no pudo determinar el resultado de esos procedimientos ni la respuesta de la empresa.<\/p>\n<p>Como el incendio de Grenfell en Londres <\/p>\n<p>El incendio del mi\u00e9rcoles se propag\u00f3 a una velocidad asombrosa. Los bomberos fueron alertados del incendio en una de las torres del Tribunal Wang Fuk a las 14:51. En los cinco minutos que tardaron en llegar al lugar, el fuego se hab\u00eda propagado por los andamios, hab\u00eda penetrado en el interior del edificio y se hab\u00eda extendido a otras torres del complejo, seg\u00fan un comunicado del departamento de bomberos.<\/p>\n<p>M\u00e1s informaci\u00f3n<\/p>\n<p>En aproximadamente cuatro horas, siete de las ocho torres de 32 pisos del complejo quedaron envueltas en llamas. El denso humo dificult\u00f3 el acceso de los servicios de emergencia a los pisos superiores.<\/p>\n<p>Cientos de las 4.600 personas que viv\u00edan en el complejo fueron alojadas en refugios temporales. Casi 300 personas estaban desaparecidas hasta el jueves. Jiang, profesor adjunto del Departamento de Ingenier\u00eda Energ\u00e9tica y Ambiental de la Construcci\u00f3n de la Universidad Polit\u00e9cnica, compar\u00f3 el incendio con el de la vivienda p\u00fablica Grenfell de Londres en 2017, en el que murieron 72 personas.<\/p>\n<p>Una investigaci\u00f3n posterior revel\u00f3 fallos del gobierno brit\u00e1nico, la industria de la construcci\u00f3n y las empresas implicadas en la instalaci\u00f3n de revestimientos inflamables en el exterior del edificio. \u00abEs un mecanismo de propagaci\u00f3n del fuego muy similar: desde la fachada, el fuego entr\u00f3 en las habitaciones de los apartamentos\u00bb.<\/p>\n","protected":false},"excerpt":{"rendered":"El jefe de seguridad de Hong Kong, Chris Tang, ha anunciado este viernes que han concluido las labores&hellip;\n","protected":false},"author":2,"featured_media":260320,"comment_status":"","ping_status":"","sticky":false,"template":"","format":"standard","meta":{"footnotes":""},"categories":[42],"tags":[11045,17,18,4427,637,13,14,11,61,62,63,64,19,20,9,10,15,16,12,21,22,65,66,67],"class_list":{"0":"post-260319","1":"post","2":"type-post","3":"status-publish","4":"format-standard","5":"has-post-thumbnail","7":"category-internacional","8":"tag-aftermath","9":"tag-breaking-news","10":"tag-breakingnews","11":"tag-building","12":"tag-disaster","13":"tag-featured-news","14":"tag-featurednews","15":"tag-headlines","16":"tag-internacional","17":"tag-international","18":"tag-international-news","19":"tag-internationalnews","20":"tag-latest-news","21":"tag-latestnews","22":"tag-news","23":"tag-noticias","24":"tag-noticias-destacadas","25":"tag-noticiasdestacadas","26":"tag-titulares","27":"tag-ultimas-noticias","28":"tag-ultimasnoticias","29":"tag-world","30":"tag-world-news","31":"tag-worldnews"},"share_on_mastodon":{"url":"https:\/\/pubeurope.com\/@es\/115627442689867596","error":""},"_links":{"self":[{"href":"https:\/\/www.europesays.com\/es\/wp-json\/wp\/v2\/posts\/260319","targetHints":{"allow":["GET"]}}],"collection":[{"href":"https:\/\/www.europesays.com\/es\/wp-json\/wp\/v2\/posts"}],"about":[{"href":"https:\/\/www.europesays.com\/es\/wp-json\/wp\/v2\/types\/post"}],"author":[{"embeddable":true,"href":"https:\/\/www.europesays.com\/es\/wp-json\/wp\/v2\/users\/2"}],"replies":[{"embeddable":true,"href":"https:\/\/www.europesays.com\/es\/wp-json\/wp\/v2\/comments?post=260319"}],"version-history":[{"count":0,"href":"https:\/\/www.europesays.com\/es\/wp-json\/wp\/v2\/posts\/260319\/revisions"}],"wp:featuredmedia":[{"embeddable":true,"href":"https:\/\/www.europesays.com\/es\/wp-json\/wp\/v2\/media\/260320"}],"wp:attachment":[{"href":"https:\/\/www.europesays.com\/es\/wp-json\/wp\/v2\/media?parent=260319"}],"wp:term":[{"taxonomy":"category","embeddable":true,"href":"https:\/\/www.europesays.com\/es\/wp-json\/wp\/v2\/categories?post=260319"},{"taxonomy":"post_tag","embeddable":true,"href":"https:\/\/www.europesays.com\/es\/wp-json\/wp\/v2\/tags?post=260319"}],"curies":[{"name":"wp","href":"https:\/\/api.w.org\/{rel}","templated":true}]}}