{"id":260323,"date":"2025-11-28T13:00:20","date_gmt":"2025-11-28T13:00:20","guid":{"rendered":"https:\/\/www.europesays.com\/es\/260323\/"},"modified":"2025-11-28T13:00:20","modified_gmt":"2025-11-28T13:00:20","slug":"diaz-ayuso-inaugura-el-belen-de-la-real-casa-de-correos-que-este-ano-revive-la-huida-a-egipto-de-la-sagrada-familia-bajo-un-cielo-de-60-000-estrellas","status":"publish","type":"post","link":"https:\/\/www.europesays.com\/es\/260323\/","title":{"rendered":"D\u00edaz Ayuso inaugura el Bel\u00e9n de la Real Casa de Correos que este a\u00f1o revive la Huida a Egipto de la Sagrada Familia bajo un cielo de 60.000 estrellas"},"content":{"rendered":"<p>Sobre una superficie de 132 metros cuadrados, el p\u00fablico podr\u00e1 seguir la senda de Jos\u00e9, Mar\u00eda y el Ni\u00f1o a trav\u00e9s de un paisaje des\u00e9rtico que combina la dureza del terreno con la esperanza del retorno. En ese camino, el espectador se encuentra con las impresionantes reproducciones de los templos de Debod y Abu Simbel, el majestuoso r\u00edo Nilo, la Gran Esfinge de Giza y sus pir\u00e1mides, adem\u00e1s de un puerto fluvial inspirado en la ciudad egipcia de Assiut.<\/p>\n<p>La profundidad del montaje se logra gracias a la introducci\u00f3n de elementos en distintos niveles y alturas como murallas, fuentes y casas excavadas en la roca, que conforman un escenario lleno de vida y detalle, poblado por m\u00e1s de 500 figuras de reconocidos escultores belenistas como los Hermanos Cerrada, Jos\u00e9 Luis Mayo, Jes\u00fas Ram\u00edrez Turp\u00edn, Montserrat Ribes o la Escuela Olotina.<\/p>\n<p>Uno de los elementos m\u00e1s sorprendentes de esta propuesta es el techo de luces, compuesto por m\u00e1s de 60.000 bombillas hada, junto a 120 tiras de leds. El resultado es un firmamento luminoso que simula un cielo nocturno que potencia la grandeza del conjunto, destacando cada figura y construcci\u00f3n.<\/p>\n<p>El Bel\u00e9n de la Real Casa de Correos estar\u00e1 abierto al p\u00fablico, gratuitamente, desde hoy y hasta el pr\u00f3ximo 6 de enero. Su horario general ser\u00e1 desde las 10.00 horas hasta las 22.00 ininterrumpidamente. Hoy y el d\u00eda 5 de diciembre se podr\u00e1 visitar de 15.00 a 22.00; el 24 y 31 de diciembre y el 5 de enero, de 10.00 a 18.00; y el 6 de enero de 15.00 a 22.00 horas. Permanecer\u00e1 cerrado los festivos del 25 de diciembre y el 1 de enero.<\/p>\n<p><strong>Experiencia inmersiva 360 grados\u00a0<\/strong><\/p>\n<p>Adem\u00e1s, por primera vez, el Bel\u00e9n de la Puerta del Sol se presenta como una experiencia inmersiva 360\u00ba, que el visitante puede rodear por completo para descubrir al detalle cada una de las piezas y escenas que lo conforman y que integran 19 construcciones creadas espec\u00edficamente, otras 15 adaptadas y 22 maquetas de barcos egipcios.<\/p>\n<p>Detr\u00e1s de esta propuesta innovadora, que se podr\u00e1 disfrutar hasta el 6 de enero, se encuentran 66 voluntarios de la Asociaci\u00f3n de Belenistas de Madrid, responsables de un trabajo artesanal y escenogr\u00e1fico que convierte este Bel\u00e9n en uno de los m\u00e1s espectaculares de la regi\u00f3n. El montaje incluye nueve escenas clave: la Anunciaci\u00f3n a Mar\u00eda, el Sue\u00f1o de Jos\u00e9, el Taller de Nazaret, la Visitaci\u00f3n a Santa Isabel, Pidiendo Posada, la Natividad, la Anunciaci\u00f3n a los Pastores, la Cabalgata de los Reyes Magos y la propia Huida a Egipto.<\/p>\n<p>\u201cQuienes trabajamos en la Real Casa de Correos siempre quedamos fascinados con los miembros de la Asociaci\u00f3n de Belenistas de Madrid, porque sabemos que este Nacimiento lo preparan durante m\u00e1s de ocho meses y dedican varias semanas a montarlo de manera voluntaria\u201d, ha enfatizado D\u00edaz Ayuso, que se ha mostrado convencida de que todos los visitantes \u201csabr\u00e1n apreciar esta maravillosa obra\u201d.<\/p>\n<p><strong>Un encuentro de belenistas\u00a0<\/strong><\/p>\n<p>Otro de los rincones que podr\u00e1 descubrir el p\u00fablico en su visita a la Real Casa de Correos es una escena que re\u00fanen a dos figuras excepcionales cuya vida y fe han dado forma y sentido a la tradici\u00f3n belenista: San Francisco de As\u00eds y el Papa Francisco.<\/p>\n<p>El primero es el patr\u00f3n universal de los belenistas, quien plasm\u00f3 el misterio del Nacimiento de Cristo en Greccio (Italia), en la Nochebuena de 1223, escenificando el milagro de la Encarnaci\u00f3n con sencillez y profunda devoci\u00f3n. Su ejemplo encendi\u00f3 el amor al pesebre y la tradici\u00f3n de los nacimientos alrededor del mundo. A su lado, el Papa Francisco, quien dej\u00f3 constancia de su admiraci\u00f3n y sensibilidad hacia esta tradici\u00f3n en la carta apost\u00f3lica Admirabile signum, en la que anima a los fieles a redescubrir el significado y el valor del pesebre en Navidad.<\/p>\n","protected":false},"excerpt":{"rendered":"Sobre una superficie de 132 metros cuadrados, el p\u00fablico podr\u00e1 seguir la senda de Jos\u00e9, Mar\u00eda y el&hellip;\n","protected":false},"author":2,"featured_media":260324,"comment_status":"","ping_status":"","sticky":false,"template":"","format":"standard","meta":{"footnotes":""},"categories":[5],"tags":[17,18,25,24,13,14,11,19,20,9,10,15,16,23,12,21,22],"class_list":{"0":"post-260323","1":"post","2":"type-post","3":"status-publish","4":"format-standard","5":"has-post-thumbnail","7":"category-titulares","8":"tag-breaking-news","9":"tag-breakingnews","10":"tag-es","11":"tag-espana","12":"tag-featured-news","13":"tag-featurednews","14":"tag-headlines","15":"tag-latest-news","16":"tag-latestnews","17":"tag-news","18":"tag-noticias","19":"tag-noticias-destacadas","20":"tag-noticiasdestacadas","21":"tag-spain","22":"tag-titulares","23":"tag-ultimas-noticias","24":"tag-ultimasnoticias"},"share_on_mastodon":{"url":"https:\/\/pubeurope.com\/@es\/115627453537546328","error":""},"_links":{"self":[{"href":"https:\/\/www.europesays.com\/es\/wp-json\/wp\/v2\/posts\/260323","targetHints":{"allow":["GET"]}}],"collection":[{"href":"https:\/\/www.europesays.com\/es\/wp-json\/wp\/v2\/posts"}],"about":[{"href":"https:\/\/www.europesays.com\/es\/wp-json\/wp\/v2\/types\/post"}],"author":[{"embeddable":true,"href":"https:\/\/www.europesays.com\/es\/wp-json\/wp\/v2\/users\/2"}],"replies":[{"embeddable":true,"href":"https:\/\/www.europesays.com\/es\/wp-json\/wp\/v2\/comments?post=260323"}],"version-history":[{"count":0,"href":"https:\/\/www.europesays.com\/es\/wp-json\/wp\/v2\/posts\/260323\/revisions"}],"wp:featuredmedia":[{"embeddable":true,"href":"https:\/\/www.europesays.com\/es\/wp-json\/wp\/v2\/media\/260324"}],"wp:attachment":[{"href":"https:\/\/www.europesays.com\/es\/wp-json\/wp\/v2\/media?parent=260323"}],"wp:term":[{"taxonomy":"category","embeddable":true,"href":"https:\/\/www.europesays.com\/es\/wp-json\/wp\/v2\/categories?post=260323"},{"taxonomy":"post_tag","embeddable":true,"href":"https:\/\/www.europesays.com\/es\/wp-json\/wp\/v2\/tags?post=260323"}],"curies":[{"name":"wp","href":"https:\/\/api.w.org\/{rel}","templated":true}]}}