{"id":260327,"date":"2025-11-28T13:09:13","date_gmt":"2025-11-28T13:09:13","guid":{"rendered":"https:\/\/www.europesays.com\/es\/260327\/"},"modified":"2025-11-28T13:09:13","modified_gmt":"2025-11-28T13:09:13","slug":"la-clasificacion-final-de-la-europa-league-segun-el-big-data","status":"publish","type":"post","link":"https:\/\/www.europesays.com\/es\/260327\/","title":{"rendered":"La clasificaci\u00f3n final de la Europa League seg\u00fan el Big Data"},"content":{"rendered":"\n<p>M\u00e1s noticias<\/p>\n<p><a class=\"info_masnoticias\" href=\"https:\/\/www.eldesmarque.com\/futbol\/europa-league\/\" rel=\"nofollow noopener\" target=\"_blank\"><br \/>\nM\u00e1s de<br \/>\nM\u00e1s noticias de<br \/>\nEuropa League<br \/>\n<\/a><\/p>\n<p>La <strong>Europa League<\/strong> empieza a entrar en su recta final. La jornada 5 dej\u00f3 resultados dispares para los equipos espa\u00f1oles, con un <a href=\"https:\/\/www.eldesmarque.com\/futbol\/real-betis\/20251127\/betis-utrecht-directo-europa-league-goles-mejores-jugadas-ultima-hora-d1rect0_300819976.html\" rel=\"nofollow noopener\" target=\"_blank\">triunfo del Betis en casa<\/a> ante el Utrecht (2-1) y una <a href=\"https:\/\/www.eldesmarque.com\/futbol\/celta-de-vigo\/20251127\/ludogorets-celta-europa-league-directo-goles-mejores-jugadas-ultima-hora-d1rect0-2_300819780.html\" rel=\"nofollow noopener\" target=\"_blank\">derrota del Celta<\/a> ante el Ludogorets (3-2). Tras la disputa de toda la jornada, <strong>Driblab<\/strong> ha actualizado sus predicciones de cara al final de la Fase Liga.<\/p>\n<p>Clasificaci\u00f3n de Europa League seg\u00fan Driblab<\/p>\n<p>Seg\u00fan el Big Data, <strong>el Betis acabar\u00e1 en top 8<\/strong>. Driblab predice una puntuaci\u00f3n de 16 puntos para el cuadro verdiblanco, lo que le permitir\u00eda alcanzar la<strong> sexta posici\u00f3n<\/strong> y acceder directamente a octavos de final.<\/p>\n<p>Actualmente, el equipo de Manuel Pellegrini ocupa la quinta plaza con 11 puntos. Sus tres \u00faltimos partidos de esta Fase Liga ser\u00e1n ante<strong> Dinamo de Zagreb, PAOK y Feyenoord<\/strong>, los dos primeros a domicilio y el \u00faltimo en casa.<\/p>\n<p>Por contra, Driblab coloca al <strong>Celta de Vigo como 15\u00ba clasificado<\/strong> al final de la Fase Liga. Seg\u00fan su predicci\u00f3n, acabar\u00e1 con 13 puntos, por lo que tendr\u00eda que disputar el playoff de dieciseisavos de final.<\/p>\n<p><img decoding=\"async\" src=\"https:\/\/www.europesays.com\/es\/wp-content\/uploads\/2025\/11\/la_prediccion_de_la_clasificacion_de_la_europa_league_segun_driblab.png\" width=\"660\" height=\"auto\" alt=\"La predicci\u00f3n de la clasificaci\u00f3n de la Europa League, seg\u00fan Driblab.\"\/><br \/>\nLa predicci\u00f3n de la clasificaci\u00f3n de la Europa League, seg\u00fan Driblab.<\/p>\n<p>La derrota del cuadro gallego en Bulgaria ha reducido notablemente sus opciones de entrar en el top 8. Actualmente ocupa la 10\u00aa posici\u00f3n con 9 puntos y sus tres \u00faltimos partidos ser\u00e1n ante <strong>Bolonia, Lille y Estrella Roja<\/strong>, los dos primeros en casa y el \u00faltimo a domicilio.<\/p>\n<p>Como referencia, el pasado curso se necesitaron al menos 14 puntos y una buena diferencia de goles para estar entre los ocho primeros clasificados. En cuanto al puesto 24\u00ba, el \u00faltimo que da derecho a estar en el playoff, se necesitar\u00edan al menos 10 puntos. Es decir, que tanto el Betis como el Celta lo tienen en su mano para acceder a la siguiente fase, ya sea a octavos o a dieciseisavos.<\/p>\n<p>C\u00f3mo funcionan los cruces de Europa League<\/p>\n<p>Llegados a este punto, es buen momento para recordar el formato de competici\u00f3n. Del 1\u00ba al 8\u00ba pasan directamente a octavos, mientras que del 9\u00ba al 24\u00ba tienen que jugar un playoff de dieciseisavos.<\/p>\n<p>En ese playoff, <strong>cada equipo tendr\u00e1 dos posibles rivales<\/strong> y el mejor clasificado tendr\u00e1 el factor campo a su favor, jugando la vuelta en casa. Los cruces del playoff ser\u00e1n los siguientes:<\/p>\n<ul>\n<li>El 9\u00ba y el 10\u00ba se enfrentar\u00e1n al 23\u00ba y al 24\u00ba, por sorteo.<\/li>\n<li>El 11\u00ba y el 12\u00ba se medir\u00e1n al 21\u00ba y el 22\u00ba, por sorteo.<\/li>\n<li>El 13\u00ba y 14\u00ba, ante el 19\u00ba y el 20\u00ba, por sorteo.<\/li>\n<li>El 15\u00ba y el 16\u00ba, frente al 17\u00ba y el 18\u00ba, por sorteo.<\/li>\n<\/ul>\n<p>Los ocho ganadores pasar\u00e1n a octavos de final, donde se enfrentar\u00e1n a los ocho primeros clasificados. Como novedad este curso, el factor campo siempre ser\u00e1 a favor del equipo mejor clasificado en la Fase Liga. Los cruces de octavos ser\u00e1n los siguientes:<\/p>\n<ul>\n<li>El 1\u00ba y el 2\u00ba se enfrentar\u00e1n a los dos ganadores del 15\u00ba y 16\u00ba vs 17\u00ba y 18\u00ba.<\/li>\n<li>El 3\u00ba y el 4\u00ba, ante los ganadores del 13\u00ba y 14\u00ba vs 19\u00ba y 20\u00ba.<\/li>\n<li>El 5\u00ba y el 6\u00ba, frente a los ganadores del 11\u00ba y 12\u00ba vs 21\u00ba y 22\u00ba.<\/li>\n<li>El 7\u00ba y el 8\u00ba se medir\u00e1 a los ganadores del 9\u00ba y 10\u00ba vs 23\u00ba y 24\u00ba.<\/li>\n<\/ul>\n","protected":false},"excerpt":{"rendered":"M\u00e1s noticias M\u00e1s de M\u00e1s noticias de Europa League La Europa League empieza a entrar en su recta&hellip;\n","protected":false},"author":2,"featured_media":260328,"comment_status":"","ping_status":"","sticky":false,"template":"","format":"standard","meta":{"footnotes":""},"categories":[268],"tags":[168,25,24,280,282,281,23,167],"class_list":{"0":"post-260327","1":"post","2":"type-post","3":"status-publish","4":"format-standard","5":"has-post-thumbnail","7":"category-futbol","8":"tag-deportes","9":"tag-es","10":"tag-espana","11":"tag-football","12":"tag-futbol","13":"tag-soccer","14":"tag-spain","15":"tag-sports"},"share_on_mastodon":{"url":"https:\/\/pubeurope.com\/@es\/115627489530254749","error":""},"_links":{"self":[{"href":"https:\/\/www.europesays.com\/es\/wp-json\/wp\/v2\/posts\/260327","targetHints":{"allow":["GET"]}}],"collection":[{"href":"https:\/\/www.europesays.com\/es\/wp-json\/wp\/v2\/posts"}],"about":[{"href":"https:\/\/www.europesays.com\/es\/wp-json\/wp\/v2\/types\/post"}],"author":[{"embeddable":true,"href":"https:\/\/www.europesays.com\/es\/wp-json\/wp\/v2\/users\/2"}],"replies":[{"embeddable":true,"href":"https:\/\/www.europesays.com\/es\/wp-json\/wp\/v2\/comments?post=260327"}],"version-history":[{"count":0,"href":"https:\/\/www.europesays.com\/es\/wp-json\/wp\/v2\/posts\/260327\/revisions"}],"wp:featuredmedia":[{"embeddable":true,"href":"https:\/\/www.europesays.com\/es\/wp-json\/wp\/v2\/media\/260328"}],"wp:attachment":[{"href":"https:\/\/www.europesays.com\/es\/wp-json\/wp\/v2\/media?parent=260327"}],"wp:term":[{"taxonomy":"category","embeddable":true,"href":"https:\/\/www.europesays.com\/es\/wp-json\/wp\/v2\/categories?post=260327"},{"taxonomy":"post_tag","embeddable":true,"href":"https:\/\/www.europesays.com\/es\/wp-json\/wp\/v2\/tags?post=260327"}],"curies":[{"name":"wp","href":"https:\/\/api.w.org\/{rel}","templated":true}]}}