{"id":260333,"date":"2025-11-28T13:13:12","date_gmt":"2025-11-28T13:13:12","guid":{"rendered":"https:\/\/www.europesays.com\/es\/260333\/"},"modified":"2025-11-28T13:13:12","modified_gmt":"2025-11-28T13:13:12","slug":"leire-martinez-denuncia-amenazas-de-muerte-como-jurado-en-operacion-triunfo","status":"publish","type":"post","link":"https:\/\/www.europesays.com\/es\/260333\/","title":{"rendered":"Leire Mart\u00ednez denuncia amenazas de muerte como jurado en Operaci\u00f3n Triunfo"},"content":{"rendered":"<p class=\"paragraph\">La cantante\u00a0<b>Leire Mart\u00ednez<\/b>, reconocida actualmente como jurado de\u00a0<b>Operaci\u00f3n Triunfo 2025<\/b>, ha abordado de forma p\u00fablica las <b>presiones y amenazas que ha recibido<\/b> a ra\u00edz de su participaci\u00f3n en el popular programa de<b>\u00a0talent musical de Prime Video<\/b>. En una reciente intervenci\u00f3n en el plat\u00f3 de\u00a0<b>Conexi\u00f3n OT<\/b>, espacio conducido por la tambi\u00e9n artista Miriam Rodr\u00edguez, Mart\u00ednez ha afirmado: \u00ab<b>Me han amenazado de muerte<\/b>\u00a0y es algo que no me hab\u00eda pasado en la vida\u00bb.<\/p>\n<p class=\"paragraph\">Seg\u00fan Mart\u00ednez, la intensidad de algunos seguidores se ha hecho especialmente evidente a medida que avanza el concurso. Desde su llegada al jurado, admiti\u00f3 haber recibido advertencias sobre la posible <b>hostilidad que podr\u00eda encontrar en\u00a0las redes sociales como TikTok o X<\/b>, donde proliferan debates y opiniones relacionadas con el formato. La propia cantante confes\u00f3 que cuando acept\u00f3 el puesto no imagin\u00f3 el alcance de ciertas reacciones: \u00ab<b>Pens\u00e9 que no ser\u00eda para tanto&#8230; <\/b>pero depende de la importancia que uno le d\u00e9. Puede serlo si te afecta. A m\u00ed me han amenazado de muerte por nominar y eso no me hab\u00eda pasado nunca\u00bb.<\/p>\n<p class=\"paragraph\"><b>LAS REDES SOCIALES Y LA PRESI\u00d3N SOBRE LOS JURADOS<\/b><\/p>\n<p class=\"paragraph\">Durante la conversaci\u00f3n en el plat\u00f3, <b>Miriam Rodr\u00edguez<\/b> destac\u00f3 la influencia que tienen las redes en el ambiente del programa. Las plataformas digitales se han transformado, seg\u00fan ambas artistas, en el principal escenario donde\u00a0<b>algunos fans sobrepasan los l\u00edmites del respeto<\/b>. Mart\u00ednez se\u00f1ala que es fundamental mantener la profesionalidad y no normalizar este tipo de actitudes: \u00ab<b>No hay que justificar ni normalizar estos h\u00e1bitos<\/b>. Estas conductas deben ser denunciadas. Entiendo que haya impulsos por la pasi\u00f3n, pero nunca deben cruzarse ciertos l\u00edmites en cuanto a violencia\u00bb. Sin embargo, la vocalista matiz\u00f3 que la inmensa mayor\u00eda de seguidores no incurre en este tipo de comportamientos y que se trata de \u00abuna minor\u00eda que no representa el sentir general\u00bb.<\/p>\n<p class=\"paragraph\">El momento de la confesi\u00f3n ha sido difundido ampliamente a trav\u00e9s de las\u00a0cuentas oficiales del programa en redes sociales. La entrevista ya supera las\u00a0300.000 visualizaciones\u00a0y ha generado un amplio debate entre los espectadores y la comunidad digital. Entre los comentarios m\u00e1s recurrentes, se encuentran apreciaciones sobre\u00a0<b>la profesionalidad de Leire Mart\u00ednez<\/b>, el\u00a0<b>fervor excesivo de algunos fans<\/b>\u00a0y las implicaciones negativas del anonimato en redes. Expresiones como: \u00abLa gente se esconde detr\u00e1s de una cuenta en redes y no deber\u00eda tolerarse\u00bb, o \u00abEs preocupante que existan amenazas de muerte solo por nominar a un concursante\u00bb, reflejan parte del sentir social respecto a este episodio.<\/p>\n<blockquote class=\"instagram-media\" data-instgrm-captioned=\"\" data-instgrm-permalink=\"https:\/\/www.instagram.com\/reel\/DRiFzDmAHL1\/?utm_source=ig_embed&amp;utm_campaign=loading\" data-instgrm-version=\"14\" style=\" background:#FFF; border:0; border-radius:3px; box-shadow:0 0 1px 0 rgba(0,0,0,0.5),0 1px 10px 0 rgba(0,0,0,0.15); margin: 1px; max-width:540px; min-width:326px; padding:0; width:99.375%; width:-webkit-calc(100% - 2px); width:calc(100% - 2px);\"\/>\n<p class=\"paragraph\">No es la primera vez que el impacto del fen\u00f3meno fan de\u00a0Operaci\u00f3n Triunfo\u00a0sale a la luz. En anteriores ediciones, artistas como la navarra <b>Amaia Romero<\/b>\u00a0fueron protagonistas de la intensidad del seguimiento del programa. As\u00ed, OT se consolida como un\u00a0referente de la televisi\u00f3n musical en Espa\u00f1a, mientras abre el debate sobre los l\u00edmites de la pasi\u00f3n colectiva y la responsabilidad en el uso de las redes.<\/p>\n<p><script async src=\"\/\/www.instagram.com\/embed.js\"><\/script><\/p>\n","protected":false},"excerpt":{"rendered":"La cantante\u00a0Leire Mart\u00ednez, reconocida actualmente como jurado de\u00a0Operaci\u00f3n Triunfo 2025, ha abordado de forma p\u00fablica las presiones y&hellip;\n","protected":false},"author":2,"featured_media":260334,"comment_status":"","ping_status":"","sticky":false,"template":"","format":"standard","meta":{"footnotes":""},"categories":[171],"tags":[12339,5233,146,147,25,24,12648,36729,4920,222,65092,23,214],"class_list":{"0":"post-260333","1":"post","2":"type-post","3":"status-publish","4":"format-standard","5":"has-post-thumbnail","7":"category-tv","8":"tag-amenazas","9":"tag-audiencias-um","10":"tag-entertainment","11":"tag-entretenimiento","12":"tag-es","13":"tag-espana","14":"tag-ia-news","15":"tag-leire-martinez","16":"tag-muerte","17":"tag-operacion-triunfo","18":"tag-ot2025","19":"tag-spain","20":"tag-tv"},"share_on_mastodon":{"url":"https:\/\/pubeurope.com\/@es\/115627505176620926","error":""},"_links":{"self":[{"href":"https:\/\/www.europesays.com\/es\/wp-json\/wp\/v2\/posts\/260333","targetHints":{"allow":["GET"]}}],"collection":[{"href":"https:\/\/www.europesays.com\/es\/wp-json\/wp\/v2\/posts"}],"about":[{"href":"https:\/\/www.europesays.com\/es\/wp-json\/wp\/v2\/types\/post"}],"author":[{"embeddable":true,"href":"https:\/\/www.europesays.com\/es\/wp-json\/wp\/v2\/users\/2"}],"replies":[{"embeddable":true,"href":"https:\/\/www.europesays.com\/es\/wp-json\/wp\/v2\/comments?post=260333"}],"version-history":[{"count":0,"href":"https:\/\/www.europesays.com\/es\/wp-json\/wp\/v2\/posts\/260333\/revisions"}],"wp:featuredmedia":[{"embeddable":true,"href":"https:\/\/www.europesays.com\/es\/wp-json\/wp\/v2\/media\/260334"}],"wp:attachment":[{"href":"https:\/\/www.europesays.com\/es\/wp-json\/wp\/v2\/media?parent=260333"}],"wp:term":[{"taxonomy":"category","embeddable":true,"href":"https:\/\/www.europesays.com\/es\/wp-json\/wp\/v2\/categories?post=260333"},{"taxonomy":"post_tag","embeddable":true,"href":"https:\/\/www.europesays.com\/es\/wp-json\/wp\/v2\/tags?post=260333"}],"curies":[{"name":"wp","href":"https:\/\/api.w.org\/{rel}","templated":true}]}}