{"id":260335,"date":"2025-11-28T13:14:09","date_gmt":"2025-11-28T13:14:09","guid":{"rendered":"https:\/\/www.europesays.com\/es\/260335\/"},"modified":"2025-11-28T13:14:09","modified_gmt":"2025-11-28T13:14:09","slug":"la-nueva-vida-de-alizee","status":"publish","type":"post","link":"https:\/\/www.europesays.com\/es\/260335\/","title":{"rendered":"la nueva vida de Aliz\u00e9e"},"content":{"rendered":"<p class=\"c-paragraph\">Aliz\u00e9e Jacotey naci\u00f3 en Ajaccio, capital de la isla francesa de C\u00f3rcega, en 1984. En 1999 ganaba el concurso televisivo Graines de star\u00a0y fue entonces cuando Myl\u00e8ne Farmer, cantante y compositora, y el compositor y productor Laurent Boutonnat pusieron el ojo en ella y decidieron que la convertir\u00edan en una estrella.<\/p>\n<p class=\"c-paragraph\">Empezaba entonces la andadura p\u00fablica de la joven que, en el a\u00f1o 2000, lanzar\u00eda su \u00e1lbum debut, Gourmandises.<\/p>\n<p class=\"c-paragraph\">El trabajo <b>se presentaba con el sencillo <\/b><b>Moi&#8230; Lolita<\/b>, obra de Farmer y Boutonnat, y en su representaci\u00f3n Aliz\u00e9e, que ten\u00eda por entonces diecis\u00e9is a\u00f1os, interpretaba el papel de \u00abuna joven seductora y provocativa\u00bb, haciendo referencia al arquetipo de \u00abLolita\u00bb de la novela de Vladimir Nabokov.<\/p>\n<p class=\"c-paragraph\">Cabe aqu\u00ed decir que la canci\u00f3n, que lanzaba mensajes tan intensos como \u00ab<b><b>cuando sue\u00f1o con lobos, es Lola quien sangra<\/b><\/b>\u00ab,\u00a0en realidad no se centraba en \u00abla provocaci\u00f3n de la ni\u00f1a\u00bb, sino en la culpa de los hombres que estaban a su alrededor \u00ab<b>esperando a que se rindiera para abalanzarse sobre ella<\/b>\u00ab. El videoclip terminaba con una imagen siniestra de un hombre adulto sigui\u00e9ndola en el camino de vuelta a casa tras una noche de baile.<\/p>\n<p class=\"c-paragraph\">Con todo, tanto letra como interpretaci\u00f3n generaron controversia por ligar la seducci\u00f3n a una ni\u00f1a tan joven, pero lanzaron a Aliz\u00e9e a la fama internacional y\u00a0Moi&#8230; Lolita\u00a0alcanz\u00f3 el n\u00famero 1 en Francia, Italia y Espa\u00f1a.<\/p>\n<p class=\"c-paragraph\">Tras el \u00e9xito de su debut, la cantante experiment\u00f3 un crecimiento r\u00e1pido y cambiante. En los a\u00f1os siguientes publicar\u00eda \u00e1lbumes como Mes courant \u00e9lectriques o Psych\u00e9d\u00e9lices, ya sin la tutela de quienes hab\u00edan sido sus descubridores; el giro creativo se hizo evidente, su fama empez\u00f3 a reducirse a las fronteras francas y <b>el baile empez\u00f3 a tener m\u00e1s peso<\/b> en su faceta art\u00edstica.<\/p>\n<p class=\"c-paragraph\">En 2013 particip\u00f3 en la cuarta temporada de Dans avec les stars y cuando, en 2015, su \u00e1lbum Blonde\u00a0no alcanz\u00f3 el \u00e9xito comercial esperado, Aliz\u00e9e abri\u00f3 junto a su marido, el tambi\u00e9n bailar\u00edn Gr\u00e9goire Lyonnet, <b>una academia de danza en su Ajaccio natal<\/b>, y la m\u00fasica empez\u00f3 a ocupar un segundo plano en su vida.<\/p>\n<p class=\"c-paragraph\">Hoy, el Estudio de danza Lyonnet es, generalmente, la principal actividad del matrimonio, aunque la cantante inici\u00f3 este a\u00f1o una gira para celebrar sus 25 a\u00f1os en la m\u00fasica que, debido a su \u00e9xito en todas las ciudades de Francia donde ha actuado, se extender\u00e1 tambi\u00e9n a 2026 por ciudades como Marsella, Lyon o Montpellier, aunque, a pesar de las peticiones de sus fans internacionales, seguir\u00e1 sin salir de sus fronteras.<\/p>\n","protected":false},"excerpt":{"rendered":"Aliz\u00e9e Jacotey naci\u00f3 en Ajaccio, capital de la isla francesa de C\u00f3rcega, en 1984. En 1999 ganaba el&hellip;\n","protected":false},"author":2,"featured_media":260336,"comment_status":"","ping_status":"","sticky":false,"template":"","format":"standard","meta":{"footnotes":""},"categories":[170],"tags":[4495,988,146,147,25,24,14098,65093,184,185,795,23],"class_list":{"0":"post-260335","1":"post","2":"type-post","3":"status-publish","4":"format-standard","5":"has-post-thumbnail","7":"category-musica","8":"tag-4495","9":"tag-anos","10":"tag-entertainment","11":"tag-entretenimiento","12":"tag-es","13":"tag-espana","14":"tag-lolita","15":"tag-moi","16":"tag-music","17":"tag-musica","18":"tag-nueva","19":"tag-spain"},"share_on_mastodon":{"url":"https:\/\/pubeurope.com\/@es\/115627508971599481","error":""},"_links":{"self":[{"href":"https:\/\/www.europesays.com\/es\/wp-json\/wp\/v2\/posts\/260335","targetHints":{"allow":["GET"]}}],"collection":[{"href":"https:\/\/www.europesays.com\/es\/wp-json\/wp\/v2\/posts"}],"about":[{"href":"https:\/\/www.europesays.com\/es\/wp-json\/wp\/v2\/types\/post"}],"author":[{"embeddable":true,"href":"https:\/\/www.europesays.com\/es\/wp-json\/wp\/v2\/users\/2"}],"replies":[{"embeddable":true,"href":"https:\/\/www.europesays.com\/es\/wp-json\/wp\/v2\/comments?post=260335"}],"version-history":[{"count":0,"href":"https:\/\/www.europesays.com\/es\/wp-json\/wp\/v2\/posts\/260335\/revisions"}],"wp:featuredmedia":[{"embeddable":true,"href":"https:\/\/www.europesays.com\/es\/wp-json\/wp\/v2\/media\/260336"}],"wp:attachment":[{"href":"https:\/\/www.europesays.com\/es\/wp-json\/wp\/v2\/media?parent=260335"}],"wp:term":[{"taxonomy":"category","embeddable":true,"href":"https:\/\/www.europesays.com\/es\/wp-json\/wp\/v2\/categories?post=260335"},{"taxonomy":"post_tag","embeddable":true,"href":"https:\/\/www.europesays.com\/es\/wp-json\/wp\/v2\/tags?post=260335"}],"curies":[{"name":"wp","href":"https:\/\/api.w.org\/{rel}","templated":true}]}}