{"id":260341,"date":"2025-11-28T13:17:26","date_gmt":"2025-11-28T13:17:26","guid":{"rendered":"https:\/\/www.europesays.com\/es\/260341\/"},"modified":"2025-11-28T13:17:26","modified_gmt":"2025-11-28T13:17:26","slug":"el-precio-de-la-inaccion-infancias-expuestas-al-vih","status":"publish","type":"post","link":"https:\/\/www.europesays.com\/es\/260341\/","title":{"rendered":"El precio de la inacci\u00f3n: infancias expuestas al VIH"},"content":{"rendered":"<p>\n\t\t\tPublicado el<br \/>\n\t28 Noviembre 2025<\/p>\n<p>Un reciente an\u00e1lisis publicado por UNAIDS, UNICEF y Avenir Health \u2014y citado por la propia ONU\u2014 advierte de que los recortes abruptos de financiaci\u00f3n desde 2025 est\u00e1n poniendo en riesgo d\u00e9cadas de avances en la lucha contra el VIH infantil. Seg\u00fan estas fuentes, si no se refuerza el compromiso pol\u00edtico y financiero, millones de ni\u00f1os podr\u00edan quedar expuestos a infecciones evitables y a muertes relacionadas con el sida en los pr\u00f3ximos 15 a\u00f1os.<\/p>\n<p>\t<img loading=\"lazy\" decoding=\"async\" src=\"http:\/\/diarioresponsable.com\/images-webp\/articulos\/full\/ninos-vih-dr-256-copy.webp\" alt=\"El precio de la inacci\u00f3n: infancias expuestas al VIH\" class=\"aixeena-images size-630 hidden-xs hidden-sm\" itemprop=\"image\" width=\"600\" height=\"400\"\/><\/p>\n<p>Yannis H <\/p>\n<p>\t<img decoding=\"async\" fetchpriority=\"high\" src=\"http:\/\/diarioresponsable.com\/images-webp\/articulos\/full-380\/ninos-vih-dr-256-copy.webp\" alt=\"El precio de la inacci\u00f3n: infancias expuestas al VIH\" class=\"aixeena-images size-380 visible-xs visible-sm\" itemprop=\"image\" width=\"380\" height=\"253\"\/><\/p>\n<p data-start=\"609\" data-end=\"1195\">El informe \u201cTheir Future is on the Line: Cost of Inaction on HIV for Children\u201d, difundido por UNAIDS, UNICEF y Avenir Health, se\u00f1ala que aunque la solidaridad internacional y los avances cient\u00edficos han permitido reducir dr\u00e1sticamente las nuevas infecciones y las muertes asociadas al sida \u2014especialmente entre madres y ni\u00f1os\u2014, esa trayectoria positiva empieza a resquebrajarse. Seg\u00fan detalla el documento, los recortes de financiaci\u00f3n iniciados en 2025 ya est\u00e1n afectando a programas esenciales de prevenci\u00f3n, tratamiento y cuidados para mujeres embarazadas, lactantes y menores.<\/p>\n<p data-start=\"1197\" data-end=\"1558\">Las organizaciones responsables del estudio alertan de que, cada d\u00eda, nuevas madres contraen VIH durante el embarazo o la lactancia, y demasiados beb\u00e9s nacen sin acceso a pruebas y tratamientos tempranos. Los gobiernos y las comunidades locales est\u00e1n haciendo todo lo posible para sostener la respuesta, pero, seg\u00fan subraya UNICEF, no pueden hacerlo en soledad.<\/p>\n<p data-start=\"1560\" data-end=\"2120\">El an\u00e1lisis incorpora nuevas proyecciones que modelan tres posibles futuros en funci\u00f3n del nivel de cobertura de las intervenciones durante los pr\u00f3ximos 15 a\u00f1os. En el escenario m\u00e1s optimista, si se alcanzaran los objetivos globales gracias a una financiaci\u00f3n suficiente, podr\u00edan evitarse 410.000 nuevas infecciones infantiles y 520.000 muertes relacionadas con el sida de aqu\u00ed a 2040. En un panorama de continuidad, sin avances ni retrocesos significativos, el mundo afrontar\u00eda 1,9 millones de infecciones y 990.000 muertes en menores.<\/p>\n<p data-start=\"2122\" data-end=\"2471\">El peor escenario, tambi\u00e9n considerado plausible por UNAIDS debido a los recortes actuales, plantea una reducci\u00f3n del 50% en la cobertura de los programas. Las consecuencias ser\u00edan devastadoras: 1,1 millones de ni\u00f1os adicionales adquirir\u00edan VIH y 820.000 menores m\u00e1s perder\u00edan la vida por causas vinculadas al sida en el mismo periodo.<\/p>\n<p data-start=\"2473\" data-end=\"2858\">Estas cifras, seg\u00fan enfatiza el informe, no son proyecciones te\u00f3ricas: reflejan la realidad de muchos pa\u00edses que ya ven debilitada su capacidad de ofrecer servicios esenciales. Sin financiaci\u00f3n estable, caer\u00e1 la prevenci\u00f3n de la transmisi\u00f3n vertical, se dificultar\u00e1 el acceso a terapias antirretrovirales para mujeres y ni\u00f1os, y se comprometer\u00e1n servicios comunitarios de alto impacto.<\/p>\n<p data-start=\"2860\" data-end=\"3154\">Desde UNAIDS insisten en que no se trata de un problema tecnol\u00f3gico ni cient\u00edfico: \u201clas herramientas para evitar estas muertes existen desde hace a\u00f1os\u201d. Lo que falta \u2014seg\u00fan recalca el informe\u2014 es voluntad pol\u00edtica y recursos sostenidos para proteger los avances que cost\u00f3 d\u00e9cadas construir.<\/p>\n<p data-start=\"3156\" data-end=\"3470\">Entre las prioridades urgentes, las agencias internacionales se\u00f1alan la necesidad de mantener una financiaci\u00f3n predecible para prevenir nuevas infecciones, blindar los programas dirigidos a mujeres y a poblaci\u00f3n infantil, y reforzar la cooperaci\u00f3n global entre gobiernos, donantes, sociedad civil y sector privado. La conclusi\u00f3n, compartida por UNICEF y Avenir Health, es contundente: los ni\u00f1os no pueden ser quienes paguen el precio de la inacci\u00f3n mundial. El rumbo que se decida ahora determinar\u00e1 si el mundo logra avanzar hacia el fin del sida infantil\u2026 o si retrocede a cifras que cre\u00edamos superadas.<\/p>\n<p style=\"text-align: center;\"><strong>\u00a1Comparte este contenido en redes!<\/strong><\/p>\n","protected":false},"excerpt":{"rendered":"Publicado el 28 Noviembre 2025 Un reciente an\u00e1lisis publicado por UNAIDS, UNICEF y Avenir Health \u2014y citado por&hellip;\n","protected":false},"author":2,"featured_media":260342,"comment_status":"","ping_status":"","sticky":false,"template":"","format":"standard","meta":{"footnotes":""},"categories":[92],"tags":[25,24,165,166,23],"class_list":{"0":"post-260341","1":"post","2":"type-post","3":"status-publish","4":"format-standard","5":"has-post-thumbnail","7":"category-salud","8":"tag-es","9":"tag-espana","10":"tag-health","11":"tag-salud","12":"tag-spain"},"share_on_mastodon":{"url":"https:\/\/pubeurope.com\/@es\/115627520518795322","error":""},"_links":{"self":[{"href":"https:\/\/www.europesays.com\/es\/wp-json\/wp\/v2\/posts\/260341","targetHints":{"allow":["GET"]}}],"collection":[{"href":"https:\/\/www.europesays.com\/es\/wp-json\/wp\/v2\/posts"}],"about":[{"href":"https:\/\/www.europesays.com\/es\/wp-json\/wp\/v2\/types\/post"}],"author":[{"embeddable":true,"href":"https:\/\/www.europesays.com\/es\/wp-json\/wp\/v2\/users\/2"}],"replies":[{"embeddable":true,"href":"https:\/\/www.europesays.com\/es\/wp-json\/wp\/v2\/comments?post=260341"}],"version-history":[{"count":0,"href":"https:\/\/www.europesays.com\/es\/wp-json\/wp\/v2\/posts\/260341\/revisions"}],"wp:featuredmedia":[{"embeddable":true,"href":"https:\/\/www.europesays.com\/es\/wp-json\/wp\/v2\/media\/260342"}],"wp:attachment":[{"href":"https:\/\/www.europesays.com\/es\/wp-json\/wp\/v2\/media?parent=260341"}],"wp:term":[{"taxonomy":"category","embeddable":true,"href":"https:\/\/www.europesays.com\/es\/wp-json\/wp\/v2\/categories?post=260341"},{"taxonomy":"post_tag","embeddable":true,"href":"https:\/\/www.europesays.com\/es\/wp-json\/wp\/v2\/tags?post=260341"}],"curies":[{"name":"wp","href":"https:\/\/api.w.org\/{rel}","templated":true}]}}