{"id":260345,"date":"2025-11-28T13:19:13","date_gmt":"2025-11-28T13:19:13","guid":{"rendered":"https:\/\/www.europesays.com\/es\/260345\/"},"modified":"2025-11-28T13:19:13","modified_gmt":"2025-11-28T13:19:13","slug":"la-nasa-confirma-actividad-atmosferica-en-marte-por-primera-vez-en-la-historia-que-significa","status":"publish","type":"post","link":"https:\/\/www.europesays.com\/es\/260345\/","title":{"rendered":"La NASA confirma actividad atmosf\u00e9rica en Marte por primera vez en la historia: \u00bfqu\u00e9 significa?"},"content":{"rendered":"<p class=\"description\"><b>\u00a1\u00daLTIMA OPORTUNIDAD DE BLACK FRIDAY!<\/b> Suscr\u00edbete hoy a National Geographic por <b>0,75\u20ac al mes<\/b>. \u00a1-82% dto!<\/p>\n<p class=\"description\"><b>\u00a1NOVEDAD!<\/b> Ya disponible la edici\u00f3n especial <b>El cerebro infantil<\/b> de la colecci\u00f3n Los Secretos del Cerebro de National Geographic.<\/p>\n<p lang=\"ES-ES\" paraeid=\"{ac3c6f13-af5a-49a9-8ec0-c45cb40b6a2f}{149}\" paraid=\"363788079\" xml:lang=\"ES-ES\">Hace tiempo que <strong>los astrof\u00edsicos vienen estudiando de cerca la actividad atmosf\u00e9rica de Marte <\/strong>en busca de datos que permitan una futura colonizaci\u00f3n del planeta rojo. Sin embargo, hasta la fecha no se hab\u00eda tenido constancia de la existencia de actividad el\u00e9ctrica.<\/p>\n<p data-pm-slice=\"1 1 []\">Ahora, un equipo cient\u00edfico internacional liderado por Baptiste Chide, del Instituto Franc\u00e9s de Investigaci\u00f3n de Astrof\u00edsica y Planetolog\u00eda, ha\u00a0identificado\u00a0por primera vez <strong>se\u00f1ales ac\u00fasticas y el\u00e9ctricas que podr\u00edan responder a peque\u00f1as descargas en el cr\u00e1ter Jezero<\/strong>, donde opera el <a href=\"https:\/\/www.nationalgeographic.com.es\/ciencia\/objetivos-rover-perseverance-marte_16363\" rel=\"nofollow noopener\" target=\"_blank\">rover Perseverance desde 2021<\/a>. \u00bfQu\u00e9 significa exactamente? \u00bfSe producen tormentas el\u00e9ctricas como en la Tierra? No exactamente. \u00a0<\/p>\n<p>Para empezar, el propio estudio indica que hasta la fecha <strong>se han documentado casos de actividad el\u00e9ctrica en otros planetas del sistema solar,<\/strong> como Saturno y J\u00fapiter. \u201cEn Marte hace mucho tiempo que se ha sospechado la existencia de actividad el\u00e9ctrica, pero nunca hab\u00eda podido demostrarse directamente\u201d, se\u00f1ala la investigaci\u00f3n, en la que se detalla que la polvorienta a<strong>tm\u00f3sfera marciana experimenta episodios\u00a0e\u00f3licos\u00a0que se traducen en tormentas de polvo y arena<\/strong>, visibles a miles de kil\u00f3metros. En la Tierra, estos episodios pueden desencadenar tormentas el\u00e9ctricas, por lo que los cient\u00edficos predec\u00edan que en Marte podr\u00eda ocurrir un fen\u00f3meno similar.<\/p>\n<p><strong>Grabaciones de los \u00faltimos cuatro a\u00f1os<\/strong>\u00a0<\/p>\n<p>Pero que nadie se lleve a enga\u00f1o. Hasta ahora <strong>nadie ha visto un rel\u00e1mpago en Marte. <\/strong>Para llegar a esta conclusi\u00f3n, los cient\u00edficos examinaron 28 horas de <strong>grabaciones tomadas durante dos a\u00f1os marcianos, el equivalente a cuatro a\u00f1os terrestres, en la superficie del cr\u00e1ter Jezero.<\/strong> Analizando el material, detectaron hasta <strong>55 eventos\u00a0el\u00e9ctricos\u00a0que, seg\u00fan el doctor Chide, indican que las descargas ocurren principalmente durante el levantamiento de polvo marciano<\/strong>, aunque no est\u00e1 relacionado con la opacidad de la atm\u00f3sfera, lo que sugiere que se trata de fen\u00f3menos independientes de la composici\u00f3n atmosf\u00e9rica. \u00a0<\/p>\n<p><strong>Diablos de polvo<\/strong>\u00a0<\/p>\n<p>Quiz\u00e1 una de las cuestiones m\u00e1s fascinantes es d\u00f3nde se produce esta actividad el\u00e9ctrica. Se trata de unas <strong>perturbaciones llamadas \u2018diablos de polvo\u2019, caracterizadas por potentes vientos que pueden llegar a los 158 kil\u00f3metros por hora. <\/strong>\u00a0<\/p>\n<p>La detecci\u00f3n de estos potentes remolinos sorprendi\u00f3 a la comunidad cient\u00edfica el pasado octubre, cuando las sondas espaciales Mars Express y Exo Mars Trace Orbiter, de la Agencia Espacial Europea (ESA) detectaron y publicaron estos fen\u00f3menos en la revista Science Advance. La primera investigaci\u00f3n llevada a cabo sobre este fen\u00f3meno <strong>rastre\u00f3 un total de 1.039 torbellinos de polvo en la superficie marciana que dejaba clara la potencia que pod\u00edan desarrollar este tipo de fen\u00f3menos. <\/strong><\/p>\n<p>\u00a0<\/p>\n<p><img loading=\"lazy\" decoding=\"async\"   src=\"https:\/\/www.europesays.com\/es\/wp-content\/uploads\/2025\/11\/ver-infografia-la-ciencia-persevera-para-conocer-mas-a-fondo-al-rover-perseverance_00000000_a810fbdb.webp\" alt=\"Ver infograf\u00eda &quot;La ciencia persevera&quot; para conocer m\u00e1s a fondo al Rover Perseverance.\" class=\"lazyload\" width=\"800\" height=\"579\" data-aspectratio=\"800\/579\"\/>&#13;<\/p>\n<p>Infograf\u00eda sobre c\u00f3mo es el Rover Perseverance<\/p>\n<p>Por suerte, <strong>es una gran tormenta para el ecosistema marciano, pero pr\u00e1cticamente indetectable para las futuras misiones marcianas.<\/strong> La propia ESA informaba entonces en un comunicado que <strong>el aire marciano es tan tenue que all\u00ed un astronauta no notar\u00eda una\u00a0r\u00e1faga\u00a0de 100 kil\u00f3metros por hora. \u00a0<\/strong><\/p>\n<p>&#13;<img decoding=\"async\" src=\"https:\/\/www.europesays.com\/es\/wp-content\/uploads\/2025\/11\/un-escaner-cerebral_0e72d1ea_251127151404_800x800.webp.webp\" alt=\"Un esc\u00e1ner cerebral\" class=\"image lazyload\"\/><\/p>\n<p>En este sentido, los cient\u00edficos detectaron descargas el\u00e9ctricas en estos remolinos de polvo, con lo que concluyen que otros diablos de polvo con caracter\u00edsticas similares probablemente tambi\u00e9n generen descargas de energ\u00eda similares. <strong>\u00bfCu\u00e1nta?<\/strong> Ese es el quid de la cuesti\u00f3n. Seg\u00fan sus c\u00e1lculos, pueden oscilar entre los <strong>1 y 105 microjulios por kil\u00f3metro cuadrado, <\/strong>dependiendo de la intensidad de los v\u00f3rtices. Nada que temer, aproximadamente es <strong>unas 10.000 veces menor la energ\u00eda necesaria para encender un LED durante un segundo<\/strong>. \u201cPor supuesto, no te matar\u00e1\u201d, sentenci\u00f3 el doctor Chide. \u00a0<\/p>\n<p><strong>Estuvo cerca<\/strong>\u00a0<\/p>\n<p>Analizando las emisiones de radio de la descarga el\u00e9ctrica y el estallido de un peque\u00f1o trueno (de un modo similar al que se produce en la Tierra, aunque de una manera mucho m\u00e1s tenue), los cient\u00edficos <strong>dedujeron que el rel\u00e1mpago ocurri\u00f3 aproximadamente a dos metros de distancia del rover Perseverance.<\/strong> Adem\u00e1s, identificaron descargas todav\u00eda m\u00e1s d\u00e9biles y silenciosas que se produjeron mucho m\u00e1s cerca, a apenas unos cent\u00edmetros del micr\u00f3fono. \u00a0<\/p>\n<blockquote>\n<p>\u00abPor supuesto, estas tormentas no te matar\u00e1n\u201d. Baptiste Chide, cient\u00edfico del Instituto Franc\u00e9s de Investigaci\u00f3n de Astrof\u00edsica y Planetolog\u00eda.<\/p>\n<\/blockquote>\n<p>Aunque es la primera vez que se registra actividad el\u00e9ctrica en la atm\u00f3sfera marciana, no es la primera vez que se informa de se\u00f1ales el\u00e9ctricas en Marte. En 2009, un equipo de investigadores liderado por <a href=\"https:\/\/deepblue.lib.umich.edu\/handle\/2027.42\/98588\" rel=\"nofollow noopener\" target=\"_blank\">Christopher Ruf y Nilton Renno,<\/a> de la Universidad de Michigan, inform\u00f3 que hab\u00edan detectado emisiones de microondas\u00a0procedentes\u00a0del suelo marciano que no <strong>pod\u00edan explicarse por las emisiones de calor del planeta. <\/strong><\/p>\n<p>Una se\u00f1al que coincidi\u00f3 con una fuerte tormenta de polvo que hizo pensar a los cient\u00edficos que nos encontr\u00e1bamos ante un episodio de rel\u00e1mpagos secos. A diferencia de este caso, e<strong>sas mediciones se llevaron a cabo desde un radiotelescopio terrestre,<\/strong> con lo que, cuando una sonda europea sobrevol\u00f3 la zona para verificar la hip\u00f3tesis, no pudo hacerlo. Ahora, la confirmaci\u00f3n de que existen rel\u00e1mpagos en Marte llega desde el propio suelo marciano, y todo hace pensar que no ser\u00e1 la \u00fanica sorpresa que nos desvele el rover Perseverance.<\/p>\n","protected":false},"excerpt":{"rendered":"\u00a1\u00daLTIMA OPORTUNIDAD DE BLACK FRIDAY! Suscr\u00edbete hoy a National Geographic por 0,75\u20ac al mes. \u00a1-82% dto! \u00a1NOVEDAD! Ya&hellip;\n","protected":false},"author":2,"featured_media":260346,"comment_status":"","ping_status":"","sticky":false,"template":"","format":"standard","meta":{"footnotes":""},"categories":[81],"tags":[119,123,124,25,24,1408,448,1407,1409,117,121,122,23,118,120,226],"class_list":{"0":"post-260345","1":"post","2":"type-post","3":"status-publish","4":"format-standard","5":"has-post-thumbnail","7":"category-ciencia-y-tecnologia","8":"tag-ciencia","9":"tag-ciencia-y-tecnologia","10":"tag-cienciaytecnologia","11":"tag-es","12":"tag-espana","13":"tag-geographic","14":"tag-historia","15":"tag-national","16":"tag-naturaleza","17":"tag-science","18":"tag-science-and-technology","19":"tag-scienceandtechnology","20":"tag-spain","21":"tag-technology","22":"tag-tecnologia","23":"tag-viajes"},"share_on_mastodon":{"url":"https:\/\/pubeurope.com\/@es\/115627529022644629","error":""},"_links":{"self":[{"href":"https:\/\/www.europesays.com\/es\/wp-json\/wp\/v2\/posts\/260345","targetHints":{"allow":["GET"]}}],"collection":[{"href":"https:\/\/www.europesays.com\/es\/wp-json\/wp\/v2\/posts"}],"about":[{"href":"https:\/\/www.europesays.com\/es\/wp-json\/wp\/v2\/types\/post"}],"author":[{"embeddable":true,"href":"https:\/\/www.europesays.com\/es\/wp-json\/wp\/v2\/users\/2"}],"replies":[{"embeddable":true,"href":"https:\/\/www.europesays.com\/es\/wp-json\/wp\/v2\/comments?post=260345"}],"version-history":[{"count":0,"href":"https:\/\/www.europesays.com\/es\/wp-json\/wp\/v2\/posts\/260345\/revisions"}],"wp:featuredmedia":[{"embeddable":true,"href":"https:\/\/www.europesays.com\/es\/wp-json\/wp\/v2\/media\/260346"}],"wp:attachment":[{"href":"https:\/\/www.europesays.com\/es\/wp-json\/wp\/v2\/media?parent=260345"}],"wp:term":[{"taxonomy":"category","embeddable":true,"href":"https:\/\/www.europesays.com\/es\/wp-json\/wp\/v2\/categories?post=260345"},{"taxonomy":"post_tag","embeddable":true,"href":"https:\/\/www.europesays.com\/es\/wp-json\/wp\/v2\/tags?post=260345"}],"curies":[{"name":"wp","href":"https:\/\/api.w.org\/{rel}","templated":true}]}}