{"id":260349,"date":"2025-11-28T13:22:08","date_gmt":"2025-11-28T13:22:08","guid":{"rendered":"https:\/\/www.europesays.com\/es\/260349\/"},"modified":"2025-11-28T13:22:08","modified_gmt":"2025-11-28T13:22:08","slug":"detenida-otra-exmonja-de-belorado-por-presunta-apropiacion-indebida-de-piezas-de-patrimonio-historico","status":"publish","type":"post","link":"https:\/\/www.europesays.com\/es\/260349\/","title":{"rendered":"Detenida otra exmonja de Belorado por presunta apropiaci\u00f3n indebida de piezas de patrimonio hist\u00f3rico"},"content":{"rendered":"<p><strong>La Guardia Civil ha detenido a otra exmonja del convento de Belorado<\/strong>, tras arrestar este jueves a la <strong>exabadesa, Laura Garc\u00eda de Viedma<\/strong>, como presuntas autoras de delitos de apropiaci\u00f3n indebida agravada, presuntamente responsables de la <strong>venta, extracci\u00f3n y transmisi\u00f3n de obras de arte del monasterio<\/strong>; y a un <strong>anticuario de la provincia de Le\u00f3n<\/strong>, como presunto autor de un delito continuado de receptaci\u00f3n, al adquirir dichas piezas sin exigir acreditaci\u00f3n de su l\u00edcita procedencia.<\/p>\n<p>La Guardia Civil ha informado de que la <strong>Unidad Org\u00e1nica de Polic\u00eda Judicial de la Comandancia de Burgos<\/strong> desarrolla una investigaci\u00f3n por la presunta <strong>apropiaci\u00f3n indebida<\/strong> de bienes catalogados como patrimonio hist\u00f3rico en el Monasterio de Santa Mar\u00eda de la Bretonera, en Belorado (Burgos). <\/p>\n<p>En una nota, informa de que los agentes detectaron en el mercado especializado de antig\u00fcedades diversas obras de arte catalogadas que pod\u00edan corresponder al patrimonio hist\u00f3rico del monasterio de Belorado y ante la <strong>sospecha de que pudieran haber sido sustra\u00eddas o transmitidas sin autorizaci\u00f3n<\/strong>, comenz\u00f3 la investigaci\u00f3n para determinar su origen y el posible recorrido il\u00edcito de las obras.<\/p>\n<p>Venta en internet de varias piezas hist\u00f3ricas de Belorado<\/p>\n<p>Fruto de esta labor, se constat\u00f3 la venta a trav\u00e9s de internet de varias piezas hist\u00f3ricas de Santa Mar\u00eda de Bretorena, y en una tienda de antig\u00fcedades de Madrid, una <strong>figura de San Antonio de Padua del S. XVII<\/strong>, perteneciente tambi\u00e9n al monasterio burgal\u00e9s, obra que han sido recuperadas por la Guardia Civil.<\/p>\n<p>Por ello, se efectu\u00f3 la <strong>entrada y registro en los monasterios de Santa Mar\u00eda de Bretonera de Belorado, y de Santa Clara de Ordu\u00f1a (Bizkaia)<\/strong>, intervini\u00e9ndose diversas obras para su puesta a disposici\u00f3n judicial y que se encuentran pendientes de inventariar.<\/p>\n<p>Durante del registro del monasterio vizca\u00edno se han localizado un significativo n\u00famero de obras de arte, pertenecientes al monasterio de Belorado, que hab\u00edan sido trasladadas sin autorizaci\u00f3n.<\/p>\n<p>Condenadas a abandonar el monasterio<\/p>\n<p>El juzgado de Briviesca fall\u00f3 en agosto pasado a favor de la Iglesia cat\u00f3lica en su demanda de desahucio contra las exmonjas de Belorado, excomulgadas de la Iglesia tras declararse cism\u00e1ticas, y las <strong>conden\u00f3 a abandonar el monasterio. <\/strong><\/p>\n<p>El pasado<strong> 20 de noviembre<\/strong>, el Juzgado de Primera Instancia n\u00famero 1 de Bilbao notific\u00f3 la <strong>demanda de desahucio <\/strong>presentada hace un a\u00f1o por el Arzobispado de Burgos para que las exmonjas abandonaran el <strong>Monasterio de Ordu\u00f1a (Bizkaia)<\/strong>, tambi\u00e9n de su propiedad y en el que actualmente residen las cinco monjas ancianas junto a algunas j\u00f3venes para su cuidado.<\/p>\n<p>El conflicto de las exclarisas cism\u00e1ticas se agrava ahora con la detenci\u00f3n de la exabadesa que ya estaba siendo investigada por la<strong> venta de oro <\/strong>y un complejo entramado de <strong>estafas<\/strong> agravadas que implican el alquiler de inmuebles monacales y ahora con el intento de <strong>apropiaci\u00f3n de bienes<\/strong>.<\/p>\n","protected":false},"excerpt":{"rendered":"La Guardia Civil ha detenido a otra exmonja del convento de Belorado, tras arrestar este jueves a la&hellip;\n","protected":false},"author":2,"featured_media":260350,"comment_status":"","ping_status":"","sticky":false,"template":"","format":"standard","meta":{"footnotes":""},"categories":[8],"tags":[17,18,25,24,13,14,11,19,20,9,10,15,16,23,12,21,22],"class_list":{"0":"post-260349","1":"post","2":"type-post","3":"status-publish","4":"format-standard","5":"has-post-thumbnail","7":"category-espana","8":"tag-breaking-news","9":"tag-breakingnews","10":"tag-es","11":"tag-espana","12":"tag-featured-news","13":"tag-featurednews","14":"tag-headlines","15":"tag-latest-news","16":"tag-latestnews","17":"tag-news","18":"tag-noticias","19":"tag-noticias-destacadas","20":"tag-noticiasdestacadas","21":"tag-spain","22":"tag-titulares","23":"tag-ultimas-noticias","24":"tag-ultimasnoticias"},"share_on_mastodon":{"url":"https:\/\/pubeurope.com\/@es\/115627540209871894","error":""},"_links":{"self":[{"href":"https:\/\/www.europesays.com\/es\/wp-json\/wp\/v2\/posts\/260349","targetHints":{"allow":["GET"]}}],"collection":[{"href":"https:\/\/www.europesays.com\/es\/wp-json\/wp\/v2\/posts"}],"about":[{"href":"https:\/\/www.europesays.com\/es\/wp-json\/wp\/v2\/types\/post"}],"author":[{"embeddable":true,"href":"https:\/\/www.europesays.com\/es\/wp-json\/wp\/v2\/users\/2"}],"replies":[{"embeddable":true,"href":"https:\/\/www.europesays.com\/es\/wp-json\/wp\/v2\/comments?post=260349"}],"version-history":[{"count":0,"href":"https:\/\/www.europesays.com\/es\/wp-json\/wp\/v2\/posts\/260349\/revisions"}],"wp:featuredmedia":[{"embeddable":true,"href":"https:\/\/www.europesays.com\/es\/wp-json\/wp\/v2\/media\/260350"}],"wp:attachment":[{"href":"https:\/\/www.europesays.com\/es\/wp-json\/wp\/v2\/media?parent=260349"}],"wp:term":[{"taxonomy":"category","embeddable":true,"href":"https:\/\/www.europesays.com\/es\/wp-json\/wp\/v2\/categories?post=260349"},{"taxonomy":"post_tag","embeddable":true,"href":"https:\/\/www.europesays.com\/es\/wp-json\/wp\/v2\/tags?post=260349"}],"curies":[{"name":"wp","href":"https:\/\/api.w.org\/{rel}","templated":true}]}}