{"id":260351,"date":"2025-11-28T13:23:25","date_gmt":"2025-11-28T13:23:25","guid":{"rendered":"https:\/\/www.europesays.com\/es\/260351\/"},"modified":"2025-11-28T13:23:25","modified_gmt":"2025-11-28T13:23:25","slug":"el-grupo-de-salsa-jon-koldo-protagonizara-este-sabado-el-espectaculo-argiluna-con-el-que-pamplona-inaugura-el-encendido-de-luces-navidenas","status":"publish","type":"post","link":"https:\/\/www.europesays.com\/es\/260351\/","title":{"rendered":"El grupo de salsa Jon Koldo protagonizar\u00e1 este s\u00e1bado el espect\u00e1culo Argiluna, con el que Pamplona inaugura el encendido de luces navide\u00f1as"},"content":{"rendered":"<p>        El grupo de salsa Jon Koldo protagonizar\u00e1 este s\u00e1bado el espect\u00e1culo Argiluna, con el que Pamplona inaugura el encendido de luces navide\u00f1as | Ayuntamiento de Pamplona<\/p>\n<p><a href=\"#main-content\" class=\"visually-hidden focusable skip-link\"><br \/>\n    Pasar al contenido principal<br \/>\n<\/a><\/p>\n<ol class=\"breadcrumb\">\n<li>\n                  <a href=\"https:\/\/www.pamplona.es\/actualidad\" rel=\"nofollow noopener\" target=\"_blank\">Actualidad<\/a>\n              <\/li>\n<li>\n                  <a href=\"https:\/\/www.pamplona.es\/actualidad\/noticias\" rel=\"nofollow noopener\" target=\"_blank\">Noticias<\/a>\n              <\/li>\n<li class=\"active\">\n                  El grupo de salsa Jon Koldo protagonizar\u00e1 este s\u00e1bado el espect\u00e1culo Argiluna, con el que Pamplona inaugura el encendido de luces navide\u00f1as\n              <\/li>\n<\/ol>\n<p>                                                    <a id=\"main-content\"\/><\/p>\n","protected":false},"excerpt":{"rendered":"El grupo de salsa Jon Koldo protagonizar\u00e1 este s\u00e1bado el espect\u00e1culo Argiluna, con el que Pamplona inaugura el&hellip;\n","protected":false},"author":2,"featured_media":260352,"comment_status":"","ping_status":"","sticky":false,"template":"","format":"standard","meta":{"footnotes":""},"categories":[5],"tags":[17,18,25,24,13,14,11,19,20,9,10,15,16,23,12,21,22],"class_list":{"0":"post-260351","1":"post","2":"type-post","3":"status-publish","4":"format-standard","5":"has-post-thumbnail","7":"category-titulares","8":"tag-breaking-news","9":"tag-breakingnews","10":"tag-es","11":"tag-espana","12":"tag-featured-news","13":"tag-featurednews","14":"tag-headlines","15":"tag-latest-news","16":"tag-latestnews","17":"tag-news","18":"tag-noticias","19":"tag-noticias-destacadas","20":"tag-noticiasdestacadas","21":"tag-spain","22":"tag-titulares","23":"tag-ultimas-noticias","24":"tag-ultimasnoticias"},"share_on_mastodon":{"url":"https:\/\/pubeurope.com\/@es\/115627543985029341","error":""},"_links":{"self":[{"href":"https:\/\/www.europesays.com\/es\/wp-json\/wp\/v2\/posts\/260351","targetHints":{"allow":["GET"]}}],"collection":[{"href":"https:\/\/www.europesays.com\/es\/wp-json\/wp\/v2\/posts"}],"about":[{"href":"https:\/\/www.europesays.com\/es\/wp-json\/wp\/v2\/types\/post"}],"author":[{"embeddable":true,"href":"https:\/\/www.europesays.com\/es\/wp-json\/wp\/v2\/users\/2"}],"replies":[{"embeddable":true,"href":"https:\/\/www.europesays.com\/es\/wp-json\/wp\/v2\/comments?post=260351"}],"version-history":[{"count":0,"href":"https:\/\/www.europesays.com\/es\/wp-json\/wp\/v2\/posts\/260351\/revisions"}],"wp:featuredmedia":[{"embeddable":true,"href":"https:\/\/www.europesays.com\/es\/wp-json\/wp\/v2\/media\/260352"}],"wp:attachment":[{"href":"https:\/\/www.europesays.com\/es\/wp-json\/wp\/v2\/media?parent=260351"}],"wp:term":[{"taxonomy":"category","embeddable":true,"href":"https:\/\/www.europesays.com\/es\/wp-json\/wp\/v2\/categories?post=260351"},{"taxonomy":"post_tag","embeddable":true,"href":"https:\/\/www.europesays.com\/es\/wp-json\/wp\/v2\/tags?post=260351"}],"curies":[{"name":"wp","href":"https:\/\/api.w.org\/{rel}","templated":true}]}}