{"id":260357,"date":"2025-11-28T13:33:08","date_gmt":"2025-11-28T13:33:08","guid":{"rendered":"https:\/\/www.europesays.com\/es\/260357\/"},"modified":"2025-11-28T13:33:08","modified_gmt":"2025-11-28T13:33:08","slug":"sonia-y-selena-se-separan-un-ano-despues-de-su-regreso-a-los-escenarios","status":"publish","type":"post","link":"https:\/\/www.europesays.com\/es\/260357\/","title":{"rendered":"Sonia y Selena se separan un a\u00f1o despu\u00e9s de su regreso a los escenarios"},"content":{"rendered":"<p class=\"paragraph\"><b><a href=\"https:\/\/www.heraldo.es\/noticias\/ocio-y-cultura\/2025\/01\/15\/cuenta-atras-benidorm-fest-con-sonia-selena-2001-habriamos-ganado-eurovision-1792110.html\" title=\"Sonia y Selena: &quot;En 2001 habr\u00edamos ganado Eurovisi\u00f3n&quot;\" rel=\"nofollow noopener\" target=\"_blank\">Apenas un a\u00f1o despu\u00e9s de su regreso<\/a><\/b>, el d\u00fao musical <b>Sonia y Selena ha quedado disuelto por decisi\u00f3n unilateral de una de sus componentes,<\/b> Sonia Madoc, \u00abdebido a <b>varias divergencias\u00bb,<\/b> ha informado la agencia de representaci\u00f3n Equipo Locamente Talent que <b>pide disculpas por no poder cumplir con todas las \u00abactuaciones pactadas\u00bb<\/b>.<\/p>\n<p class=\"paragraph\">\u00abPedimos disculpas a todos los compromisos y eventos que no podr\u00e1n contar con las actuaciones pactadas. Iremos resolviendo cada caso uno a uno\u00bb, ha a\u00f1adido la agencia de representaci\u00f3n en un comunicado que hizo publico este jueves a trav\u00e9s de las <a href=\"https:\/\/www.heraldo.es\/tags\/temas\/redes_sociales.html\" title=\"Redes Sociales\" rel=\"nofollow noopener\" target=\"_blank\">redes sociales<\/a>.<\/p>\n<p class=\"paragraph\"><b>\u00abHoy es un d\u00eda triste para el pop nacional <\/b>y para las personas que form\u00e1bamos parte de este proyecto. Sin embargo no tenemos duda de que la m\u00fasica y el legado de Sonia y Selena siempre seguir\u00e1n vivos\u00bb, ha se\u00f1alado.<\/p>\n<p class=\"paragraph\">El d\u00fao musical formado por Sonia Madoc (Barcelona, 1974), la rubia, y Selena Rodr\u00edguez (Castell\u00f3n, 1975), la morena, <b>se conocieron en el a\u00f1o 2000 <\/b>en el estudio del productor Xasqui Ten y un a\u00f1o despu\u00e9s lanzaron su conocida canci\u00f3n &#8216;Yo quiero bailar&#8217;.<\/p>\n<p class=\"paragraph\">Diez a\u00f1os despu\u00e9s del fen\u00f3meno volvieron a reunirse por el aniversario para regrabar su canci\u00f3n estrella, pero la colaboraci\u00f3n tampoco cuaj\u00f3.<\/p>\n<p class=\"paragraph\"><b>En 2024 anunciaron su reuni\u00f3n, esta vez \u00abdesde la armon\u00eda, <\/b>desde el buenrollismo\u00bb y de hacerlo por su \u00abpropia voluntad\u00bb, para ofrecer sus primeros conciertos en d\u00e9cadas y participar en Benidorm Fest 2025 con &#8216;Reinas<\/p>\n","protected":false},"excerpt":{"rendered":"Apenas un a\u00f1o despu\u00e9s de su regreso, el d\u00fao musical Sonia y Selena ha quedado disuelto por decisi\u00f3n&hellip;\n","protected":false},"author":2,"featured_media":260358,"comment_status":"","ping_status":"","sticky":false,"template":"","format":"standard","meta":{"footnotes":""},"categories":[174],"tags":[255,146,147,25,15158,24,256,2596,34777,10850,26026,23],"class_list":{"0":"post-260357","1":"post","2":"type-post","3":"status-publish","4":"format-standard","5":"has-post-thumbnail","7":"category-famosos","8":"tag-celebrities","9":"tag-entertainment","10":"tag-entretenimiento","11":"tag-es","12":"tag-escenarios","13":"tag-espana","14":"tag-famosos","15":"tag-regreso","16":"tag-selena","17":"tag-separan","18":"tag-sonia","19":"tag-spain"},"share_on_mastodon":{"url":"https:\/\/pubeurope.com\/@es\/115627583277054205","error":""},"_links":{"self":[{"href":"https:\/\/www.europesays.com\/es\/wp-json\/wp\/v2\/posts\/260357","targetHints":{"allow":["GET"]}}],"collection":[{"href":"https:\/\/www.europesays.com\/es\/wp-json\/wp\/v2\/posts"}],"about":[{"href":"https:\/\/www.europesays.com\/es\/wp-json\/wp\/v2\/types\/post"}],"author":[{"embeddable":true,"href":"https:\/\/www.europesays.com\/es\/wp-json\/wp\/v2\/users\/2"}],"replies":[{"embeddable":true,"href":"https:\/\/www.europesays.com\/es\/wp-json\/wp\/v2\/comments?post=260357"}],"version-history":[{"count":0,"href":"https:\/\/www.europesays.com\/es\/wp-json\/wp\/v2\/posts\/260357\/revisions"}],"wp:featuredmedia":[{"embeddable":true,"href":"https:\/\/www.europesays.com\/es\/wp-json\/wp\/v2\/media\/260358"}],"wp:attachment":[{"href":"https:\/\/www.europesays.com\/es\/wp-json\/wp\/v2\/media?parent=260357"}],"wp:term":[{"taxonomy":"category","embeddable":true,"href":"https:\/\/www.europesays.com\/es\/wp-json\/wp\/v2\/categories?post=260357"},{"taxonomy":"post_tag","embeddable":true,"href":"https:\/\/www.europesays.com\/es\/wp-json\/wp\/v2\/tags?post=260357"}],"curies":[{"name":"wp","href":"https:\/\/api.w.org\/{rel}","templated":true}]}}