{"id":260361,"date":"2025-11-28T13:38:08","date_gmt":"2025-11-28T13:38:08","guid":{"rendered":"https:\/\/www.europesays.com\/es\/260361\/"},"modified":"2025-11-28T13:38:08","modified_gmt":"2025-11-28T13:38:08","slug":"fuego-y-ceniza-nos-prepara-para-su-inminente-estreno-en-cines-con-un-nuevo-adelanto","status":"publish","type":"post","link":"https:\/\/www.europesays.com\/es\/260361\/","title":{"rendered":"Fuego y ceniza nos prepara para su inminente estreno en cines con un nuevo adelanto"},"content":{"rendered":"<p class=\"c-paragraph\">En menos de un mes tendremos en las salas de cine\u00a0<a href=\"https:\/\/www.hobbyconsolas.com\/noticias\/avatar-fuego-ceniza-abre-boca-fans-nuevo-trailer-esperada-secuela-james-cameron-1485312\" title=\"Avatar: Fuego y ceniza abre boca a los fans con un nuevo tr\u00e1iler de la esperada secuela de James Cameron\" rel=\"nofollow noopener\" target=\"_blank\">Avatar: Fuego y ceniza<\/a>, la nueva\u00a0<b><b>pel\u00edcula<\/b><\/b>\u00a0de la saga de ciencia ficci\u00f3n dirigida por\u00a0<b><b>James Cameron<\/b><\/b>, donde cada entrega es sin\u00f3nimo de \u00e9xito en taquilla.<\/p>\n<p class=\"c-paragraph\">Estrenada en 2009, la primera entrega nos traslada al a\u00f1o 2154 y seguimos la historia de <a href=\"https:\/\/www.hobbyconsolas.com\/hobbycine\/claves-avatar-fuego-ceniza-tercera-entrega-franquicia_6900906_0.html\" title=\"Claves de Avatar: Fuego y ceniza, la tercera entrega de la franquicia\" rel=\"nofollow noopener\" target=\"_blank\">Jake Sully<\/a> (<b>Sam Worthington<\/b>), un ex-marine condenado a vivir en una silla de ruedas que ha sido elegido para una importante misi\u00f3n: ir al planeta Pandora para extraer un mineral extra\u00f1o que podr\u00eda resolver la crisis energ\u00e9tica de la Tierra.<\/p>\n<p class=\"c-paragraph\">Para contrarrestar la toxicidad de la atm\u00f3sfera de Pandora, se ha creado el programa Avatar, gracias al cual <b>los seres humanos mantienen sus conciencias unidas a un avatar: un cuerpo biol\u00f3gico controlado de forma remota que puede sobrevivir en el aire letal<\/b>.<\/p>\n<p class=\"c-paragraph\">Convertido en avatar, Jake puede caminar otra vez y se infiltra entre los Na&#8217;vi, que se han convertido en el mayor obst\u00e1culo para la extracci\u00f3n del mineral. Sin embargo, todo cambia para nuestro protagonista cuando la bella Na&#8217;vi <a href=\"https:\/\/www.hobbyconsolas.com\/hobbycine\/avatar-fuego-ceniza-comparte-un-primer-clip-demuestra-que-los-nuevos-na-vi-no-son-nada-amistosos_6899131_0.html\" title=\"Avatar: Fuego y ceniza demuestra que los nuevos na&#039;vi no son nada amistosos en una nueva escena de la pel\u00edcula\" rel=\"nofollow noopener\" target=\"_blank\">Neytiri<\/a> (<b>Zoe Salda\u00f1a<\/b>) salva la vida de Jake.<\/p>\n<p class=\"c-paragraph\">Mucho hubo que esperar para su secuela (13 a\u00f1os, ni m\u00e1s ni menos), <a href=\"https:\/\/www.hobbyconsolas.com\/reviews\/critica-avatar-sentido-agua-espectacular-viaje-vuelta-pandora-1166884\" title=\"Cr\u00edtica de Avatar: El sentido del agua, un espectacular viaje de vuelta a Pandora, ya en Disney+\" rel=\"nofollow noopener\" target=\"_blank\">Avatar: El sentido del agua<\/a>, donde Sully ha formado con Neytiri una feliz familia y viven en paz en los bosques de Pandora hasta que regresan los hombres del cielo.<\/p>\n<p class=\"c-paragraph\">Por suerte no ha habido que aguardar otros 13 a\u00f1os para poder disfrutar de la siguiente entrega de\u00a0<a href=\"https:\/\/www.hobbyconsolas.com\/listas\/5-motivos-james-cameron-sigue-siendo-directores-importantes-1169326\" title=\"5 motivos por lo que James Cameron sigue siendo uno de los directores m\u00e1s importantes\" rel=\"nofollow noopener\" target=\"_blank\">James Cameron<\/a>, donde nuestros protagonistas tendr\u00e1n que lidiar con un clan Na&#8217;vi mucho menos pac\u00edfico.<\/p>\n<p class=\"c-paragraph\">Para abrir boca, se ha lanzado un <b>nuevo avance de Avatar: Fuego y ceniza<\/b>, el cual puedes echar un ojo a trav\u00e9s de la siguiente publicaci\u00f3n.<\/p>\n<p>Qu\u00e9 podemos esperar en Avatar: Fuego y ceniza<\/p>\n<p class=\"c-paragraph\">La nueva entrega presenta como principal villana a Varang, l\u00edder del clan Mangkwan, una tribu menos pac\u00edfica que\u00a0<b><b><b><b>ha rechazado a Eywa y busca usar la violencia para causar problemas a los h\u00e9roes de Pandora<\/b><\/b><\/b><\/b>.<\/p>\n<p class=\"c-paragraph\">Los miembros del Pueblo de las Cenizas utilizar\u00e1n la violencia si lo necesitan para conseguir sus objetivos, aunque sea contra otros clanes, por lo que las cosas se van a complicar mucho para <b>Jake Sully<\/b>, su familia y el resto de Na&#8217;vi.<\/p>\n<p class=\"c-paragraph\">Aparte de\u00a0<a href=\"https:\/\/www.hobbyconsolas.com\/hobbycine\/actores-que-rechazaron-participar-star-wars-no-viajaron-una-galaxia-muy-muy-lejana_6881736_0.html\" title=\"Actores que rechazaron participar en Star Wars y no viajaron a una galaxia muy, muy lejana\" rel=\"nofollow noopener\" target=\"_blank\">Sam Worthington<\/a> y <a href=\"https:\/\/www.hobbyconsolas.com\/listas\/actores-actrices-tienen-fama-ser-demasiado-conflictivos-rodajes-1411470\" title=\"Actores y actrices que tienen fama de ser demasiado conflictivos en los rodajes\" rel=\"nofollow noopener\" target=\"_blank\">Zoe Salda\u00f1a<\/a>, conforman el elenco de la pel\u00edcula Stephen Lang, Oona Chaplin, CCH Pounder, Michelle Yeoh, Jack Champion, Bailey Bass, Trinity Jo-Li Bliss, Jamie Flatters, Sigourney Weaver, Cliff Curtis, Britain Dalton, Edie Falco, Jemaine Clement y David Thewlis, entre otros.<\/p>\n<p class=\"c-paragraph\"><b><b>Avatar: Fuego y ceniza\u00a0se estrena en las salas de cine de Espa\u00f1a el pr\u00f3ximo\u00a019 de diciembre de 2025<\/b><\/b>. \u00bfQu\u00e9 te parece el nuevo adelanto de la\u00a0<a href=\"https:\/\/www.hobbyconsolas.com\/listas\/7-peliculas-han-reestrenado-aniversarios-homenajes-porque-mejor-cine-ve-pantalla-grande-1383904\" title=\"7 pel\u00edculas que se han reestrenado en aniversarios y homenajes porque el mejor cine se ve en pantalla grande\" rel=\"nofollow noopener\" target=\"_blank\">pel\u00edcula<\/a>?<\/p>\n","protected":false},"excerpt":{"rendered":"En menos de un mes tendremos en las salas de cine\u00a0Avatar: Fuego y ceniza, la nueva\u00a0pel\u00edcula\u00a0de la saga&hellip;\n","protected":false},"author":2,"featured_media":260362,"comment_status":"","ping_status":"","sticky":false,"template":"","format":"standard","meta":{"footnotes":""},"categories":[169],"tags":[181,22922,177,146,147,25,24,176,4513,175,382,5936,23],"class_list":{"0":"post-260361","1":"post","2":"type-post","3":"status-publish","4":"format-standard","5":"has-post-thumbnail","7":"category-cine","8":"tag-avatar","9":"tag-ceniza","10":"tag-cine","11":"tag-entertainment","12":"tag-entretenimiento","13":"tag-es","14":"tag-espana","15":"tag-film","16":"tag-fuego","17":"tag-movies","18":"tag-nos","19":"tag-prepara","20":"tag-spain"},"share_on_mastodon":{"url":"https:\/\/pubeurope.com\/@es\/115627603149916620","error":""},"_links":{"self":[{"href":"https:\/\/www.europesays.com\/es\/wp-json\/wp\/v2\/posts\/260361","targetHints":{"allow":["GET"]}}],"collection":[{"href":"https:\/\/www.europesays.com\/es\/wp-json\/wp\/v2\/posts"}],"about":[{"href":"https:\/\/www.europesays.com\/es\/wp-json\/wp\/v2\/types\/post"}],"author":[{"embeddable":true,"href":"https:\/\/www.europesays.com\/es\/wp-json\/wp\/v2\/users\/2"}],"replies":[{"embeddable":true,"href":"https:\/\/www.europesays.com\/es\/wp-json\/wp\/v2\/comments?post=260361"}],"version-history":[{"count":0,"href":"https:\/\/www.europesays.com\/es\/wp-json\/wp\/v2\/posts\/260361\/revisions"}],"wp:featuredmedia":[{"embeddable":true,"href":"https:\/\/www.europesays.com\/es\/wp-json\/wp\/v2\/media\/260362"}],"wp:attachment":[{"href":"https:\/\/www.europesays.com\/es\/wp-json\/wp\/v2\/media?parent=260361"}],"wp:term":[{"taxonomy":"category","embeddable":true,"href":"https:\/\/www.europesays.com\/es\/wp-json\/wp\/v2\/categories?post=260361"},{"taxonomy":"post_tag","embeddable":true,"href":"https:\/\/www.europesays.com\/es\/wp-json\/wp\/v2\/tags?post=260361"}],"curies":[{"name":"wp","href":"https:\/\/api.w.org\/{rel}","templated":true}]}}