{"id":260363,"date":"2025-11-28T13:39:10","date_gmt":"2025-11-28T13:39:10","guid":{"rendered":"https:\/\/www.europesays.com\/es\/260363\/"},"modified":"2025-11-28T13:39:10","modified_gmt":"2025-11-28T13:39:10","slug":"ultimo-entrenamiento","status":"publish","type":"post","link":"https:\/\/www.europesays.com\/es\/260363\/","title":{"rendered":"\u00daltimo entrenamiento"},"content":{"rendered":"<p>                        <a href=\"https:\/\/www.rcdespanyol.com\/es\/noticias\" role=\"button\" tabindex=\"0\" class=\"back\"><br \/>\n                            <img decoding=\"async\" src=\"https:\/\/www.rcdespanyol.com\/assets\/images\/icon\/chevron.svg\" alt=\"Atr\u00e1s\" title=\"Atr\u00e1s\"\/><br \/>\n                            Atr\u00e1s<br \/>\n                        <\/a><\/p>\n<p>                            El primer equipo se ejercita este s\u00e1bado a las 11h en el RCDE Stadium<\/p>\n<p>                                <img decoding=\"async\" src=\"https:\/\/www.europesays.com\/es\/wp-content\/uploads\/2025\/11\/146282_backendGallery.jpg\" alt=\"\u00daltimo entrenamiento\" title=\"\u00daltimo entrenamiento\"\/><\/p>\n<p>La plantilla del RCD Espanyol completar\u00e1 este s\u00e1bado la ultima sesi\u00f3n de entrenamiento antes del partido ante el Real Celta (Balaidos, 18:30h). El equipo se ejercitar\u00e1 a las 11h en el RCDE Stadium y, posteriormente, a las 13h, el entrenador blanquiazul, Manolo Gonz\u00e1lez, atender\u00e1 a los medios de comunicaci\u00f3n.<\/p>\n","protected":false},"excerpt":{"rendered":"Atr\u00e1s El primer equipo se ejercita este s\u00e1bado a las 11h en el RCDE Stadium La plantilla del&hellip;\n","protected":false},"author":2,"featured_media":260364,"comment_status":"","ping_status":"","sticky":false,"template":"","format":"standard","meta":{"footnotes":""},"categories":[93],"tags":[168,25,24,23,167],"class_list":{"0":"post-260363","1":"post","2":"type-post","3":"status-publish","4":"format-standard","5":"has-post-thumbnail","7":"category-deportes","8":"tag-deportes","9":"tag-es","10":"tag-espana","11":"tag-spain","12":"tag-sports"},"share_on_mastodon":{"url":"https:\/\/pubeurope.com\/@es\/115627607444156317","error":""},"_links":{"self":[{"href":"https:\/\/www.europesays.com\/es\/wp-json\/wp\/v2\/posts\/260363","targetHints":{"allow":["GET"]}}],"collection":[{"href":"https:\/\/www.europesays.com\/es\/wp-json\/wp\/v2\/posts"}],"about":[{"href":"https:\/\/www.europesays.com\/es\/wp-json\/wp\/v2\/types\/post"}],"author":[{"embeddable":true,"href":"https:\/\/www.europesays.com\/es\/wp-json\/wp\/v2\/users\/2"}],"replies":[{"embeddable":true,"href":"https:\/\/www.europesays.com\/es\/wp-json\/wp\/v2\/comments?post=260363"}],"version-history":[{"count":0,"href":"https:\/\/www.europesays.com\/es\/wp-json\/wp\/v2\/posts\/260363\/revisions"}],"wp:featuredmedia":[{"embeddable":true,"href":"https:\/\/www.europesays.com\/es\/wp-json\/wp\/v2\/media\/260364"}],"wp:attachment":[{"href":"https:\/\/www.europesays.com\/es\/wp-json\/wp\/v2\/media?parent=260363"}],"wp:term":[{"taxonomy":"category","embeddable":true,"href":"https:\/\/www.europesays.com\/es\/wp-json\/wp\/v2\/categories?post=260363"},{"taxonomy":"post_tag","embeddable":true,"href":"https:\/\/www.europesays.com\/es\/wp-json\/wp\/v2\/tags?post=260363"}],"curies":[{"name":"wp","href":"https:\/\/api.w.org\/{rel}","templated":true}]}}