{"id":260365,"date":"2025-11-28T13:40:11","date_gmt":"2025-11-28T13:40:11","guid":{"rendered":"https:\/\/www.europesays.com\/es\/260365\/"},"modified":"2025-11-28T13:40:11","modified_gmt":"2025-11-28T13:40:11","slug":"unicef-advierte-de-las-barreras-en-el-diagnostico-y-tratamiento-del-vih-en-ninos-y-adolescentes","status":"publish","type":"post","link":"https:\/\/www.europesays.com\/es\/260365\/","title":{"rendered":"UNICEF advierte de las barreras en el diagn\u00f3stico y tratamiento del VIH en ni\u00f1os y adolescentes"},"content":{"rendered":"<p data-end=\"489\" data-start=\"129\">UNICEF ha advertido de que los <a href=\"https:\/\/www.consalud.es\/pacientes\/ninos-nacen-con-mayor-resistencia-natural-vih-ninas.html\" rel=\"nofollow noopener\" target=\"_blank\"><strong>ni\u00f1os, ni\u00f1as y adolescentes que viven con VIH<\/strong><\/a> siguen afrontando serios obst\u00e1culos para acceder a un diagn\u00f3stico precoz, recibir tratamiento y contar con una atenci\u00f3n adecuada. Adem\u00e1s, la ca\u00edda en los fondos destinados a esta causa amenaza con incrementar su vulnerabilidad y hacer que se pierdan avances logrados durante d\u00e9cadas.<\/p>\n<p><a href=\"https:\/\/www.consalud.es\/web\/assets\/contenedores\/banners\/banner_control_de_clicks.php?id=73\" target=\"_blank\" title=\"Pulse aqu\u00ed\" rel=\"nofollow noopener\"><img loading=\"lazy\" decoding=\"async\" src=\"https:\/\/www.europesays.com\/es\/wp-content\/uploads\/2025\/11\/media-73.gif\" width=\"300\" height=\"250\" alt=\"Pulse aqu\u00ed\"\/><\/a><\/p>\n<p data-end=\"954\" data-start=\"491\">As\u00ed lo ha expresado la organizaci\u00f3n con motivo del <a href=\"https:\/\/www.consalud.es\/influcare\/redes\/redes-dia-mundial-sida-vih_151783_102.html\" rel=\"nofollow noopener\" target=\"_blank\"><strong>D\u00eda Mundial del Sida<\/strong><\/a>, al recordar un reciente modelo de proyecci\u00f3n elaborado junto a ONUSIDA. Seg\u00fan este an\u00e1lisis, si la cobertura de los programas se redujera a la mitad, <strong>podr\u00edan registrarse 1,1 millones de nuevas infecciones infantiles y unas 820.000 muertes adicionales vinculadas al sida de aqu\u00ed a 2040<\/strong>, elevando el total acumulado a tres millones de contagios y 1,8 millones de fallecimientos entre menores.<\/p>\n<p data-end=\"1250\" data-start=\"956\">Incluso si los servicios se mantuvieran en los niveles actuales, UNICEF advierte de que el ritmo lento de progreso podr\u00eda traducirse en <strong>1,9 millones de nuevas infecciones<\/strong> y 990.000 muertes relacionadas con el sida en la poblaci\u00f3n infantil y adolescente para 2040, de acuerdo con esta previsi\u00f3n.<\/p>\n<p data-end=\"1517\" data-start=\"1252\">\u00abEl mundo estaba avanzando en la respuesta al VIH, pero persist\u00edan importantes brechas incluso antes de que los recortes abruptos de financiaci\u00f3n a nivel mundial interrumpieran los servicios\u00bb, ha manifestado <strong>Anurita Bains, directora adjunta de VIH y sida de UNICEF.<\/strong><\/p>\n<blockquote><p>&#13;<\/p>\n<p data-end=\"1517\" data-start=\"1252\">\u00abInvertir hoy o<strong>\u00a0<\/strong>arriesgarnos a revertir d\u00e9cadas de progreso y perder millones de vidas j\u00f3venes\u00bb<\/p>\n<p>&#13;\n<\/p><\/blockquote>\n<p data-end=\"1829\" data-start=\"1519\">\u00abAunque los pa\u00edses se han movido con rapidez para mitigar el impacto de estos recortes, poner fin al sida en la infancia est\u00e1 en peligro si no se adoptan medidas espec\u00edficas. La elecci\u00f3n es clara: invertir hoy o arriesgarnos a revertir d\u00e9cadas de progreso y perder millones de vidas j\u00f3venes\u00bb, ha a\u00f1adido Bains.<\/p>\n<p data-end=\"2191\" data-start=\"1831\">Estas amenazas se suman a los datos globales m\u00e1s recientes de 2024, recopilados antes de que los recortes presupuestarios impactaran en numerosos servicios. Las cifras revelan que <strong>120.000 ni\u00f1os de entre 0 y 14 a\u00f1os contrajeron el VIH y que otros 75.000 fallecieron por causas relacionadas con el sida<\/strong>, lo que supone alrededor de 200 muertes infantiles diarias.<\/p>\n<p data-end=\"2446\" data-start=\"2193\">En el caso de los adolescentes de 15 a 19 a\u00f1os, <strong>150.000 se infectaron con el virus, siendo chicas el 66 por ciento de ellos<\/strong>. En \u00c1frica subsahariana, adem\u00e1s, el 85 por ciento de las nuevas infecciones en este grupo se producen entre adolescentes mujeres.<\/p>\n<p data-end=\"2657\" data-start=\"2448\">Por otro lado, solo el 55 % de los menores que conviven con el VIH accede al tratamiento antirretroviral, frente al 78 % de la poblaci\u00f3n adulta, lo que deja sin atenci\u00f3n a unos 620.000 ni\u00f1os.<\/p>\n<p data-end=\"3070\" data-start=\"2659\">Ante este panorama, UNICEF pide a los gobiernos y a sus socios que protejan y prioricen los servicios de atenci\u00f3n al VIH dirigidos a madres, infancia y adolescencia: ampliando la prevenci\u00f3n de la transmisi\u00f3n maternoinfantil y el tratamiento pedi\u00e1trico, integrando la atenci\u00f3n del VIH dentro de los sistemas sanitarios y asegurando un respaldo financiero creciente, estable e innovador por parte de los donantes.<\/p>\n<p class=\"pie-articulo\">*Los contenidos de ConSalud est\u00e1n elaborados por periodistas especializados en salud y avalados por un comit\u00e9 de expertos de primer nivel. No obstante, recomendamos al lector que cualquier duda relacionada con la salud sea consultada con un profesional del \u00e1mbito sanitario.<\/p>\n","protected":false},"excerpt":{"rendered":"UNICEF ha advertido de que los ni\u00f1os, ni\u00f1as y adolescentes que viven con VIH siguen afrontando serios obst\u00e1culos&hellip;\n","protected":false},"author":2,"featured_media":260366,"comment_status":"","ping_status":"","sticky":false,"template":"","format":"standard","meta":{"footnotes":""},"categories":[92],"tags":[25,24,165,166,23],"class_list":{"0":"post-260365","1":"post","2":"type-post","3":"status-publish","4":"format-standard","5":"has-post-thumbnail","7":"category-salud","8":"tag-es","9":"tag-espana","10":"tag-health","11":"tag-salud","12":"tag-spain"},"share_on_mastodon":{"url":"https:\/\/pubeurope.com\/@es\/115627611236785128","error":""},"_links":{"self":[{"href":"https:\/\/www.europesays.com\/es\/wp-json\/wp\/v2\/posts\/260365","targetHints":{"allow":["GET"]}}],"collection":[{"href":"https:\/\/www.europesays.com\/es\/wp-json\/wp\/v2\/posts"}],"about":[{"href":"https:\/\/www.europesays.com\/es\/wp-json\/wp\/v2\/types\/post"}],"author":[{"embeddable":true,"href":"https:\/\/www.europesays.com\/es\/wp-json\/wp\/v2\/users\/2"}],"replies":[{"embeddable":true,"href":"https:\/\/www.europesays.com\/es\/wp-json\/wp\/v2\/comments?post=260365"}],"version-history":[{"count":0,"href":"https:\/\/www.europesays.com\/es\/wp-json\/wp\/v2\/posts\/260365\/revisions"}],"wp:featuredmedia":[{"embeddable":true,"href":"https:\/\/www.europesays.com\/es\/wp-json\/wp\/v2\/media\/260366"}],"wp:attachment":[{"href":"https:\/\/www.europesays.com\/es\/wp-json\/wp\/v2\/media?parent=260365"}],"wp:term":[{"taxonomy":"category","embeddable":true,"href":"https:\/\/www.europesays.com\/es\/wp-json\/wp\/v2\/categories?post=260365"},{"taxonomy":"post_tag","embeddable":true,"href":"https:\/\/www.europesays.com\/es\/wp-json\/wp\/v2\/tags?post=260365"}],"curies":[{"name":"wp","href":"https:\/\/api.w.org\/{rel}","templated":true}]}}