{"id":260371,"date":"2025-11-28T13:43:14","date_gmt":"2025-11-28T13:43:14","guid":{"rendered":"https:\/\/www.europesays.com\/es\/260371\/"},"modified":"2025-11-28T13:43:14","modified_gmt":"2025-11-28T13:43:14","slug":"torres-bbva-no-descarta-otras-operaciones-tras-el-fiasco-de-la-opa-al-sabadell","status":"publish","type":"post","link":"https:\/\/www.europesays.com\/es\/260371\/","title":{"rendered":"Torres (BBVA) no descarta otras operaciones tras el fiasco de la opa al Sabadell"},"content":{"rendered":"\n<p> El presidente del <strong>BBVA<\/strong>, <strong>Carlos Torres<\/strong>, ha asegurado este viernes en<strong> Bilbao<\/strong>, tras el fracaso de la opa al Banco Sabadell, que no descarta \u00abotras operaciones si surgen buenas oportunidades\u00bb. <\/p>\n<p> En una conferencia organizada por el Foro Gran V\u00eda, Torres ha destacado que, semanas despu\u00e9s de no lograr sacar adelante esa opa, el <a href=\"https:\/\/www.elconfidencial.com\/empresas\/2025-11-27\/sabadell-bbva-guzman-martinez-cese-consejero_4256161\/\" target=\"_self\" rel=\"nofollow noopener\">BBVA<\/a> inform\u00f3 de un beneficio r\u00e9cord de 7.978 millones de euros en los nueve primeros meses del a\u00f1o, y avanza \u00aben la senda del crecimiento y la rentabilidad\u00bb porque esa operaci\u00f3n \u00ab<strong>no ha sido lo m\u00e1s importante <\/strong>que ha hecho el banco en el \u00faltimo a\u00f1o y medio\u00bb. <\/p>\n<p> \u00abQue no salga esa operaci\u00f3n <strong>no es de vida o muerte<\/strong>\u00bb para las previsiones de inversi\u00f3n de<a href=\"https:\/\/www.elconfidencial.com\/empresas\/2025-11-27\/santander-bbva-luz-verde-bce-aplicar-compromiso-danes_4256061\/\" target=\"_self\" rel=\"nofollow noopener\"> BBVA<\/a>, ha a\u00f1adido, al tiempo que ha asegurado que \u00abEuskadi seguir\u00e1 siendo un territorio estrat\u00e9gico\u00bb para el banco que preside. <\/p>\n<p> Torres ha recordado que la entidad se anticip\u00f3 y <strong>lider\u00f3 la digitalizaci\u00f3n del sector bancario hace 10 a\u00f1os<\/strong>, pero \u00ablo que viene ahora es m\u00e1s profundo y m\u00e1s transformador porque la inteligencia artificial amplifica de forma casi m\u00e1gica los efectos positivos de la tecnolog\u00eda\u00bb. <\/p>\n<p> \u00abEl cambio est\u00e1 siendo mucho m\u00e1s profundo, mucho m\u00e1s r\u00e1pido y<strong> ha generado importantes inversiones<\/strong> en centros de datos para su desarrollo, que precisamente es el \u00fanico componente que crece en la inversi\u00f3n en <a href=\"https:\/\/www.elconfidencial.com\/mundo\/2025-11-23\/europa-eeuu-ucrania-negocian-ginebra-paz-putin_4252972\/\" target=\"_self\" rel=\"nofollow noopener\">Estados Unidos<\/a>\u00ab, y ha ayudado \u00aba compensar los efectos de la err\u00e1tica pol\u00edtica arancelaria estadounidense\u00bb, ha reflexionado. <\/p>\n<p> Ha advertido tambi\u00e9n de las dudas sobre si toda esa inversi\u00f3n es sostenible y puede, ha avisado, que \u00ablas valoraciones de las empresas tecnol\u00f3gicas de la IA sean superiores a la realidad\u00bb, por lo que ha recomendado<strong> \u00abdiversificar la inversi\u00f3n, haya o no haya burbuja\u00bb.<\/strong> <\/p>\n<p> Ha reclamado \u00abun <strong>marco regulatorio s\u00f3lido que promueva la innovaci\u00f3n<\/strong> pero que proteja\u00bb ante las preocupaciones que tambi\u00e9n genera la <a href=\"https:\/\/www.elconfidencial.com\/tecnologia\/2025-11-24\/tano-santos-economista-entrevista_4252256\/\" target=\"_self\" rel=\"nofollow noopener\">inteligencia artificial<\/a>, porque \u00abya no cabe contener al genio dentro de la botella, es una realidad\u00bb y se ha convertido en un asunto geoestrat\u00e9gico al influir en la seguridad, en la competitividad y el liderazgo econ\u00f3mico de las regiones, e inquieta tambi\u00e9n su potencial mal uso. <\/p>\n<p>                  <img decoding=\"async\" class=\"inTextNews__img\" alt=\"Foto: bbva-ignora-el-fiasco-de-la-opa-y-alcanza-por-primera-vez\" src=\"https:\/\/www.europesays.com\/es\/wp-content\/uploads\/2025\/11\/f.elconfidencial.com\/original\/15f\/649\/abd\/15f649abd416275b857dec9112b3c908.jpg\"  \/>     <\/p>\n<p>TE PUEDE INTERESAR<\/p>\n<p>      <a class=\"inTextNews__title\" href=\"https:\/\/www.elconfidencial.com\/mercados\/2025-10-29\/bbva-ignora-el-fiasco-de-la-opa-y-alcanza-por-primera-vez_4237551\/\" onclick=\"window.ECCO.emit(&#039;amplitude&#039;, { dataEventName: &#039;click_related_article_module&#039;, data: { related_article_url: &#039;https:\/\/www.elconfidencial.com\/mercados\/2025-10-29\/bbva-ignora-el-fiasco-de-la-opa-y-alcanza-por-primera-vez_4237551\/&#039;, related_article_author: &#039;Agencias&#039;, related_article_section: &#039;mercados&#039; } })\" rel=\"nofollow noopener\" target=\"_blank\"> BBVA ignora el fiasco de la opa y alcanza una capitalizaci\u00f3n de 100.000 M por primera vez <\/a>   <\/p>\n<p>    EFE   <\/p>\n<p> Sin embargo, ha avisado, \u00ab<strong>el verdadero reto est\u00e1 en c\u00f3mo integramos esa tecnolog\u00eda<\/strong>\u00bb y aunque ha descartado que la<a href=\"https:\/\/blogs.elconfidencial.com\/mercados\/telon-de-fondo\/2025-11-26\/burbuja-inteligencia-artificial-inversion-1hms_4254654\/\" target=\"_self\" rel=\"nofollow noopener\"> IA <\/a>\u00abvaya a implicar despidos masivos, porque el papel de las personas seguir\u00e1 siendo esencial, debemos replantear actualizar los perfiles profesionales lo m\u00e1s r\u00e1pido que sea posible\u00bb. <\/p>\n<p> Ha aconsejado redise\u00f1ar los sistemas educativos y los caminos de desarrollo laboral para asumir nuevas tareas y roles. En ese periodo de transici\u00f3n, \u00abes muy importante que cada persona est\u00e9 abierta a la innovaci\u00f3n y al cambio\u00bb porque \u00ab<strong>esto va a ocurrir y m\u00e1s vale que lo hagamos bien<\/strong>\u00ab. <\/p>\n<p> Para <a href=\"https:\/\/www.elconfidencial.com\/empresas\/2025-11-27\/santander-bbva-luz-verde-bce-aplicar-compromiso-danes_4256061\/\" target=\"_self\" rel=\"nofollow noopener\">BBVA<\/a>, \u00abtener un portafolio diversificado es<strong> una enorme fortaleza<\/strong> porque le permite no depender de un solo mercado.<strong> Somos un banco universal<\/strong>\u00bb que puede aguantar dificultades puntuales por inestabilidad pol\u00edtica o inflaci\u00f3n, como por ejemplo en Venezuela, donde \u00abseguimos enfocados en dar un servicio esencial a nuestros clientes esperando que el pa\u00eds pueda encontrar un mejor rumbo\u00bb, ha afirmado. <\/p>\n<p>                  <img decoding=\"async\" class=\"inTextNews__img\" alt=\"Foto: flexicar-fichaje-ceo-jefe-bbva-financiacion-vehiculos-espana\" src=\"https:\/\/www.europesays.com\/es\/wp-content\/uploads\/2025\/11\/f.elconfidencial.com\/original\/e55\/7ad\/2de\/e557ad2de583dc4ef2eb6772447528b6.jpg\"  \/>     <\/p>\n<p>TE PUEDE INTERESAR<\/p>\n<p>      <a class=\"inTextNews__title\" href=\"https:\/\/www.elconfidencial.com\/empresas\/2025-11-13\/flexicar-fichaje-ceo-jefe-bbva-financiacion-vehiculos-espana_4246568\/\" onclick=\"window.ECCO.emit(&#039;amplitude&#039;, { dataEventName: &#039;click_related_article_module&#039;, data: { related_article_url: &#039;https:\/\/www.elconfidencial.com\/empresas\/2025-11-13\/flexicar-fichaje-ceo-jefe-bbva-financiacion-vehiculos-espana_4246568\/&#039;, related_article_author: &#039;Carlos Rodr\u00edguez&#039;, related_article_section: &#039;empresas&#039; } })\" rel=\"nofollow noopener\" target=\"_blank\"> Flexicar ficha como CEO al jefe de BBVA en financiaci\u00f3n para veh\u00edculos en Espa\u00f1a   <\/a>   <\/p>\n<p>    C. R.   <\/p>\n<p> En su opini\u00f3n, \u00abla \u00fanica soluci\u00f3n al problema social de la <a href=\"https:\/\/www.elconfidencial.com\/economia\/2025-11-28\/habitaciones-vacias-crisis-vivienda-espana_4256290\/\" target=\"_self\" rel=\"nofollow noopener\">vivienda<\/a> es que <strong>se construya m\u00e1s<\/strong>, porque la demanda va a seguir creciendo, ha reflexionado, al tiempo que ha opinado que deber\u00eda haber un cambio de la regulaci\u00f3n del suelo para favorecer precisamente que se construya m\u00e1s. <\/p>\n<p> Por otra parte, ha destacado que <strong>\u00abEuskadi seguir\u00e1 siendo un territorio estrat\u00e9gico\u00bb <\/strong>para el banco que preside. \u00abAqu\u00ed naci\u00f3 el banco, aqu\u00ed seguimos creciendo. Bilbao representa una combinaci\u00f3n \u00fanica de tradici\u00f3n industrial, de talento, de creatividad y de tecnolog\u00eda\u00bb, ha a\u00f1adido. <\/p>\n<p> Adem\u00e1s, ha valorado tambi\u00e9n la colaboraci\u00f3n con las instituciones vascas, que est\u00e1n demostrando, visi\u00f3n y liderazgo, promoviendo iniciativas para<strong> atraer talento, fomentar la inversi\u00f3n e innovaci\u00f3n<\/strong> para reforzar el tejido industrial y cient\u00edfico. <\/p>\n<p> El presidente del <strong>BBVA<\/strong>, <strong>Carlos Torres<\/strong>, ha asegurado este viernes en<strong> Bilbao<\/strong>, tras el fracaso de la opa al Banco Sabadell, que no descarta \u00abotras operaciones si surgen buenas oportunidades\u00bb. <\/p>\n","protected":false},"excerpt":{"rendered":"El presidente del BBVA, Carlos Torres, ha asegurado este viernes en Bilbao, tras el fracaso de la opa&hellip;\n","protected":false},"author":2,"featured_media":260372,"comment_status":"","ping_status":"","sticky":false,"template":"","format":"standard","meta":{"footnotes":""},"categories":[80],"tags":[82,95,94,25,24,23],"class_list":{"0":"post-260371","1":"post","2":"type-post","3":"status-publish","4":"format-standard","5":"has-post-thumbnail","7":"category-economia","8":"tag-business","9":"tag-economia","10":"tag-economy","11":"tag-es","12":"tag-espana","13":"tag-spain"},"share_on_mastodon":{"url":"https:\/\/pubeurope.com\/@es\/115627623182003706","error":""},"_links":{"self":[{"href":"https:\/\/www.europesays.com\/es\/wp-json\/wp\/v2\/posts\/260371","targetHints":{"allow":["GET"]}}],"collection":[{"href":"https:\/\/www.europesays.com\/es\/wp-json\/wp\/v2\/posts"}],"about":[{"href":"https:\/\/www.europesays.com\/es\/wp-json\/wp\/v2\/types\/post"}],"author":[{"embeddable":true,"href":"https:\/\/www.europesays.com\/es\/wp-json\/wp\/v2\/users\/2"}],"replies":[{"embeddable":true,"href":"https:\/\/www.europesays.com\/es\/wp-json\/wp\/v2\/comments?post=260371"}],"version-history":[{"count":0,"href":"https:\/\/www.europesays.com\/es\/wp-json\/wp\/v2\/posts\/260371\/revisions"}],"wp:featuredmedia":[{"embeddable":true,"href":"https:\/\/www.europesays.com\/es\/wp-json\/wp\/v2\/media\/260372"}],"wp:attachment":[{"href":"https:\/\/www.europesays.com\/es\/wp-json\/wp\/v2\/media?parent=260371"}],"wp:term":[{"taxonomy":"category","embeddable":true,"href":"https:\/\/www.europesays.com\/es\/wp-json\/wp\/v2\/categories?post=260371"},{"taxonomy":"post_tag","embeddable":true,"href":"https:\/\/www.europesays.com\/es\/wp-json\/wp\/v2\/tags?post=260371"}],"curies":[{"name":"wp","href":"https:\/\/api.w.org\/{rel}","templated":true}]}}