{"id":260373,"date":"2025-11-28T13:44:11","date_gmt":"2025-11-28T13:44:11","guid":{"rendered":"https:\/\/www.europesays.com\/es\/260373\/"},"modified":"2025-11-28T13:44:11","modified_gmt":"2025-11-28T13:44:11","slug":"putin-recibe-a-orban-en-el-kremlin-para-hablar-de-ucrania-dw-28-11-2025","status":"publish","type":"post","link":"https:\/\/www.europesays.com\/es\/260373\/","title":{"rendered":"Putin recibe a Orb\u00e1n en el Kremlin para hablar de Ucrania \u2013 DW \u2013 28\/11\/2025"},"content":{"rendered":"<p>El presidente de <a class=\"internal-link\" href=\"https:\/\/www.dw.com\/es\/rusia\/t-17410119\" rel=\"nofollow noopener\" target=\"_blank\">Rusia<\/a>, <a class=\"internal-link\" href=\"https:\/\/www.dw.com\/es\/vladimir-putin\/t-17409853\" rel=\"nofollow noopener\" target=\"_blank\">Vladimir Putin<\/a>, recibi\u00f3 este viernes (28.11.2025) en el <a class=\"internal-link\" href=\"https:\/\/www.dw.com\/es\/kremlin\/t-36684156\" rel=\"nofollow noopener\" target=\"_blank\">Kremlin<\/a>\u00a0al primer ministro h\u00fangaro, <a class=\"internal-link\" href=\"https:\/\/www.dw.com\/es\/orb\u00e1n-viktor\/t-19553395\" rel=\"nofollow noopener\" target=\"_blank\">Viktor Orb\u00e1n<\/a>, para hablar de los suministros de hidrocarburos rusos y las negociaciones sobre el plan de paz para <a class=\"internal-link\" href=\"https:\/\/www.dw.com\/es\/ucrania\/t-36925922\" rel=\"nofollow noopener\" target=\"_blank\">Ucrania<\/a>.<\/p>\n<p>En la reuni\u00f3n participan los ministros de Exteriores de ambos pa\u00edses, el ruso <a class=\"internal-link\" href=\"https:\/\/www.dw.com\/es\/serguei-lavrov\/t-17409193\" rel=\"nofollow noopener\" target=\"_blank\">Serguei Lavrov<\/a> y el h\u00fangaro Peter Szijj\u00e1rt\u00f3, y el viceprimer ministro ruso, Alexandr Novak, coordinador de la pol\u00edtica energ\u00e9tica de este pa\u00eds, que suministra a Budapest petr\u00f3leo y gas a precios por debajo del mercado.<\/p>\n<p>El ultranacionalista Orb\u00e1n hab\u00eda declarado que los objetivos de su visita son asegurar el suministro de gas y petr\u00f3leo rusos a Hungr\u00eda y abordar la situaci\u00f3n de las negociaciones de paz en Ucrania. Orb\u00e1n tambi\u00e9n adelant\u00f3 que en su encuentro con Putin tratar\u00edan el tema de la guerra en Ucrania.<\/p>\n<p>Propuesta de Orb\u00e1n de acoger negociaciones de paz para Ucrania en Budapest<\/p>\n<p>El presidente ruso, Vladimir Putin, acept\u00f3 la propuesta que le hizo en el Kremlin el primer ministro h\u00fangaro, V\u00edktor Orb\u00e1n, de acoger en Budapest las negociaciones de paz para Ucrania.<\/p>\n<p>\u00abSi durante nuestras negociaciones se llega a utilizar la plataforma de Budapest, yo tambi\u00e9n estar\u00e9 encantado. Y le quiero dar las gracias por su disposici\u00f3n a ayudar\u00bb, dijo Putin al comienzo de la reuni\u00f3n en el Palacio del Kremlin.<\/p>\n<p>Putin destac\u00f3 que ya le hab\u00eda parecido bien cuando, en octubre pasado, el presidente de EE. UU., Donald Trump, ofreci\u00f3 la capital h\u00fangara como sede para la cumbre ruso-estadounidense, lo que sent\u00f3 muy mal en la <a class=\"internal-link\" href=\"https:\/\/www.dw.com\/es\/uni\u00f3n-europea\/t-17410587\" rel=\"nofollow noopener\" target=\"_blank\">Uni\u00f3n Europea<\/a> (UE), aunque la reuni\u00f3n fue cancelada posteriormente.<\/p>\n<p><img data-format=\"MASTER_LANDSCAPE\" data-id=\"74937829\" data-url=\"https:\/\/static.dw.com\/image\/74937829_${formatId}.jpg\" data-aspect-ratio=\"16\/9\" alt=\"Orb\u00e1n y Putin reunidos en el Kremlin.\" style=\"padding-bottom: 56.25%; height: 0; max-height: 0;\"\/>Orb\u00e1n y Putin en el Kremlin: seg\u00fan Orb\u00e1n, las conversaciones tratar\u00e1n sobre energ\u00eda y la guerra en Ucrania.Imagen: Alexander Nemenov\/Pool\/AFP\/Getty Images<\/p>\n<p>\u00abFue una propuesta de Donald. Dijo: &#8216;Nosotros tenemos una buena relaci\u00f3n con Hungr\u00eda, t\u00fa y V\u00edktor ten\u00edas buena relaci\u00f3n, yo tambi\u00e9n. Por supuesto, nosotros aceptamos con placer'\u00bb, coment\u00f3.<\/p>\n<p>Orb\u00e1n asegur\u00f3 que la reuni\u00f3n de hoy en el Kremlin -la decimocuarta, seg\u00fan sus c\u00e1lculos- le permite \u00abconfirmar, se\u00f1or presidente, que Hungr\u00eda est\u00e1 dispuesta a ofrecerse como sede para tales negociaciones y est\u00e1 dispuesta a contribuir al exitoso desenlace de este proceso\u00bb.<\/p>\n<p>Hungr\u00eda, \u00abinteresada en mantener di\u00e1logo energ\u00e9tico\u00bb con Rusia<\/p>\n<p>\u00abHungr\u00eda est\u00e1 interesada en mantener un di\u00e1logo energ\u00e9tico con su pa\u00eds\u00bb, asegur\u00f3 Orb\u00e1n al jefe de Kremlin, y a\u00f1adi\u00f3: \u00abCreo que, dado el clima pol\u00edtico actual, hemos hecho un gran esfuerzo por desarrollar la cooperaci\u00f3n entre nuestros pueblos. Y espero sinceramente que hagamos mucho m\u00e1s\u00bb.<\/p>\n<p>\u00abLa base de la seguridad energ\u00e9tica de Hungr\u00eda reside en el suministro estable de recursos energ\u00e9ticos rusos, pasados, presentes y futuros\u00bb, dijo el jefe del Gobierno h\u00fangaro.<\/p>\n<p>Insisti\u00f3 en que Budapest valora \u00abenormemente la estabilidad y la previsibilidad del suministro energ\u00e9tico ruso\u00bb.<\/p>\n<p><img data-format=\"MASTER_LANDSCAPE\" data-id=\"69572371\" data-url=\"https:\/\/static.dw.com\/image\/69572371_${formatId}.jpg\" data-aspect-ratio=\"16\/9\" alt=\"Reuni\u00f3n entre Putin y Orb\u00e1n, con representantes de ambos gobiernos.\" style=\"padding-bottom: 56.25%; height: 0; max-height: 0;\"\/>Reuni\u00f3n entre Putin y Orb\u00e1n, con miembros de ambos gobiernos.Imagen: Valeriy Sharifulin\/SNA\/IMAGO<\/p>\n<p>Canciller alem\u00e1n Merz: Orb\u00e1n viaja a ver a Putin sin mandato europeo<\/p>\n<p>El canciller alem\u00e1n, Freidrich Merz, record\u00f3 este viernes que el viaje que el primer ministro h\u00fangaro, V\u00edktor Orb\u00e1n, realiza este mismo d\u00eda a Mosc\u00fa se produce sin mandato europeo y sin haber consultado a sus socios de la UE, al tiempo que expres\u00f3 sus dudas de que esta nueva visita a Rusia arroje alg\u00fan resultado.<\/p>\n<p>\u00abViaja sin mandato europeo, y viaja sin consultarnos, pero eso no es nada nuevo. Tiene sus propias ideas para poner fin a esta guerra, que hasta ahora no se han materializado. Si alguien tiene una idea mejor que nosotros, ser\u00e1 muy bienvenida. Pero dudo que esta vez tenga m\u00e1s \u00e9xito que la \u00faltima, lamentablemente\u00bb, dijo al referirse a la anterior visita de Orb\u00e1n a Rusia, en julio del a\u00f1o pasado, nada m\u00e1s asumir la presidencia rotatoria del Consejo Europeo.<\/p>\n<p><img data-format=\"MASTER_LANDSCAPE\" data-id=\"74935737\" data-url=\"https:\/\/static.dw.com\/image\/74935737_${formatId}.jpg\" data-aspect-ratio=\"16\/9\" alt=\"El canciller alem\u00e1n, Friedrich Merz.\" style=\"padding-bottom: 56.25%; height: 0; max-height: 0;\"\/>Friedrich Merz, canciller de Alemania.Imagen: Lisi Niesner\/REUTERS<\/p>\n<p>En una rueda de prensa conjunta con el primer ministro esloveno, Robert Golob, record\u00f3 que la anterior visita no s\u00f3lo fue infructuosa, sino que pocos d\u00edas despu\u00e9s de la misma se registraron ataques de los m\u00e1s violentos del ej\u00e9rcito ruso contra infraestructuras y objetivos civiles en Ucrania.<\/p>\n<p>\u00abEspero que esta vez Rusia no reaccione de la misma manera\u00bb, dijo.<\/p>\n<p>Merz agreg\u00f3 que la posici\u00f3n de Orb\u00e1n es conocida por los socios europeos desde hace a\u00f1os y, respecto a esta visita, dijo que habr\u00eda deseado otra cosa, \u00abpero cada jefe de Gobierno de la Uni\u00f3n Europea tiene su propia responsabilidad\u00bb.<\/p>\n<p>\u00abPido disculpas, pero no voy a ser muy diplom\u00e1tico en mi respuesta. Me temo que Viktor Orb\u00e1n hace tiempo que dej\u00f3 de jugar en el equipo europeo y esta visita tambi\u00e9n se inscribe en ese contexto\u00bb, declar\u00f3 Golob por su parte.<\/p>\n<p>Bruselas exige a Putin sentarse en mesa de negociaci\u00f3n para poner fin a guerra en Ucrania<\/p>\n<p>\u00abEl mensaje de la Uni\u00f3n Europea a Mosc\u00fa est\u00e1 muy claro. (La UE) est\u00e1 pidiendo a Mosc\u00fa y a quien lidera el pa\u00eds, el presidente Putin, que venga a la mesa de negociaci\u00f3n. Ese es el mensaje a Mosc\u00fa\u00bb, declar\u00f3 la portavoz de la Comisi\u00f3n Europea Paula Pinho en la rueda de prensa diaria de la instituci\u00f3n comunitaria.<\/p>\n<p>Pinho se pronunci\u00f3 en ese sentido tras ser interrogada por el viaje a Mosc\u00fa del primer ministro h\u00fangaro, Orb\u00e1n. En concreto, se le pregunt\u00f3 por si Budapest se puso en contacto con la Comisi\u00f3n Europea antes de desplazarse a Mosc\u00fa y si Viktor Orb\u00e1n traslada un mensaje de la Uni\u00f3n Europea a la capital rusa.<\/p>\n<p>CP (efe, rtr, dpa, ape)<\/p>\n","protected":false},"excerpt":{"rendered":"El presidente de Rusia, Vladimir Putin, recibi\u00f3 este viernes (28.11.2025) en el Kremlin\u00a0al primer ministro h\u00fangaro, Viktor Orb\u00e1n,&hellip;\n","protected":false},"author":2,"featured_media":260374,"comment_status":"","ping_status":"","sticky":false,"template":"","format":"standard","meta":{"footnotes":""},"categories":[42],"tags":[17,18,13,14,11,61,62,63,64,19,20,9,10,15,16,12,21,22,65,66,67],"class_list":{"0":"post-260373","1":"post","2":"type-post","3":"status-publish","4":"format-standard","5":"has-post-thumbnail","7":"category-internacional","8":"tag-breaking-news","9":"tag-breakingnews","10":"tag-featured-news","11":"tag-featurednews","12":"tag-headlines","13":"tag-internacional","14":"tag-international","15":"tag-international-news","16":"tag-internationalnews","17":"tag-latest-news","18":"tag-latestnews","19":"tag-news","20":"tag-noticias","21":"tag-noticias-destacadas","22":"tag-noticiasdestacadas","23":"tag-titulares","24":"tag-ultimas-noticias","25":"tag-ultimasnoticias","26":"tag-world","27":"tag-world-news","28":"tag-worldnews"},"share_on_mastodon":{"url":"https:\/\/pubeurope.com\/@es\/115627626793246107","error":""},"_links":{"self":[{"href":"https:\/\/www.europesays.com\/es\/wp-json\/wp\/v2\/posts\/260373","targetHints":{"allow":["GET"]}}],"collection":[{"href":"https:\/\/www.europesays.com\/es\/wp-json\/wp\/v2\/posts"}],"about":[{"href":"https:\/\/www.europesays.com\/es\/wp-json\/wp\/v2\/types\/post"}],"author":[{"embeddable":true,"href":"https:\/\/www.europesays.com\/es\/wp-json\/wp\/v2\/users\/2"}],"replies":[{"embeddable":true,"href":"https:\/\/www.europesays.com\/es\/wp-json\/wp\/v2\/comments?post=260373"}],"version-history":[{"count":0,"href":"https:\/\/www.europesays.com\/es\/wp-json\/wp\/v2\/posts\/260373\/revisions"}],"wp:featuredmedia":[{"embeddable":true,"href":"https:\/\/www.europesays.com\/es\/wp-json\/wp\/v2\/media\/260374"}],"wp:attachment":[{"href":"https:\/\/www.europesays.com\/es\/wp-json\/wp\/v2\/media?parent=260373"}],"wp:term":[{"taxonomy":"category","embeddable":true,"href":"https:\/\/www.europesays.com\/es\/wp-json\/wp\/v2\/categories?post=260373"},{"taxonomy":"post_tag","embeddable":true,"href":"https:\/\/www.europesays.com\/es\/wp-json\/wp\/v2\/tags?post=260373"}],"curies":[{"name":"wp","href":"https:\/\/api.w.org\/{rel}","templated":true}]}}