{"id":260377,"date":"2025-11-28T13:46:54","date_gmt":"2025-11-28T13:46:54","guid":{"rendered":"https:\/\/www.europesays.com\/es\/260377\/"},"modified":"2025-11-28T13:46:54","modified_gmt":"2025-11-28T13:46:54","slug":"inauguracion-civivox-pompelo-actividades","status":"publish","type":"post","link":"https:\/\/www.europesays.com\/es\/260377\/","title":{"rendered":"Inauguraci\u00f3n Civivox Pompelo &#8211; Actividades"},"content":{"rendered":"<p>OBJETIVO: mostrar c\u00f3mo va a ser el centro, una vez entre en funcionamiento por completo el 1 de febrero de 2026.<\/p>\n<p>ACTIVIDADES:<\/p>\n<p>SALAS DE EXPOSICIONES (S\u00d3TANO):<br \/>Obras de la colecci\u00f3n municipal de arte contempor\u00e1neo que a trav\u00e9s de miradas, t\u00e9cnicas y disciplinas diversas, ofrecen un recorrido evocador por Pamplona.<br \/>AUTORES: Pedro Salaberri, Elena Go\u00f1i, Carlos Irijalba, Lorea Alfaro, Ferm\u00edn Alvira, Aitziber Akerreta o Dick Rekalde.<\/p>\n<p>AULA DE LECTURA (PLANTA BAJA): <br \/>Espacio Maker 3D con demostraci\u00f3n y exhibici\u00f3n de impresi\u00f3n 3D. <br \/>Impresi\u00f3n de llaveros con el dibujo del nuevo edificio disponibles para el p\u00fablico visitante. <br \/>COLABORA: Asociaci\u00f3n Navarra de Maker 3D.<br \/>Legoteca o espacio infantil de construcci\u00f3n con Lego.<br \/>IMPARTE: Discoverbricks.<\/p>\n<p>KUTXA SONORA (PLANTA BAJA): proyecciones de im\u00e1gines del concurso Enfoca y Calendario Municipal de los a\u00f1os 2022-2024.<\/p>\n<p>AULA DE CONFERENCIAS (SEGUNDA PLANTA):<br \/>Proyecci\u00f3n en bucle del v\u00eddeo time-lapse de construcci\u00f3n del edificio del Civivox.<\/p>\n<p>AULAS 2 Y 3 (SEGUNDA PLANTA):<br \/>Ensayo abierto del coro Mirua Abezbatza (asociaci\u00f3n permanente en Civivox Ensanche).<\/p>\n<p>AULAS 4 Y 5 (SEGUNDA PLANTA):<br \/>Espacio participativo con panel y buz\u00f3n ciudadano para que la ciudadan\u00eda exprese c\u00f3mo se imagina el nuevo espacio cultural y qu\u00e9 quisieran que ocurriera all\u00ed.<\/p>\n<p>TXOKO INFANTIL (TERCERA PLANTA):<br \/>Materiales accesibles para jugar e interactuar.<br \/>COLABORA: CERMIN.<\/p>\n<p>TALLERES 1 Y 2 (TERCERA PLANTA):<br \/>Pinta Civivox, espacio infantil con materiales y planillas para colorear el nuevo centro.<br \/>Micro-exposici\u00f3n de obras realizadas en a\u00f1os anteriores en talleres de la Red Civivox.<\/p>\n<p>AULA DE DANTZA (CUARTA PLANTA):<br \/>Taller abierto de Herriko Dantzak.<br \/>IMPARTE: Nafarroako Dantzarien Bistzarra.<\/p>\n<p>AULA DEPORTIVA (CUARTA PLANTA):<br \/>Visita guiada por el aula deportiva para conocer este espacio y sus materiales.<\/p>\n","protected":false},"excerpt":{"rendered":"OBJETIVO: mostrar c\u00f3mo va a ser el centro, una vez entre en funcionamiento por completo el 1 de&hellip;\n","protected":false},"author":2,"featured_media":260378,"comment_status":"","ping_status":"","sticky":false,"template":"","format":"standard","meta":{"footnotes":""},"categories":[5],"tags":[17,18,25,24,13,14,11,19,20,9,10,15,16,23,12,21,22],"class_list":{"0":"post-260377","1":"post","2":"type-post","3":"status-publish","4":"format-standard","5":"has-post-thumbnail","7":"category-titulares","8":"tag-breaking-news","9":"tag-breakingnews","10":"tag-es","11":"tag-espana","12":"tag-featured-news","13":"tag-featurednews","14":"tag-headlines","15":"tag-latest-news","16":"tag-latestnews","17":"tag-news","18":"tag-noticias","19":"tag-noticias-destacadas","20":"tag-noticiasdestacadas","21":"tag-spain","22":"tag-titulares","23":"tag-ultimas-noticias","24":"tag-ultimasnoticias"},"share_on_mastodon":{"url":"https:\/\/pubeurope.com\/@es\/115627638306986799","error":""},"_links":{"self":[{"href":"https:\/\/www.europesays.com\/es\/wp-json\/wp\/v2\/posts\/260377","targetHints":{"allow":["GET"]}}],"collection":[{"href":"https:\/\/www.europesays.com\/es\/wp-json\/wp\/v2\/posts"}],"about":[{"href":"https:\/\/www.europesays.com\/es\/wp-json\/wp\/v2\/types\/post"}],"author":[{"embeddable":true,"href":"https:\/\/www.europesays.com\/es\/wp-json\/wp\/v2\/users\/2"}],"replies":[{"embeddable":true,"href":"https:\/\/www.europesays.com\/es\/wp-json\/wp\/v2\/comments?post=260377"}],"version-history":[{"count":0,"href":"https:\/\/www.europesays.com\/es\/wp-json\/wp\/v2\/posts\/260377\/revisions"}],"wp:featuredmedia":[{"embeddable":true,"href":"https:\/\/www.europesays.com\/es\/wp-json\/wp\/v2\/media\/260378"}],"wp:attachment":[{"href":"https:\/\/www.europesays.com\/es\/wp-json\/wp\/v2\/media?parent=260377"}],"wp:term":[{"taxonomy":"category","embeddable":true,"href":"https:\/\/www.europesays.com\/es\/wp-json\/wp\/v2\/categories?post=260377"},{"taxonomy":"post_tag","embeddable":true,"href":"https:\/\/www.europesays.com\/es\/wp-json\/wp\/v2\/tags?post=260377"}],"curies":[{"name":"wp","href":"https:\/\/api.w.org\/{rel}","templated":true}]}}