{"id":260379,"date":"2025-11-28T13:52:13","date_gmt":"2025-11-28T13:52:13","guid":{"rendered":"https:\/\/www.europesays.com\/es\/260379\/"},"modified":"2025-11-28T13:52:13","modified_gmt":"2025-11-28T13:52:13","slug":"gano-roland-garros-junior-pero-tras-varias-lesiones-decidio-comprarse-un-velero-y-dar-la-vuelta-al-mundo","status":"publish","type":"post","link":"https:\/\/www.europesays.com\/es\/260379\/","title":{"rendered":"Gan\u00f3 Roland Garros junior pero, tras varias lesiones, decidi\u00f3 comprarse un velero y dar la vuelta al mundo"},"content":{"rendered":"<p class=\"article-text\">\n        Cuando un joven tenista gana <strong>Roland Garros<\/strong>, en la categor\u00eda j\u00fanior, recibe todo tipo de elogios, encaminados a augurar una exitosa carrera jalonada por t\u00edtulos profesionales. Pero no son pocos los casos de promesas que, una vez que alzaron un t\u00edtulo de Grand Slam en la categor\u00eda j\u00fanior, no han logrado continuar esa senda de trofeos y partidos ganados. Es el caso de <strong>Carlos Cuadrado<\/strong>, extenista profesional espa\u00f1ol cuya carrera se vio truncada por las recurrentes lesiones. A pesar de haber triunfado en Par\u00eds y haber rondado el lugar 200 del ranking mundial ATP, se vio obligado a retirarse a temprana edad. Despu\u00e9s de una etapa dedicada a ser entrenador, sinti\u00f3 la necesidad imperiosa de dejar esa vida atr\u00e1s para embarcarse en una aventura extraordinaria: comprarse un velero y dar la vuelta al mundo, aventura que logr\u00f3 y que le ayud\u00f3, adem\u00e1s, a redescubrirse a s\u00ed mismo.\n    <\/p>\n<p>    <a href=\"https:\/\/www.eldiario.es\/spin\/deportes\/renunciar-copa-davis-alcaraz-piensa-2026-seran-primeros-puntos-defendera-sinner-pm_1_12779440.html\" data-mrf-recirculation=\"saber-mas\" data-dl-event=\"saber-mas\" rel=\"nofollow noopener\" target=\"_blank\"><\/p>\n<p class=\"know-more__title\">Tras renunciar a la Copa Davis, Alcaraz ya piensa en 2026: estos ser\u00e1n los primeros puntos que defender\u00e1 ante Sinner<\/p>\n<p>            <img decoding=\"async\" class=\"lazy\" loading=\"lazy\" data-src=\"https:\/\/static.eldiario.es\/clip\/5549016b-e0c0-42ff-a98c-02ec3a693650_16-9-aspect-ratio_default_0.jpg\" src=\"data:image\/svg+xml,%3Csvg xmlns=\" http:=\"\" viewbox=\"0 0 880 495\" alt=\"Tras renunciar a la Copa Davis, Alcaraz ya piensa en 2026: estos ser\u00e1n los primeros puntos que defender\u00e1 ante Sinner\"\/><\/p>\n<p>                        <\/a><\/p>\n<p class=\"article-text\">\n        El extenista barcelon\u00e9s, nacido en 1983, demostr\u00f3 su talento con la raqueta desde ni\u00f1o, gracias en parte a su padre, que era entrenador. Desde muy joven entren\u00f3 intensamente y a los doce a\u00f1os ya era campe\u00f3n de Europa de su categor\u00eda. Su momento cumbre en la etapa j\u00fanior lleg\u00f3 en 2001, cuando con 18 a\u00f1os se proclam\u00f3 <strong>campe\u00f3n de Roland Garros<\/strong>, un logro que le catapult\u00f3 a la \u00e9lite del deporte. En aquella final, Cuadrado derrot\u00f3 con una superioridad exultante al argentino Brian Dabul por 6-1 y 6-0. Y los piropos no cesaron, una situaci\u00f3n pr\u00e1cticamente calcada a la que vivi\u00f3 <a href=\"https:\/\/www.eldiario.es\/temas\/carlos-alcaraz\/\" data-mrf-recirculation=\"links-noticia\" class=\"link\" rel=\"nofollow noopener\" target=\"_blank\">Carlos Alcaraz<\/a> en su momento, al que se le comparaba constantemente con <a href=\"https:\/\/www.eldiario.es\/temas\/rafa-nadal\/\" data-mrf-recirculation=\"links-noticia\" class=\"link\" rel=\"nofollow noopener\" target=\"_blank\">Rafa Nadal<\/a>.\n    <\/p>\n<p class=\"article-text\">\n        Sin embargo, ese triunfo en Par\u00eds marc\u00f3 el principio del fin, pues la rodilla ya avisaba en el torneo, oblig\u00e1ndole a usar hielo tres veces al d\u00eda. Las graves y reiteradas lesiones fueron mermando su carrera profesional. Entre 2003 y 2006 sufri\u00f3 cuatro operaciones de cadera y una de rodilla, a pesar de que hasta entonces nunca se hab\u00eda planteado que su carrera peligrase. Cuadrado <strong>colg\u00f3 la raqueta a los 23 a\u00f1os<\/strong>, en septiembre de 2006, despu\u00e9s de haber llegado en su mejor momento a la posici\u00f3n 222\u00aa del\u00a0ranking mundial,, en una \u00e9poca en la que apuntaba a ser uno de los grandes.\n    <\/p>\n<p class=\"article-text\">\n        El golpe de ver truncado su sue\u00f1o lo dej\u00f3 con una herida abierta y un vac\u00edo enorme. Con apenas 25 a\u00f1os, ya era un \u201cjubilado\u201d que sent\u00eda que necesitaba irse \u201clejos\u201d para desconectar y hallar calma. Cuadrado se march\u00f3 solo a Australia en 2008, un pa\u00eds que le hab\u00eda encantado a\u00f1os atr\u00e1s, buscando un \u201cdestino ideal\u201d para <strong>empezar de cero<\/strong>. En S\u00eddney, comenz\u00f3 a surfear y encontr\u00f3 una rutina que le proporcion\u00f3 paz. Tras un primer a\u00f1o sab\u00e1tico, regres\u00f3 al circuito como entrenador, trabajando con jugadoras de alto nivel como la eslovaca Daniela Hantuchova y las rusas Svetlana Kuznetsova y Anastasia Pavliuchenkova. Despu\u00e9s de esta etapa, se dedic\u00f3 a trabajar con Tennis Australia. Aunque crey\u00f3 haber hecho las paces con el tenis, m\u00e1s tarde admiti\u00f3 que hab\u00eda vuelto demasiado pronto. Cierta insatisfacci\u00f3n y el deseo de hacer cosas nuevas persist\u00edan.\n    <\/p>\n<p>    Lugares remotos (y peligrosos)<\/p>\n<p class=\"article-text\">\n        En 2017, impulsado por el vac\u00edo que el <a href=\"https:\/\/www.eldiario.es\/temas\/tenis\/\" data-mrf-recirculation=\"links-noticia\" class=\"link\" rel=\"nofollow noopener\" target=\"_blank\">tenis<\/a> le hab\u00eda dejado y la necesidad de buscar nuevos retos, Cuadrado dio un giro radical a su vida. Invirti\u00f3 todo lo que ten\u00eda en la compra de un velero oce\u00e1nico, a pesar de tener poca experiencia en navegaci\u00f3n, y se lanz\u00f3 a la aventura de <strong>dar la vuelta al mundo<\/strong>. Necesitaba probarse a s\u00ed mismo y recuperar la adrenalina que sent\u00eda en la competici\u00f3n. El periplo se convirti\u00f3 en un viaje que se alarg\u00f3 cuatro a\u00f1os. Su velero era un ketch de acero de 12 metros, dise\u00f1ado para navegar oc\u00e9anos con seguridad. Naveg\u00f3 varios a\u00f1os, visitando lugares remotos y espectaculares como Indonesia, Tailandia, Ciudad del Cabo, Madagascar y las islas Marquesas. Muchas de las grandes traves\u00edas las realiz\u00f3 en solitario, buscando un reencuentro interior y una paz ansiada.\n    <\/p>\n<p class=\"article-text\">\n        Esta aventura no estuvo exenta de peligros. De hecho \u00e9l mismo la calific\u00f3 como <strong>una \u201clocura peligrosa\u201d<\/strong>, pero peor era no intentarlo. Relata tormentas que casi lo vencen y encuentros con piratas. El oc\u00e9ano \u00cdndico fue, sin duda, el m\u00e1s duro, con olas cruzadas y tormentas violentas. En momentos cr\u00edticos, como cuando el piloto autom\u00e1tico se rompi\u00f3 en el \u00cdndico, a 2.000 millas de Seychelles, el extenista utiliz\u00f3 la resiliencia y la capacidad de afrontar retos que aprendi\u00f3 en el tenis. El mar, eso s\u00ed, le ofreci\u00f3 la sanaci\u00f3n que necesitaba. Cuadrado tuvo que pasar por un proceso de duelo de diez o doce a\u00f1os. Y el viaje fue una forma de reconciliarse con su pasado y reencontrarse con su identidad, aprendiendo a soltar el control y a vivir con lo esencial. Al terminar la vuelta al mundo, sinti\u00f3 una paz interior y una calma que no ten\u00eda, dejando de preguntarse qu\u00e9 tan lejos hubiera podido llegar en el ranking si su f\u00edsico no se hubiera quebrado.\n    <\/p>\n<p>    <a href=\"https:\/\/www.eldiario.es\/spin\/deportes\/nuevo-titulo-roger-federer-entra-salon-fama-equivocado-pm_1_12784211.html\" data-mrf-recirculation=\"saber-mas-abajo\" data-dl-event=\"saber-mas-abajo\" rel=\"nofollow noopener\" target=\"_blank\"><\/p>\n<p class=\"know-more__title\">El nuevo t\u00edtulo de Federer al entrar en el Sal\u00f3n de la Fama: \u201cEsperaba no haberme equivocado\u2026\u201d<\/p>\n<p>            <img decoding=\"async\" class=\"lazy\" loading=\"lazy\" data-src=\"https:\/\/static.eldiario.es\/clip\/cba32386-ea4d-4d0e-a475-d1b151073d92_16-9-aspect-ratio_default_0.jpg\" src=\"data:image\/svg+xml,%3Csvg xmlns=\" http:=\"\" viewbox=\"0 0 880 495\" alt=\"El nuevo t\u00edtulo de Roger Federer al entrar en el Sal\u00f3n de la Fama: \u201cEsperaba no haberme equivocado\u2026\u201d\"\/><\/p>\n<p>                        <\/a><\/p>\n<p>            <img decoding=\"async\" class=\"lazy\" loading=\"lazy\" data-src=\"https:\/\/static.eldiario.es\/clip\/6a11f2d5-dc4e-4c7f-a329-d6663b81d00a_16-9-discover-aspect-ratio_default_0.jpg\" src=\"data:image\/svg+xml,%3Csvg xmlns=\" http:=\"\" viewbox=\"0 0 1200 675\" alt=\"El extenista, a su regreso, plasm\u00f3 toda su aventura en un libro\"\/><\/p>\n<p class=\"article-text\">\n        Esta odisea la pudo plasmar en <strong>su libro \u2018Un rival impredecible\u2019,<\/strong> en el que relata su vida marcada por el deporte, el vac\u00edo que dej\u00f3 la retirada, y el viaje en velero, funcionando casi como una terapia para el autor. Dedicado a su padre, quien le transmiti\u00f3 la pasi\u00f3n por el tenis y el mar, la obra es un homenaje a la resiliencia y la b\u00fasqueda de sentido m\u00e1s all\u00e1 del \u00e9xito. Actualmente, Carlos Cuadrado ha regresado al <a href=\"https:\/\/www.eldiario.es\/temas\/tenis\/\" data-mrf-recirculation=\"links-noticia\" class=\"link\" rel=\"nofollow noopener\" target=\"_blank\">tenis<\/a>, que reconoce como lo que mejor sabe hacer y lo que m\u00e1s le gusta. Trabaja para su deporte favorito en Australia y representa a jugadores profesionales como Thanasi Kokkinakis, Jason Kubler y Alexei Popyrin. Tambi\u00e9n entrena a la joven promesa australiana Emerson Jones, con quien busca repetir el \u00e9xito en Roland Garros en categor\u00eda j\u00fanior\u2026 pero observando la pista con una mirada m\u00e1s serena.\n    <\/p>\n","protected":false},"excerpt":{"rendered":"Cuando un joven tenista gana Roland Garros, en la categor\u00eda j\u00fanior, recibe todo tipo de elogios, encaminados a&hellip;\n","protected":false},"author":2,"featured_media":260380,"comment_status":"","ping_status":"","sticky":false,"template":"","format":"standard","meta":{"footnotes":""},"categories":[274],"tags":[47596,2527,31462,168,25,24,5557,39032,3368,10480,3013,2678,39031,23,167,327,326,28427,1357],"class_list":{"0":"post-260379","1":"post","2":"type-post","3":"status-publish","4":"format-standard","5":"has-post-thumbnail","7":"category-tenis","8":"tag-comprarse","9":"tag-dar","10":"tag-decidio","11":"tag-deportes","12":"tag-es","13":"tag-espana","14":"tag-gano","15":"tag-garros","16":"tag-junior","17":"tag-lesiones","18":"tag-mundo","19":"tag-pm","20":"tag-roland","21":"tag-spain","22":"tag-sports","23":"tag-tenis","24":"tag-tennis","25":"tag-velero","26":"tag-vuelta"},"share_on_mastodon":{"url":"https:\/\/pubeurope.com\/@es\/115627658142003284","error":""},"_links":{"self":[{"href":"https:\/\/www.europesays.com\/es\/wp-json\/wp\/v2\/posts\/260379","targetHints":{"allow":["GET"]}}],"collection":[{"href":"https:\/\/www.europesays.com\/es\/wp-json\/wp\/v2\/posts"}],"about":[{"href":"https:\/\/www.europesays.com\/es\/wp-json\/wp\/v2\/types\/post"}],"author":[{"embeddable":true,"href":"https:\/\/www.europesays.com\/es\/wp-json\/wp\/v2\/users\/2"}],"replies":[{"embeddable":true,"href":"https:\/\/www.europesays.com\/es\/wp-json\/wp\/v2\/comments?post=260379"}],"version-history":[{"count":0,"href":"https:\/\/www.europesays.com\/es\/wp-json\/wp\/v2\/posts\/260379\/revisions"}],"wp:featuredmedia":[{"embeddable":true,"href":"https:\/\/www.europesays.com\/es\/wp-json\/wp\/v2\/media\/260380"}],"wp:attachment":[{"href":"https:\/\/www.europesays.com\/es\/wp-json\/wp\/v2\/media?parent=260379"}],"wp:term":[{"taxonomy":"category","embeddable":true,"href":"https:\/\/www.europesays.com\/es\/wp-json\/wp\/v2\/categories?post=260379"},{"taxonomy":"post_tag","embeddable":true,"href":"https:\/\/www.europesays.com\/es\/wp-json\/wp\/v2\/tags?post=260379"}],"curies":[{"name":"wp","href":"https:\/\/api.w.org\/{rel}","templated":true}]}}