{"id":260387,"date":"2025-11-28T13:57:07","date_gmt":"2025-11-28T13:57:07","guid":{"rendered":"https:\/\/www.europesays.com\/es\/260387\/"},"modified":"2025-11-28T13:57:07","modified_gmt":"2025-11-28T13:57:07","slug":"dos-tiktokers-se-graban-imitando-a-rufian-y-vito-quiles-y-aparece-un-fan-lo-haceis-muy-bien","status":"publish","type":"post","link":"https:\/\/www.europesays.com\/es\/260387\/","title":{"rendered":"Dos tiktokers se graban imitando a Rufi\u00e1n y Vito Quiles y aparece&#8230; \u00abun fan\u00bb: \u00abLo hac\u00e9is muy bien\u00bb"},"content":{"rendered":"<p class=\"article-text\">\n        Es dif\u00edcil que algo de la pol\u00edtica nacional se cuele y consiga miles de visualizaciones en redes como TikTok, tan orientada a las generaciones m\u00e1s j\u00f3venes, marcadas en general por un sentimiento de desconexi\u00f3n institucional. Pero hay algo que no puede perdonar el algoritmo de la red china: los memes. Desde hace meses, los encuentros entre <a href=\"https:\/\/www.eldiario.es\/temas\/vito-quiles\/\" data-mrf-recirculation=\"links-noticia\" class=\"link\" rel=\"nofollow noopener\" target=\"_blank\">Vito Quiles<\/a> y Gabriel Rufi\u00e1n no han pasado desapercibidos en este terreno, especialmente por la manera de contestar del portavoz de ERC a las preguntas de Quiles: tirando de iron\u00eda, buen humor y siempre con una sonrisa, sin entrar en confrontaciones. Ahora dos imitadores replican su f\u00f3rmula.\n    <\/p>\n<p class=\"article-text\">\n        Se trata de dos tiktokers llamados Pablo y Guille. Micr\u00f3fono en mano, caminando cerca del Congreso de los Diputados, aunque con un di\u00e1logo ligeramente cambiado. \u201cSe ha cortado el pelo. Est\u00e1 guapete con el pelo as\u00ed\u201d, dice en el primer v\u00eddeo el &#8216;Rufi\u00e1n fake&#8217;. Un comentario que da pie a un enredo de \u201custed m\u00e1s\u201d. Y tanto ese primer v\u00eddeo como este \u00faltimo acaba con un beso de los dos, que responde a algunos de los comentarios con m\u00e1s likes: \u201cmi shippeo favorito de internet\u201d, \u201c\u00bfse van a besar o no?\u201d.\n    <\/p>\n<blockquote class=\"tiktok-embed\" data-video-id=\"7577425622239235331\"><\/blockquote>\n<p class=\"article-text\">\n        Pero ha sido la segunda entrega de estos v\u00eddeos la que acumula ahora m\u00e1s likes y se ha hecho viral en otros terrenos como X. \u00bfEl motivo? Durante la imitaci\u00f3n de los dos creadores de contenido, el v\u00eddeo se ve interrumpido por \u201cun fan\u201d: el propio Gabriel Rufi\u00e1n entra en escena y, desde lejos, les dice: \u201cLo hac\u00e9is muy bien, \u00bfeh?\u201d. Los tres se acercan, el portavoz de ERC se interesa por qui\u00e9n hace de \u00e9l y acaban haci\u00e9ndose una foto.\n    <\/p>\n<p>    <a href=\"https:\/\/www.eldiario.es\/sociedad\/vito-quiles-ultraderecha-global-universidad-objetivo-casual-estrategia-compartida_1_12746298.html\" data-mrf-recirculation=\"saber-mas-abajo\" data-dl-event=\"saber-mas-abajo\" rel=\"nofollow noopener\" target=\"_blank\"><\/p>\n<p class=\"know-more__title\">Vito Quiles, la ultraderecha global y la universidad como objetivo: \u201cNada es casual, es una estrategia compartida\u201d\n<\/p>\n<p>            <img decoding=\"async\" class=\"lazy\" loading=\"lazy\" data-src=\"https:\/\/static.eldiario.es\/clip\/4c430362-4c05-41f7-816f-58ce41ae4716_16-9-aspect-ratio_default_0_x2182y1208.jpg\" src=\"data:image\/svg+xml,%3Csvg xmlns=\" http:=\"\" viewbox=\"0 0 880 495\" alt=\"Vito Quiles, la ultraderecha global y la universidad como objetivo: &quot;Nada es casual, es una estrategia compartida&quot;\"\/><\/p>\n<p>                        <\/a><\/p>\n<p class=\"article-text\">\n        Precisamente el fin de semana pasado <a href=\"https:\/\/www.eldiario.es\/vertele\/videos\/actualidad\/rufian-entrevista-la-sexta-xplica-vito-quiles-bertrand-ndongo_7_12790366.html\" data-mrf-recirculation=\"links-noticia\" class=\"link\" rel=\"nofollow noopener\" target=\"_blank\">Rufi\u00e1n explic\u00f3 a La Sexta<\/a> c\u00f3mo estaba ya acostumbrado a lidiar con comunicadores de la extrema derecha como Vito a los que suele responder utilizando el humor: \u201cNo son periodistas, son propagandistas. Cuando solo incomodas a unos, eres un propagandista\u201d, dijo. \u00bfY c\u00f3mo se prepara estos encuentros? El pol\u00edtico catal\u00e1n asegur\u00f3 que hab\u00eda que \u201cecharle mucha paciencia\u201d: \u201cA m\u00ed no me parece un compadreo. La iron\u00eda y el sarcasmo es lo que realmente les jode. Dientes, dientes, como dec\u00eda aquella\u201d.\n    <\/p>\n<p class=\"text\">\n        En alg\u00fan lugar hay algo que necesitas leer.\n    <\/p>\n","protected":false},"excerpt":{"rendered":"Es dif\u00edcil que algo de la pol\u00edtica nacional se cuele y consiga miles de visualizaciones en redes como&hellip;\n","protected":false},"author":2,"featured_media":260388,"comment_status":"","ping_status":"","sticky":false,"template":"","format":"standard","meta":{"footnotes":""},"categories":[174],"tags":[12335,255,146,147,25,24,256,8470,18731,65096,54954,45069,23,62912,23236],"class_list":["post-260387","post","type-post","status-publish","format-standard","has-post-thumbnail","category-famosos","tag-aparece","tag-celebrities","tag-entertainment","tag-entretenimiento","tag-es","tag-espana","tag-famosos","tag-fan","tag-graban","tag-imitando","tag-quiles","tag-rufian","tag-spain","tag-tiktokers","tag-vito"],"share_on_mastodon":{"url":"https:\/\/pubeurope.com\/@es\/115627677636866968","error":""},"_links":{"self":[{"href":"https:\/\/www.europesays.com\/es\/wp-json\/wp\/v2\/posts\/260387","targetHints":{"allow":["GET"]}}],"collection":[{"href":"https:\/\/www.europesays.com\/es\/wp-json\/wp\/v2\/posts"}],"about":[{"href":"https:\/\/www.europesays.com\/es\/wp-json\/wp\/v2\/types\/post"}],"author":[{"embeddable":true,"href":"https:\/\/www.europesays.com\/es\/wp-json\/wp\/v2\/users\/2"}],"replies":[{"embeddable":true,"href":"https:\/\/www.europesays.com\/es\/wp-json\/wp\/v2\/comments?post=260387"}],"version-history":[{"count":0,"href":"https:\/\/www.europesays.com\/es\/wp-json\/wp\/v2\/posts\/260387\/revisions"}],"wp:featuredmedia":[{"embeddable":true,"href":"https:\/\/www.europesays.com\/es\/wp-json\/wp\/v2\/media\/260388"}],"wp:attachment":[{"href":"https:\/\/www.europesays.com\/es\/wp-json\/wp\/v2\/media?parent=260387"}],"wp:term":[{"taxonomy":"category","embeddable":true,"href":"https:\/\/www.europesays.com\/es\/wp-json\/wp\/v2\/categories?post=260387"},{"taxonomy":"post_tag","embeddable":true,"href":"https:\/\/www.europesays.com\/es\/wp-json\/wp\/v2\/tags?post=260387"}],"curies":[{"name":"wp","href":"https:\/\/api.w.org\/{rel}","templated":true}]}}