{"id":260389,"date":"2025-11-28T14:00:21","date_gmt":"2025-11-28T14:00:21","guid":{"rendered":"https:\/\/www.europesays.com\/es\/260389\/"},"modified":"2025-11-28T14:00:21","modified_gmt":"2025-11-28T14:00:21","slug":"no-he-respondido-bien-al-tratamiento","status":"publish","type":"post","link":"https:\/\/www.europesays.com\/es\/260389\/","title":{"rendered":"\u201cNo he respondido bien al tratamiento\u201d"},"content":{"rendered":"<p>En los \u00faltimos meses, la vida de Cristian Suescun (32 a\u00f1os) ha dado un giro radical. Tras el enfrentamiento medi\u00e1tico de su madre con su hermana, el que fuera concursante de \u2018Supervivientes\u2019 realizaba un acercamiento hacia Maite Galdeano. Adem\u00e1s, \u00e9l mismo compart\u00eda en sus redes sociales un problema m\u00e9dico por el que tuvo que <a href=\"https:\/\/www.lecturas.com\/actualidad\/cristian-suescun-preocupa-compartir-imagen-hospital-aprovecharon-para-hacer-biopsia_179212\" rel=\"nofollow noopener\" target=\"_blank\">acudir a urgencias<\/a>. Ahora ha vuelto a actualizar su estado de salud, indicando que <strong>deber\u00e1 pasar por quir\u00f3fano<\/strong> para solucionar este peque\u00f1o bache.<\/p>\n<p>Cuando parec\u00eda que Maite se quedaba sin apoyos, lleg\u00f3 su hijo para cambiarlo todo. Durante muchos meses, Cristian se posicion\u00f3 claramente del lado de su hermana y su cu\u00f1ado, Kiko Jim\u00e9nez. Sin embargo, con el paso del tiempo decidi\u00f3 acercarse a su madre. Pero tambi\u00e9n cargar duramente contra su cu\u00f1ado y se\u00f1alarlo como el <a href=\"https:\/\/www.lecturas.com\/actualidad\/zasca-sofia-suescun-a-su-madre-y-a-su-hermano-me-enganaron-cuando-me-dijeron-que-familia-es-primero_182140\" rel=\"nofollow noopener\" target=\"_blank\">principal causante de la guerra familiar<\/a>. No obstante, Sof\u00eda Suescun contin\u00faa al lado de su pareja y<strong> sin contacto con su madre y su hermano.<\/strong><\/p>\n<p>Cristian pasa por quir\u00f3fano<\/p>\n<p>Cuando el pasado mes de julio Cristian pas\u00f3 por urgencias, indic\u00f3 que le hab\u00edan encontrado algo raro. Como consecuencia, durante estos meses ha optado por mantener el silencio sobre sus cuestiones m\u00e9dicas, aunque ha estado realiz\u00e1ndose pruebas para poder encontrar una soluci\u00f3n al respecto. Tras ello, ha compartido una<strong> imagen con una sonda en la nariz<\/strong> que ha preocupado a todos sus seguidores.<\/p>\n<p><img loading=\"lazy\" decoding=\"async\"   src=\"https:\/\/www.europesays.com\/es\/wp-content\/uploads\/2025\/11\/cristian-suescun_6f0abbea_251128140736_1200x1755.webp.webp\" alt=\"Cristian Suescun\" class=\"lazyload\" width=\"1200\" height=\"1755\" data-aspectratio=\"1200\/1755\"\/><\/p>\n<p>Cristian ha desvelado que debe pasar por quir\u00f3fano tras reaparecer con una sonda en la nariz.<\/p>\n<p>&#13;Instagram @suescungaldeano<\/p>\n<p>\u00c9l mismo se ha encargado de tratar de tranquilizar a todo el mundo para no hacer saltar las alarmas. <strong>\u201cNo os asust\u00e9is mucho\u201d<\/strong>, ha dicho. Tras ello, ha explicado que se trata de un tubo adherido a su nariz para \u201cmedir los valores del est\u00f3mago y el es\u00f3fago para ver c\u00f3mo reacciona durante el d\u00eda\u201d. Adem\u00e1s, ha indicado que tiene que estar pegado a la m\u00e1quina por esta situaci\u00f3n debido a la gastritis que sufre desde hace varios a\u00f1os. \u201cTengo que darle cuando como, cuando me tumbo&#8230;\u201d, ha a\u00f1adido.<\/p>\n<p><img decoding=\"async\" src=\"https:\/\/www.europesays.com\/es\/wp-content\/uploads\/2025\/11\/santi-acosta-y-bea-archidona_d517b08f_251128094801_800x800.webp.webp\" alt=\"Santi Acosta y Bea Archidona\" class=\"image lazyload\"\/><img loading=\"lazy\" decoding=\"async\" src=\"https:\/\/www.europesays.com\/es\/wp-content\/uploads\/2025\/11\/santi-acosta-y-bea-archidona_d517b08f_251128094816_1280x720.webp.webp\" alt=\"Siete invitados con los que 'De viernes' quiere plantar cara a 'La Voz' hoy\" class=\"image lazyload\" width=\"1280\" height=\"720\" data-aspectratio=\"1280\/720\"\/><\/p>\n<p>Con posterioridad ha confirmado los peores presagios y es que hay algo que no ha funcionado de manera adecuada. <strong>\u201cNo he respondido bien al tratamiento y los m\u00e9dicos han decidido operarme\u201d<\/strong>, ha se\u00f1alado Cristian. No obstante, hasta llegar a este punto no lo ha pasado del todo bien. \u201c<strong>No sab\u00e9is lo mal que lo he pasado&#8230;<\/strong> Es un tubo que te meten por la nariz y te baja hasta el est\u00f3mago. Y yo, que soy muy hipocondriaco, llorando, se me escapaban las l\u00e1grimas, arcadas. Madre m\u00eda, la paciencia que han tenido todo el equipo m\u00e9dico de digestivo&#8230;\u201d, ha explicado sobre el momento en que le pusieron la sonda.<\/p>\n<p><img loading=\"lazy\" decoding=\"async\"   src=\"https:\/\/www.europesays.com\/es\/wp-content\/uploads\/2025\/11\/cristian-suescun_51c354d7_251128140918_1200x667.webp.webp\" alt=\"Cristian Suescun\" class=\"lazyload\" width=\"1200\" height=\"667\" data-aspectratio=\"1200\/667\"\/><\/p>\n<p>El hermano de Sof\u00eda ha reconocido que lo ha pasado muy mal hasta que le han confirmado su paso por quir\u00f3fano.<\/p>\n<p>&#13;Telecinco<\/p>\n<p>Adem\u00e1s de agradecer a todo el equipo m\u00e9dico y a sus seguidores por los mensajes de \u00e1nimo que ha recibido durante estos d\u00edas, tampoco ha querido olvidarse de lanzar una reflexi\u00f3n. \u201cHay que dar las gracias simplemente por el hecho de estar sanos. Ten\u00e9is much\u00edsima suerte&#8230; Bueno, tenemos, que <strong>a m\u00ed me van a operar<\/strong>, pero seguro que todo sale bien y ya estar\u00e9 bien. As\u00ed que a tope, familia. Un beso\u201d, ha concluido sobre este bache de salud.<\/p>\n<p>Su anterior paso por el hospital<\/p>\n<p>A finales del mes de julio, Cristian volvi\u00f3 a preocupar a todos sus seguidores. De nuevo, se trataba de una imagen desde el hospital que causaba alerta. \u201cParada t\u00e9cnica en boxes. Me han hecho una gastroscopia y <strong>han encontrado algo raro,<\/strong> as\u00ed que aprovecharon para hacer una biopsia\u201d, escribi\u00f3 el hermano de Sof\u00eda. De hecho, este paso por urgencias se deb\u00eda a la situaci\u00f3n que ha comentado en la actualidad y por la que finalmente deber\u00e1 pasar por quir\u00f3fano.<\/p>\n<p><img loading=\"lazy\" decoding=\"async\"   src=\"https:\/\/www.europesays.com\/es\/wp-content\/uploads\/2025\/11\/cristian-suescun_89dd9a3c_251128141055_1200x2151.webp.webp\" alt=\"Cristian Suescun\" class=\"lazyload\" width=\"1200\" height=\"2151\" data-aspectratio=\"1200\/2151\"\/><\/p>\n<p>Este verano ya tuvo que pasar por urgencias debido a este peque\u00f1o bache de salud.<\/p>\n<p>&#13;Instagram @cristiansuescun__<\/p>\n<p>Fiel a sus apariciones en redes sociales, Cristian quiso mantener la calma en esta situaci\u00f3n m\u00e9dica. \u201cAhora toca esperar los resultados&#8230; Esperamos que todo est\u00e9 bien\u201d, confes\u00f3 en aquel entonces. La esperanza que ten\u00eda se ha visto disipada tras las \u00faltimas informaciones que ha compartido. No obstante, <strong>\u00e9l ha mantenido las energ\u00edas positivas durante <\/strong>estos meses e incluso en la actualidad con su intervenci\u00f3n quir\u00fargica para mejorar la situaci\u00f3n que lleva atravesando tanto tiempo.<\/p>\n<p><img decoding=\"async\" src=\"https:\/\/www.europesays.com\/es\/wp-content\/uploads\/2025\/11\/kiko-jimenez-gloria-camila-y-ortega-cano_73692e0c_018_250805180310_800x800.webp.webp\" alt=\"Kiko Jim\u00e9nez, Gloria Camila y Ortega Cano \" class=\"image lazyload\"\/><img loading=\"lazy\" decoding=\"async\" src=\"https:\/\/www.europesays.com\/es\/wp-content\/uploads\/2025\/11\/kiko-jimenez-gloria-camila-y-ortega-cano_73692e0c_018_250805180315_1280x720.webp.webp\" alt=\"Maite Galdeano y Cristian Suescun destapan las burlas que Kiko Jim\u00e9nez hac\u00eda a Ortega Cano: &quot;Le llamaba por tel\u00e9fono para re\u00edrse de \u00e9l&quot;\" class=\"image lazyload\" width=\"1280\" height=\"720\" data-aspectratio=\"1280\/720\"\/><\/p>\n<p>Tambi\u00e9n quiso agradecer al trato recibido por el hospital. Sin olvidarse de la persona que lo acompa\u00f1\u00f3 en este proceso, que no era ninguno de sus familiares. \u201cGracias a todo el personal del hospital de El Escorial que me ha atendido estupendamente y a mi gran amigo Javi que siempre est\u00e1 ah\u00ed\u201d, revel\u00f3 Suescun. <strong>La relaci\u00f3n con su hermana no pasa por su mejor momento<\/strong>, aunque quiz\u00e1 cambie al conocer que su hermano deber\u00e1 pasar por el quir\u00f3fano para solucionar este peque\u00f1o inconveniente.<\/p>\n","protected":false},"excerpt":{"rendered":"En los \u00faltimos meses, la vida de Cristian Suescun (32 a\u00f1os) ha dado un giro radical. Tras el&hellip;\n","protected":false},"author":2,"featured_media":260390,"comment_status":"","ping_status":"","sticky":false,"template":"","format":"standard","meta":{"footnotes":""},"categories":[171],"tags":[146,147,25,24,23,214],"class_list":{"0":"post-260389","1":"post","2":"type-post","3":"status-publish","4":"format-standard","5":"has-post-thumbnail","7":"category-tv","8":"tag-entertainment","9":"tag-entretenimiento","10":"tag-es","11":"tag-espana","12":"tag-spain","13":"tag-tv"},"share_on_mastodon":{"url":"https:\/\/pubeurope.com\/@es\/115627689929819609","error":""},"_links":{"self":[{"href":"https:\/\/www.europesays.com\/es\/wp-json\/wp\/v2\/posts\/260389","targetHints":{"allow":["GET"]}}],"collection":[{"href":"https:\/\/www.europesays.com\/es\/wp-json\/wp\/v2\/posts"}],"about":[{"href":"https:\/\/www.europesays.com\/es\/wp-json\/wp\/v2\/types\/post"}],"author":[{"embeddable":true,"href":"https:\/\/www.europesays.com\/es\/wp-json\/wp\/v2\/users\/2"}],"replies":[{"embeddable":true,"href":"https:\/\/www.europesays.com\/es\/wp-json\/wp\/v2\/comments?post=260389"}],"version-history":[{"count":0,"href":"https:\/\/www.europesays.com\/es\/wp-json\/wp\/v2\/posts\/260389\/revisions"}],"wp:featuredmedia":[{"embeddable":true,"href":"https:\/\/www.europesays.com\/es\/wp-json\/wp\/v2\/media\/260390"}],"wp:attachment":[{"href":"https:\/\/www.europesays.com\/es\/wp-json\/wp\/v2\/media?parent=260389"}],"wp:term":[{"taxonomy":"category","embeddable":true,"href":"https:\/\/www.europesays.com\/es\/wp-json\/wp\/v2\/categories?post=260389"},{"taxonomy":"post_tag","embeddable":true,"href":"https:\/\/www.europesays.com\/es\/wp-json\/wp\/v2\/tags?post=260389"}],"curies":[{"name":"wp","href":"https:\/\/api.w.org\/{rel}","templated":true}]}}