{"id":260393,"date":"2025-11-28T14:03:08","date_gmt":"2025-11-28T14:03:08","guid":{"rendered":"https:\/\/www.europesays.com\/es\/260393\/"},"modified":"2025-11-28T14:03:08","modified_gmt":"2025-11-28T14:03:08","slug":"franco-colapinto-en-vivo-el-minuto-a-minuto-de-la-practica-libre-en-el-gran-premio-de-qatar-de-formula-1","status":"publish","type":"post","link":"https:\/\/www.europesays.com\/es\/260393\/","title":{"rendered":"Franco Colapinto, en vivo: el minuto a minuto de la pr\u00e1ctica libre en el Gran Premio de Qatar de F\u00f3rmula 1"},"content":{"rendered":"<p class=\"mb-4 text-lg md:leading-8 break-words\">El l\u00edder del campeonato de pilotos mira a todos desde atr\u00e1s. Tiene problemas con el auto, que se muestra ind\u00f3cil. El McLaren se va de pista en un par de curvas y el piloto ingl\u00e9s no puede dejar el puesto 20. No es un buen presagio para un fin de semana en el que puede consagrarse como nuevo monarca de la F1. \u201c\u00bfD\u00f3nde puedo encontrar 1.6 segundos?\u201c, le pregunta a su ingeniero. Es la distancia con el l\u00edder provisional, George Russell (Mercedes).<\/p>\n<p class=\"mb-4 text-lg md:leading-8 break-words\">El argentino mejora su tiempo en casi 700 mil\u00e9simas y sube cuatro puestos en el clasificador. Queda en el puesto 16, y muy cerca de Gasly, que est\u00e1 un lugar m\u00e1s adelante y es apenas 61 mil\u00e9simas m\u00e1s r\u00e1pido.<\/p>\n<p class=\"mb-4 text-lg md:leading-8 break-words\">El neerland\u00e9s se enoja con el franc\u00e9s. El campe\u00f3n del mundo est\u00e1 a punto de tomar una curva por afuera y se encuentra con Gasly por adentro. Y lo insulta sin miramientos: \u201c\u00a1Mi Dios! \u00bfQui\u00e9n es este ciego idiota?\u201c.<\/p>\n<p class=\"mb-4 text-lg md:leading-8 break-words\">Una buena vuelta de Esteban Ocon relega al argentino a la \u00faltima posici\u00f3n de la grilla. Est\u00e1 a 1.235 segundos de la punta (Russell, el l\u00edder). Su compa\u00f1ero de equipo, Pierre Gasly, es bastante m\u00e1s r\u00e1pido: figura en el puesto 12, a 904 mil\u00e9simas del l\u00edder.<\/p>\n<p class=\"mb-4 text-lg md:leading-8 break-words\">\u201cLa direcci\u00f3n est\u00e1 muy extra\u00f1a. No s\u00e9 qu\u00e9 pasa\u201d, dice Max Verstappen luego de irse fuera de la pista. El neerland\u00e9s no tiene demasiado margen de maniobra si quiere repetir el t\u00edtulo del mundo. Precisa un fin de semana perfecto: ganar la sprint y la carrera del domingo para intentar descontar los 24 puntos que lo separan de Lando Norris, el l\u00edder del torneo a falta de dos carreras.<\/p>\n<p class=\"mb-4 text-lg md:leading-8 break-words\">El argentino hace una vuelta r\u00e1pida que le permite escalar tres lugares y quedar en el puesto 15. Pero en cuesti\u00f3n de segundos el resto de los pilotos tambi\u00e9n mejoran y el argentino queda 17. Gasly, en tanto, est\u00e1 en el puesto 14.<\/p>\n<p class=\"mb-4 text-lg md:leading-8 break-words\">El franc\u00e9s ocupa el puesto 9 tras una buena vuelta, y confirmando todo lo bueno que hab\u00eda evidenciado en San Pablo y Las Vegas. Colapinto, en tanto, se retrasa hasta el puesto 18.<\/p>\n<p class=\"mb-4 text-lg md:leading-8 break-words\">El piloto argentino logra poner a su Alpine en el Top 10 en los primeros minutos de la pr\u00e1ctica. Figura noveno en la grilla, pero luego cae hasta el puesto 13. Max Verstappen (Red Bull), Nico Hulkenberg (Sauber), Charles Leclerc (Ferrari) y Carlos Sainz (Williams) ocupan los primeros cuatro lugares.<\/p>\n<p class=\"mb-4 text-lg md:leading-8 break-words\">Se larga la primera y \u00fanica pr\u00e1ctica en Qatar, con la definici\u00f3n del campeonato de pilotos en las sombras. Y la lucha entre Lando Norris (McLaren) y Max Verstappen (Red Bull).<\/p>\n<p class=\"mb-4 text-lg md:leading-8 break-words\"><b>Esteban Ocon<\/b>, piloto de la escuder\u00eda <b>Haas<\/b>, record\u00f3 lo que fue su \u00faltimo Gran Premio para el equipo <b>Alpine<\/b>, hace exactamente un a\u00f1o. Y no fue en buenos t\u00e9rminos, precisamente. \u201cCreo que es muy diferente, eso es seguro. No considero que el a\u00f1o pasado fuera el mejor ejemplo de toda mi carrera. Hubo un muy buen momento en Brasil, pero nada m\u00e1s.<b> La vida no era tan agradable como lo es hoy<\/b>\u201c, dijo el franc\u00e9s en una conferencia de prensa con varios medios europeos.<\/p>\n<p class=\"mb-4 text-lg md:leading-8 break-words\">El sem\u00e1foro se pondr\u00e1 en verde para la pr\u00e1ctica libre a las <b>10.30 <\/b>(hora de la Argentina). La actividad del viernes continuar\u00e1 a las 14.30 con la clasificaci\u00f3n para la carrera sprint. El s\u00e1bado, los motores se encender\u00e1n a las <b>11 <\/b>para la sprint, mientras que la qualy para el Gran Premio se disputar\u00e1 desde las <b>15<\/b>. El Gran Premio de Qatar se largar\u00e1 el domingo a las <b>13<\/b>, siempre en horario de la Argentina.<\/p>\n<p class=\"mb-4 text-lg md:leading-8 break-words\">Bienvenidos a la cobertura minuto a minuto de la \u00fanica pr\u00e1ctica libre en el circuito de <b>Lusail <\/b>(Qatar), sede de la pen\u00faltima carrera de la temporada de la<b> F\u00f3rmula 1<\/b>. Tras el fallido fin de semana en Las Vegas, el piloto argentino buscar\u00e1 encontrar confiabilidad en su Alpine y llegar a sumar sus primeros puntos en el a\u00f1o.<\/p>\n","protected":false},"excerpt":{"rendered":"El l\u00edder del campeonato de pilotos mira a todos desde atr\u00e1s. Tiene problemas con el auto, que se&hellip;\n","protected":false},"author":2,"featured_media":260394,"comment_status":"","ping_status":"","sticky":false,"template":"","format":"standard","meta":{"footnotes":""},"categories":[93],"tags":[168,37503,25,24,2100,1723,31809,465,2099,20989,23,167,37172],"class_list":{"0":"post-260393","1":"post","2":"type-post","3":"status-publish","4":"format-standard","5":"has-post-thumbnail","7":"category-deportes","8":"tag-deportes","9":"tag-el-gran-premio","10":"tag-es","11":"tag-espana","12":"tag-esteban-ocon","13":"tag-franco-colapinto","14":"tag-gasly","15":"tag-george-russell","16":"tag-max-verstappen","17":"tag-qatar","18":"tag-spain","19":"tag-sports","20":"tag-un-fin-de-semana"},"share_on_mastodon":{"url":"https:\/\/pubeurope.com\/@es\/115627701392374581","error":""},"_links":{"self":[{"href":"https:\/\/www.europesays.com\/es\/wp-json\/wp\/v2\/posts\/260393","targetHints":{"allow":["GET"]}}],"collection":[{"href":"https:\/\/www.europesays.com\/es\/wp-json\/wp\/v2\/posts"}],"about":[{"href":"https:\/\/www.europesays.com\/es\/wp-json\/wp\/v2\/types\/post"}],"author":[{"embeddable":true,"href":"https:\/\/www.europesays.com\/es\/wp-json\/wp\/v2\/users\/2"}],"replies":[{"embeddable":true,"href":"https:\/\/www.europesays.com\/es\/wp-json\/wp\/v2\/comments?post=260393"}],"version-history":[{"count":0,"href":"https:\/\/www.europesays.com\/es\/wp-json\/wp\/v2\/posts\/260393\/revisions"}],"wp:featuredmedia":[{"embeddable":true,"href":"https:\/\/www.europesays.com\/es\/wp-json\/wp\/v2\/media\/260394"}],"wp:attachment":[{"href":"https:\/\/www.europesays.com\/es\/wp-json\/wp\/v2\/media?parent=260393"}],"wp:term":[{"taxonomy":"category","embeddable":true,"href":"https:\/\/www.europesays.com\/es\/wp-json\/wp\/v2\/categories?post=260393"},{"taxonomy":"post_tag","embeddable":true,"href":"https:\/\/www.europesays.com\/es\/wp-json\/wp\/v2\/tags?post=260393"}],"curies":[{"name":"wp","href":"https:\/\/api.w.org\/{rel}","templated":true}]}}