{"id":260395,"date":"2025-11-28T14:04:13","date_gmt":"2025-11-28T14:04:13","guid":{"rendered":"https:\/\/www.europesays.com\/es\/260395\/"},"modified":"2025-11-28T14:04:13","modified_gmt":"2025-11-28T14:04:13","slug":"unas-1-300-personas-tienen-vih-en-extremadura-aunque-el-18-por-ciento-no-lo-sabe-y-desconoce-el-estado-de-su-enfermedad","status":"publish","type":"post","link":"https:\/\/www.europesays.com\/es\/260395\/","title":{"rendered":"Unas 1.300 personas tienen VIH en Extremadura aunque el 18 por ciento no lo sabe y desconoce el estado de su enfermedad"},"content":{"rendered":"<p><img id=\"fotoPrincipalNoticia\" src=\"https:\/\/www.europesays.com\/es\/wp-content\/uploads\/2025\/11\/fotonoticia_20251128141501_690.jpg\" loading=\"eager\" decoding=\"async\" style=\"view-transition-name: fechor_20251128141501;\" border=\"0\" alt=\"Acto con motivo del D\u00eda Mundial del VIH-Sida en Badajoz\" fetchpriority=\"high\" title=\"Unas 1.300 personas tienen VIH en Extremadura aunque el 18 por ciento no lo sabe y desconoce el estado de su enfermedad\" width=\"690\" height=\"518\" itemprop=\"image\"\/><\/p>\n<p>Acto con motivo del D\u00eda Mundial del VIH-Sida en Badajoz &#8211; EUROPA PRESS<\/p>\n<p>\u00a0\u00a0\u00a0BADAJOZ, 28 Nov. (EUROPA PRESS) &#8211; <\/p>\n<p>\u00a0\u00a0\u00a0El n\u00famero de <strong>personas <\/strong>que<strong> viven<\/strong> en <strong>Extremadura<\/strong> <strong>con el VIH<\/strong> se <strong>sit\u00faa entre 1.300 y 1.500<\/strong>, seg\u00fan los datos que se manejan desde el Comit\u00e9 Antisida de la regi\u00f3n (CAEX), <strong>si bien se estima <\/strong>que el <strong>18 por ciento <\/strong>de los <strong>infectados no lo saben y desconocen el estado de su enfermedad.<\/strong><\/p>\n<p>\u00a0\u00a0\u00a0\u00abEso quiere decir que est\u00e1n en la primera fase inicial de portador asintom\u00e1tico, es decir, lo transmito, no lo s\u00e9 porque no tengo s\u00edntomas. Entonces, es bastante complicado\u00bb, ha se\u00f1alado Pilar C\u00e1ceres, del CAEX, que ha destacado asimismo que, aproximadamente, los nuevos contagios se dan en un porcentaje del 45 por ciento entre los j\u00f3venes \u00absobre todo\u00bb, a tenor de lo cual ha detallado que el mayor n\u00famero de nuevas infecciones por VIH se da en la poblaci\u00f3n joven de entre 15 y 25 a\u00f1os.<\/p>\n<p>\u00a0\u00a0\u00a0A este respecto, ha hecho un llamamiento a la prevenci\u00f3n y ha hecho hincapi\u00e9 en la utilizaci\u00f3n de m\u00e9todos de barrera como el preservativo, a la vez que ha destacado que si se mantienen relaciones sexuales de riesgo sin protecci\u00f3n es \u00abimportante\u00bb hacerse la prueba para conocer el estado serol\u00f3gico y si tienen el virus o no.<\/p>\n<p>\u00a0\u00a0\u00a0De esta forma se ha pronunciado en declaraciones a los medios tras participar en el Ayuntamiento de Badajoz en un acto con motivo del D\u00eda Mundial del VIH-Sida, en el que ha le\u00eddo un manifiesto alusivo a esta efem\u00e9ride junto a Nerea G\u00f3mez, de la Asociaci\u00f3n Nueva Vida, y Abel P\u00e9rez, de Fundaci\u00f3n Tri\u00e1ngulo.<\/p>\n<p>\u00a0\u00a0\u00a0En el mismo, han recordado que a lo largo de la historia reciente pocas realidades han marcado tanto a la humanidad como el VIH y el Sida. \u00abEsta epidemia, que comenz\u00f3 envuelta en miedo, silencio y estigmas, ha revelado nuestras vulnerabilidades sociales, pero tambi\u00e9n nuestra capacidad de resiliencia, ciencia, solidaridad y cambio\u00bb, apuntan.<\/p>\n<p>\u00a0\u00a0\u00a0Hoy en d\u00eda, en un mundo donde los avances m\u00e9dicos permiten vivir con VIH con calidad y esperanza, a\u00fan persisten no obstante \u00abbarreras que no deber\u00edan existir: prejuicios que hieren, desigualdades que limitan, sistemas de salud que no alcanzan a todos, y un desconocimiento que sigue costando vidas\u00bb, ante lo que han alzado la voz para recordar que el VIH\/Sida \u00abno es solo una enfermedad: es un reflejo de nuestras desigualdades, de nuestros silencios y de nuestros prejuicios\u00bb.<\/p>\n<p>\u00a0\u00a0\u00a0\u00abTambi\u00e9n es un espacio donde la ciencia, la solidaridad y la dignidad humana han demostrado su fuerza\u00bb, tras lo que han puesto el acento en que este manifiesto \u00abnace como un acto de conciencia y compromiso colectivo\u00bb; y busca recordar que la lucha contra el Sida no termin\u00f3, que la memoria es un deber y que la dignidad humana debe ser el centro de cada acci\u00f3n, decisi\u00f3n y palabra.<\/p>\n<p>\u00a0\u00a0\u00a0(M\u00e1s informaci\u00f3n en Europa Press)<\/p>\n","protected":false},"excerpt":{"rendered":"Acto con motivo del D\u00eda Mundial del VIH-Sida en Badajoz &#8211; EUROPA PRESS \u00a0\u00a0\u00a0BADAJOZ, 28 Nov. (EUROPA PRESS)&hellip;\n","protected":false},"author":2,"featured_media":260396,"comment_status":"","ping_status":"","sticky":false,"template":"","format":"standard","meta":{"footnotes":""},"categories":[92],"tags":[25,24,165,166,23],"class_list":{"0":"post-260395","1":"post","2":"type-post","3":"status-publish","4":"format-standard","5":"has-post-thumbnail","7":"category-salud","8":"tag-es","9":"tag-espana","10":"tag-health","11":"tag-salud","12":"tag-spain"},"share_on_mastodon":{"url":"https:\/\/pubeurope.com\/@es\/115627705857801069","error":""},"_links":{"self":[{"href":"https:\/\/www.europesays.com\/es\/wp-json\/wp\/v2\/posts\/260395","targetHints":{"allow":["GET"]}}],"collection":[{"href":"https:\/\/www.europesays.com\/es\/wp-json\/wp\/v2\/posts"}],"about":[{"href":"https:\/\/www.europesays.com\/es\/wp-json\/wp\/v2\/types\/post"}],"author":[{"embeddable":true,"href":"https:\/\/www.europesays.com\/es\/wp-json\/wp\/v2\/users\/2"}],"replies":[{"embeddable":true,"href":"https:\/\/www.europesays.com\/es\/wp-json\/wp\/v2\/comments?post=260395"}],"version-history":[{"count":0,"href":"https:\/\/www.europesays.com\/es\/wp-json\/wp\/v2\/posts\/260395\/revisions"}],"wp:featuredmedia":[{"embeddable":true,"href":"https:\/\/www.europesays.com\/es\/wp-json\/wp\/v2\/media\/260396"}],"wp:attachment":[{"href":"https:\/\/www.europesays.com\/es\/wp-json\/wp\/v2\/media?parent=260395"}],"wp:term":[{"taxonomy":"category","embeddable":true,"href":"https:\/\/www.europesays.com\/es\/wp-json\/wp\/v2\/categories?post=260395"},{"taxonomy":"post_tag","embeddable":true,"href":"https:\/\/www.europesays.com\/es\/wp-json\/wp\/v2\/tags?post=260395"}],"curies":[{"name":"wp","href":"https:\/\/api.w.org\/{rel}","templated":true}]}}