{"id":260411,"date":"2025-11-28T14:16:09","date_gmt":"2025-11-28T14:16:09","guid":{"rendered":"https:\/\/www.europesays.com\/es\/260411\/"},"modified":"2025-11-28T14:16:09","modified_gmt":"2025-11-28T14:16:09","slug":"pogacar-si-cambiaran-las-fechas-del-giro-de-italia-por-la-vuelta-seria-mucho-mejor","status":"publish","type":"post","link":"https:\/\/www.europesays.com\/es\/260411\/","title":{"rendered":"Pogacar: \u201cSi cambiaran las fechas del Giro de Italia por La Vuelta ser\u00eda mucho mejor\u2026\u201d"},"content":{"rendered":"<p class=\"\"><b>Tadej Poga\u010dar aprovech\u00f3 su presencia en Gran Canaria para volver a mostrar sus deseos de cerrar en 2026 su c\u00edrculo de las grandes vueltas<\/b> con la consecuci\u00f3n de la corona en La Vuelta a Espa\u00f1a, una meta para la que siempre se ha encontrado un impedimento: la dificultad de combinar la cita espa\u00f1ola con el Tour de Francia. <b>\u201cSiempre digo que si cambiaran el Giro de Italia y La Vuelta ser\u00eda mucho mejor<\/b> por condiciones meteorol\u00f3gicas y por la posibilidad de ciclistas de acudir\u201d, admiti\u00f3.<\/p>\n<p class=\"\"><b>Una Vuelta a Espa\u00f1a 2026 en la que no participar\u00e1 Gran Canaria<\/b> tras su no a la cita ciclista por la presencia del antiguo equipo Israel Tech en el pelot\u00f3n, una ausencia que <b>el esloveno tild\u00f3 de \u201cuna pena\u201d por perder la posibilidad de concluir en las carreteras canarias<\/b>, si bien record\u00f3 que \u201clas carreras ciclistas no son la prioridad n\u00famero uno\u201d y que son entendibles todas las posturas.<\/p>\n<p class=\"\"><b>\u201cGran Canaria tiene potencial para acoger tres o cuatro etapas de nivel para La Vuelta a Espa\u00f1a.<\/b> La isla tiene todo para ser mejores ciclistas. Posee buenas carreteras, no hay mucho tr\u00e1fico en las carreteras y existe buen clima para divertirse. Cualquiera es capaz de mejorar por las condiciones de esta isla. Es mi primera vez aqu\u00ed, pero me sirve de buena manera de reiniciar de correctamente mis entrenamientos\u201d, reflexion\u00f3.<\/p>\n<p class=\"\">Con el calendario de 2026 a\u00fan por definir hasta diciembre, en el campo de entrenamiento de UAE,<b> <\/b><b>Pogi <\/b><b>no escondi\u00f3 su deseo de relamerse las heridas de la Mil\u00e1n-San Remo y la Par\u00eds-Roubaix<\/b> y asaltar las dos grandes Cl\u00e1sicas que faltan en su palmar\u00e9s. Dos pruebas donde se podr\u00eda reencontrar con Remco <b>Evenepoel, \u201cun rival a vigilar y con opciones de ganar\u201d<\/b> por su gran adaptaci\u00f3n a las condiciones de ambas pruebas, admiti\u00f3.<\/p>\n<p class=\"\">Tras conocer el rut\u00f3metro del Tour de Francia 2026, Poga\u010dar asegur\u00f3 que \u201cno es nada especial\u201d en cuanto a cambios, puesto que seguir\u00e1n siendo tres semanas de \u201cascensos y etapas duras\u201d, aunque con el aliciente \u201cinteresante\u201d de empezar en Barcelona.<b> \u201cTengo el Tour en el horizonte, pero todav\u00eda queda mucho\u201d, detall\u00f3.<\/b><\/p>\n<p class=\"\">Y todav\u00eda m\u00e1s en el horizonte resalta el objetivo de entrar todav\u00eda m\u00e1s en la historia y repetir por tercera vez consecutiva el maillot arco\u00edris y proclamarse campe\u00f3n del mundo en <b>Montreal en 2026. Para el esloveno ser\u00e1 \u201cmuy bonita y dura para ganar\u201d,<\/b> pero se le escap\u00f3 una sonrisa al asegurar que intentar\u00e1 \u201cdar lo mejor\u201d para conseguir un \u00e9xito que est\u00e1 en su lista de deseos.<\/p>\n<p class=\"\">Pero antes que nada, el ciclista de UAE se centra en firmar una buena pretemporada y desengrasar sus piernas en Gran Canaria tras un merecido descanso. En su vuelta a los entrenamientos, <b>Poga\u010dar participar\u00e1 en la TotalEnergies Gran Fondo Pico de las Nieves<\/b> con la meta de \u201cexplorar\u201d una isla a la que prometi\u00f3 volver por ser \u201cun para\u00edso para una base de entrenamientos\u201d.<\/p>\n<p class=\"\">Encadenar \u00e9xitos y temporadas, ocho en el caso del esloveno, obliga a buscar \u201cde manera diferente\u201d la motivaci\u00f3n para mantener el hambre de uno de los mejores deportistas del mundo en una carrera que \u201cva muy r\u00e1pido\u201d y que \u201cno se extiende mucho m\u00e1s\u201d. \u201cNo dir\u00eda que es m\u00e1s dif\u00edcil motivarse, sino que es diferente la presi\u00f3n y cambia el estr\u00e9s a tu alrededor. <b>Cuando consigues temporadas como la pasada es dif\u00edcil volver el a\u00f1o que viene para hacerlo mejor\u201d<\/b>, asegur\u00f3.<\/p>\n<p class=\"\"><b>\u201cDesde mi punto de vista, si hago menos la temporada que viene es un problema. <\/b>Tratas de alcanzar el mismo nivel y conseguir los mismos resultados y mostrar que puedes conseguirlo de nuevo\u201d, destac\u00f3 como muestra de ambici\u00f3n y autoexigencia.<\/p>\n<p>Noticias relacionadas<\/p>\n<p class=\"\"><b>Tadej esquiv\u00f3 las comparaciones con Eddy Merckx <\/b>y la posibilidad de entrar a lo m\u00e1s alto del olimpo hist\u00f3rico del ciclismo, donde para muchos ya se encuentra, y record\u00f3 que \u201ccada uno es s\u00ed mismo\u201d. <\/p>\n<p class=\"\"><b>\u00a1Tus opiniones importan!<\/b> Comenta en los art\u00edculos y suscr\u00edbete gratis a nuestra <a href=\"https:\/\/asfan.as.com\/newsletters\/\" target=\"_blank\" rel=\"nofollow noopener\" title=\"https:\/\/asfan.as.com\/newsletters\/\">newsletter<\/a> y a las alertas informativas en la <a href=\"https:\/\/as.com\/aplicacion-de-as-n\/\" target=\"_blank\" rel=\"nofollow noopener\" title=\"https:\/\/as.com\/aplicacion-de-as-n\/\">App<\/a> o el canal de <a href=\"https:\/\/www.whatsapp.com\/channel\/0029VaAasdA7j6g745nz9M10\" target=\"_blank\" rel=\"nofollow noopener\" title=\"https:\/\/www.whatsapp.com\/channel\/0029VaAasdA7j6g745nz9M10\">WhatsApp<\/a>. \u00bfBuscas licenciar contenido? Haz clic <a href=\"https:\/\/profesional.elpais.com\/soluciones-sindicacion?utm_medium=interno&amp;utm_source=crosslinking&amp;utm_campaign=sindicacion_as_pie_articulos\" target=\"_blank\" rel=\"nofollow noopener\" title=\"https:\/\/profesional.elpais.com\/soluciones-sindicacion?utm_medium=interno&amp;utm_source=crosslinking&amp;utm_campaign=sindicacion_as_pie_articulos\">aqu\u00ed<\/a><\/p>\n","protected":false},"excerpt":{"rendered":"Tadej Poga\u010dar aprovech\u00f3 su presencia en Gran Canaria para volver a mostrar sus deseos de cerrar en 2026&hellip;\n","protected":false},"author":2,"featured_media":260412,"comment_status":"","ping_status":"","sticky":false,"template":"","format":"standard","meta":{"footnotes":""},"categories":[273],"tags":[313,312,168,25,24,23,167],"class_list":{"0":"post-260411","1":"post","2":"type-post","3":"status-publish","4":"format-standard","5":"has-post-thumbnail","7":"category-ciclismo","8":"tag-ciclismo","9":"tag-cycling","10":"tag-deportes","11":"tag-es","12":"tag-espana","13":"tag-spain","14":"tag-sports"},"share_on_mastodon":{"url":"https:\/\/pubeurope.com\/@es\/115627752339936333","error":""},"_links":{"self":[{"href":"https:\/\/www.europesays.com\/es\/wp-json\/wp\/v2\/posts\/260411","targetHints":{"allow":["GET"]}}],"collection":[{"href":"https:\/\/www.europesays.com\/es\/wp-json\/wp\/v2\/posts"}],"about":[{"href":"https:\/\/www.europesays.com\/es\/wp-json\/wp\/v2\/types\/post"}],"author":[{"embeddable":true,"href":"https:\/\/www.europesays.com\/es\/wp-json\/wp\/v2\/users\/2"}],"replies":[{"embeddable":true,"href":"https:\/\/www.europesays.com\/es\/wp-json\/wp\/v2\/comments?post=260411"}],"version-history":[{"count":0,"href":"https:\/\/www.europesays.com\/es\/wp-json\/wp\/v2\/posts\/260411\/revisions"}],"wp:featuredmedia":[{"embeddable":true,"href":"https:\/\/www.europesays.com\/es\/wp-json\/wp\/v2\/media\/260412"}],"wp:attachment":[{"href":"https:\/\/www.europesays.com\/es\/wp-json\/wp\/v2\/media?parent=260411"}],"wp:term":[{"taxonomy":"category","embeddable":true,"href":"https:\/\/www.europesays.com\/es\/wp-json\/wp\/v2\/categories?post=260411"},{"taxonomy":"post_tag","embeddable":true,"href":"https:\/\/www.europesays.com\/es\/wp-json\/wp\/v2\/tags?post=260411"}],"curies":[{"name":"wp","href":"https:\/\/api.w.org\/{rel}","templated":true}]}}