{"id":260419,"date":"2025-11-28T14:23:08","date_gmt":"2025-11-28T14:23:08","guid":{"rendered":"https:\/\/www.europesays.com\/es\/260419\/"},"modified":"2025-11-28T14:23:08","modified_gmt":"2025-11-28T14:23:08","slug":"rtve-ficha-a-jose-luis-sastre-para-presentar-el-juicio-nuevo-programa-al-estilo-tribunal-popular","status":"publish","type":"post","link":"https:\/\/www.europesays.com\/es\/260419\/","title":{"rendered":"RTVE ficha a Jos\u00e9 Luis Sastre para presentar &#8216;El juicio&#8217;, nuevo programa al estilo &#8216;Tribunal Popular&#8217;"},"content":{"rendered":"<p class=\"article-text\">\n        <strong>RTVE<\/strong> ha anunciado este viernes la puesta en marcha de <strong>El juicio<\/strong>, un nuevo programa para el prime time de <strong>La 1 <\/strong>para el cual la cadena p\u00fablica ha fichado a <strong>Jos\u00e9 Luis Sastre<\/strong>, popular periodista y locutor de la <strong>Cadena SER. <\/strong>El valenciano dar\u00e1 por primera vez el salto a la televisi\u00f3n para conducir <strong>un debate sobre temas sociales y asuntos que preocupan a la ciudadan\u00eda espa\u00f1ola<\/strong>. Bajo la estructura y con el ritual de un juicio, cada semana un jurado popular dar\u00e1 su veredicto sobre uno de los grandes debates sociales que vive el pa\u00eds.\n    <\/p>\n<p>    <a href=\"https:\/\/www.eldiario.es\/vertele\/noticias\/jose-pablo-lopez-presidente-rtve-lamenta-deslegitime-dijo-hormiguero-periodistas-pidiendo-cierre-medios-videos_1_12802952.html\" data-mrf-recirculation=\"saber-mas\" data-dl-event=\"saber-mas\" rel=\"nofollow noopener\" target=\"_blank\"><\/p>\n<p class=\"know-more__title\">Jos\u00e9 Pablo L\u00f3pez lamenta que se \u00abdeslegitime\u00bb a RTVE y lo que dijo &#8216;El Hormiguero&#8217;: \u00abPeriodistas pidiendo el cierre de medios\u00bb<\/p>\n<p>            <img decoding=\"async\" class=\"lazy\" loading=\"lazy\" data-src=\"https:\/\/static.eldiario.es\/clip\/c4b54c97-6ee9-4891-a2d2-58276af67b9a_16-9-aspect-ratio_default_0.jpg\" src=\"data:image\/svg+xml,%3Csvg xmlns=\" http:=\"\" viewbox=\"0 0 880 495\" alt=\"Jos\u00e9 Pablo L\u00f3pez lamenta que se &quot;deslegitime&quot; a RTVE y lo que dijo 'El Hormiguero': &quot;Periodistas pidiendo el cierre de medios&quot;\"\/><\/p>\n<p>                        <\/a><\/p>\n<p class=\"article-text\">\n        Jos\u00e9 Luis Sastre presentar\u00e1 el programa que contar\u00e1 tambi\u00e9n con\u00a0<strong>un juez y dos abogadas<\/strong>, que se conocer\u00e1n en breve. El periodista valenciano, una de las principales voces de la Cadena SER, conducir\u00e1 un formato que cuenta con los elementos b\u00e1sicos de un juicio: presentaci\u00f3n de <strong>argumentos <\/strong>de las partes, <strong>testigos<\/strong>, presentaci\u00f3n de <strong>pruebas<\/strong>, <strong>alegatos <\/strong>finales, <strong>deliberaciones<\/strong>, <strong>veredicto <\/strong>y <strong>sentencia final.<\/strong>\n    <\/p>\n<p class=\"article-text\">\n        La 1 apuesta as\u00ed por este formato que incluir\u00e1 elementos de investigaci\u00f3n period\u00edstica para aportar pruebas, testimonios reveladores y datos desconocidos por el gran p\u00fablico. Cada episodio incluir\u00e1 <strong>reportajes <\/strong>en los que Sastre entrevistar\u00e1 a<strong> personajes relevantes<\/strong> y conducir\u00e1 piezas de seguimiento a algunos de los protagonistas del tema central del programa.\n    <\/p>\n<p>    RTVE recupera el esp\u00edritu de &#8216;Tribunal Popular&#8217;<\/p>\n<p class=\"article-text\">\n        El jurado de El juicio ser\u00e1 un retrato plural de la sociedad espa\u00f1ola en un momento de gran polarizaci\u00f3n ideol\u00f3gica. Estar\u00e1 compuesto por\u00a0<strong>nueve ciudadanos\u00a0de a pie<\/strong>, elegidos tras un proceso de casting demosc\u00f3picamente representativo. Durante el programa habr\u00e1 espacio para el seguimiento de sus opiniones y debates, y se incluir\u00e1n piezas vinculadas a los momentos clave de sus deliberaciones y toma de decisiones.\n    <\/p>\n<p>    <a href=\"https:\/\/www.eldiario.es\/vertele\/noticias\/rtve-anuncia-sustituta-fija-futuro-imperfecto-baja-buenafuente_1_12804508.html\" data-mrf-recirculation=\"saber-mas-abajo\" data-dl-event=\"saber-mas-abajo\" rel=\"nofollow noopener\" target=\"_blank\"><\/p>\n<p class=\"know-more__title\">RTVE anuncia ya a la sustituta fija de &#8216;Futuro imperfecto&#8217; tras la baja de Buenafuente\n<\/p>\n<p>            <img decoding=\"async\" class=\"lazy\" loading=\"lazy\" data-src=\"https:\/\/static.eldiario.es\/clip\/d655fb4b-b77c-4613-9c8a-3d81339196b6_16-9-aspect-ratio_default_0.jpg\" src=\"data:image\/svg+xml,%3Csvg xmlns=\" http:=\"\" viewbox=\"0 0 880 495\" alt=\"RTVE anuncia ya a la sustituta fija de 'Futuro imperfecto' tras la baja de Buenafuente\"\/><\/p>\n<p>                        <\/a><\/p>\n<p class=\"article-text\">\n        El juicio, una producci\u00f3n de RTVE en colaboraci\u00f3n con la productora <strong>Abacus<\/strong>, es tambi\u00e9n un homenaje actualizado al m\u00edtico <strong>Tribunal Popular<\/strong>, producido por RTVE entre 1989 y 1991.\n    <\/p>\n<p>            <img decoding=\"async\" class=\"lazy\" loading=\"lazy\" data-src=\"https:\/\/static.eldiario.es\/clip\/cd1f40db-358d-4f05-8131-c3b85fe6474b_16-9-discover-aspect-ratio_default_0.jpg\" src=\"data:image\/svg+xml,%3Csvg xmlns=\" http:=\"\" viewbox=\"0 0 1200 675\" alt=\"Imagen del m\u00edtico Tribunal Popular de RTVE\"\/><\/p>\n","protected":false},"excerpt":{"rendered":"RTVE ha anunciado este viernes la puesta en marcha de El juicio, un nuevo programa para el prime&hellip;\n","protected":false},"author":2,"featured_media":260420,"comment_status":"","ping_status":"","sticky":false,"template":"","format":"standard","meta":{"footnotes":""},"categories":[171],"tags":[146,147,25,24,10386,1750,2467,5541,7820,524,7108,2564,2145,518,65099,23,9596,214],"class_list":{"0":"post-260419","1":"post","2":"type-post","3":"status-publish","4":"format-standard","5":"has-post-thumbnail","7":"category-tv","8":"tag-entertainment","9":"tag-entretenimiento","10":"tag-es","11":"tag-espana","12":"tag-estilo","13":"tag-ficha","14":"tag-jose","15":"tag-juicio","16":"tag-luis","17":"tag-nuevo","18":"tag-popular","19":"tag-presentar","20":"tag-programa","21":"tag-rtve","22":"tag-sastre","23":"tag-spain","24":"tag-tribunal","25":"tag-tv"},"share_on_mastodon":{"url":"https:\/\/pubeurope.com\/@es\/115627780103773242","error":""},"_links":{"self":[{"href":"https:\/\/www.europesays.com\/es\/wp-json\/wp\/v2\/posts\/260419","targetHints":{"allow":["GET"]}}],"collection":[{"href":"https:\/\/www.europesays.com\/es\/wp-json\/wp\/v2\/posts"}],"about":[{"href":"https:\/\/www.europesays.com\/es\/wp-json\/wp\/v2\/types\/post"}],"author":[{"embeddable":true,"href":"https:\/\/www.europesays.com\/es\/wp-json\/wp\/v2\/users\/2"}],"replies":[{"embeddable":true,"href":"https:\/\/www.europesays.com\/es\/wp-json\/wp\/v2\/comments?post=260419"}],"version-history":[{"count":0,"href":"https:\/\/www.europesays.com\/es\/wp-json\/wp\/v2\/posts\/260419\/revisions"}],"wp:featuredmedia":[{"embeddable":true,"href":"https:\/\/www.europesays.com\/es\/wp-json\/wp\/v2\/media\/260420"}],"wp:attachment":[{"href":"https:\/\/www.europesays.com\/es\/wp-json\/wp\/v2\/media?parent=260419"}],"wp:term":[{"taxonomy":"category","embeddable":true,"href":"https:\/\/www.europesays.com\/es\/wp-json\/wp\/v2\/categories?post=260419"},{"taxonomy":"post_tag","embeddable":true,"href":"https:\/\/www.europesays.com\/es\/wp-json\/wp\/v2\/tags?post=260419"}],"curies":[{"name":"wp","href":"https:\/\/api.w.org\/{rel}","templated":true}]}}