{"id":260425,"date":"2025-11-28T14:26:13","date_gmt":"2025-11-28T14:26:13","guid":{"rendered":"https:\/\/www.europesays.com\/es\/260425\/"},"modified":"2025-11-28T14:26:13","modified_gmt":"2025-11-28T14:26:13","slug":"barcelona-se-prepara-para-vibrar-con-la-102a-allianz-jean-bouin-este-domingo","status":"publish","type":"post","link":"https:\/\/www.europesays.com\/es\/260425\/","title":{"rendered":"Barcelona se prepara para vibrar con la 102\u00aa Allianz Jean Bouin: \u00a1este domingo!"},"content":{"rendered":"<p data-start=\"2680\" data-end=\"2978\">Este domingo, Barcelona volver\u00e1 a convertirse en capital del atletismo con la celebraci\u00f3n de la 102\u00aa Allianz Jean Bouin Mundo Deportivo. La avenida Maria Cristina, las Torres Venecianas y Montju\u00efc ser\u00e1n el epicentro de una jornada que reunir\u00e1 a miles de corredores y corredoras de todas las edades.<\/p>\n<p data-start=\"2980\" data-end=\"3313\">La pasada edici\u00f3n reuni\u00f3 a unas 17.000 personas y, un a\u00f1o m\u00e1s, la ciudad vivir\u00e1 una gran fiesta con <strong data-start=\"3080\" data-end=\"3095\">17 carreras<\/strong> entre categor\u00edas escolares, federadas y las populares <strong data-start=\"3150\" data-end=\"3162\">5K y 10K<\/strong> abiertos a todos. Ambas pruebas arrancar\u00e1n a las 9 h, con el 5K terminando en el Arc de Triomf y el 10K regresando al punto inicial en Maria Cristina.<\/p>\n<p data-start=\"3315\" data-end=\"3674\">A las 11 h ser\u00e1 el turno de la <strong data-start=\"3346\" data-end=\"3370\">prueba internacional<\/strong>, con 6.600 metros para mujeres y 9.900 para hombres. Entre els participants destaca la pres\u00e8ncia dels catalans <strong data-start=\"3482\" data-end=\"3496\">Adam Maij\u00f3<\/strong> i <strong data-start=\"3499\" data-end=\"3514\">Carlos S\u00e1ez<\/strong>, aix\u00ed com la de <strong data-start=\"3531\" data-end=\"3550\">Esther Guerrero<\/strong>, referent indiscutible de la Jean Bouin. Tamb\u00e9 hi competir\u00e0 el murci\u00e0 <strong data-start=\"3621\" data-end=\"3639\">Mariano Garc\u00eda<\/strong>, afegint nivell al quadre mascul\u00ed.<\/p>\n<p data-start=\"3839\" data-end=\"4083\">La 102\u00aa Allianz Jean Bouin forma parte de la identidad deportiva de la ciudad, y este domingo vuelve a hacer historia. \u00a1No te la pierdas!<\/p>\n","protected":false},"excerpt":{"rendered":"Este domingo, Barcelona volver\u00e1 a convertirse en capital del atletismo con la celebraci\u00f3n de la 102\u00aa Allianz Jean&hellip;\n","protected":false},"author":2,"featured_media":260426,"comment_status":"","ping_status":"","sticky":false,"template":"","format":"standard","meta":{"footnotes":""},"categories":[93],"tags":[168,25,24,23,167],"class_list":{"0":"post-260425","1":"post","2":"type-post","3":"status-publish","4":"format-standard","5":"has-post-thumbnail","7":"category-deportes","8":"tag-deportes","9":"tag-es","10":"tag-espana","11":"tag-spain","12":"tag-sports"},"share_on_mastodon":{"url":"https:\/\/pubeurope.com\/@es\/115627791816638759","error":""},"_links":{"self":[{"href":"https:\/\/www.europesays.com\/es\/wp-json\/wp\/v2\/posts\/260425","targetHints":{"allow":["GET"]}}],"collection":[{"href":"https:\/\/www.europesays.com\/es\/wp-json\/wp\/v2\/posts"}],"about":[{"href":"https:\/\/www.europesays.com\/es\/wp-json\/wp\/v2\/types\/post"}],"author":[{"embeddable":true,"href":"https:\/\/www.europesays.com\/es\/wp-json\/wp\/v2\/users\/2"}],"replies":[{"embeddable":true,"href":"https:\/\/www.europesays.com\/es\/wp-json\/wp\/v2\/comments?post=260425"}],"version-history":[{"count":0,"href":"https:\/\/www.europesays.com\/es\/wp-json\/wp\/v2\/posts\/260425\/revisions"}],"wp:featuredmedia":[{"embeddable":true,"href":"https:\/\/www.europesays.com\/es\/wp-json\/wp\/v2\/media\/260426"}],"wp:attachment":[{"href":"https:\/\/www.europesays.com\/es\/wp-json\/wp\/v2\/media?parent=260425"}],"wp:term":[{"taxonomy":"category","embeddable":true,"href":"https:\/\/www.europesays.com\/es\/wp-json\/wp\/v2\/categories?post=260425"},{"taxonomy":"post_tag","embeddable":true,"href":"https:\/\/www.europesays.com\/es\/wp-json\/wp\/v2\/tags?post=260425"}],"curies":[{"name":"wp","href":"https:\/\/api.w.org\/{rel}","templated":true}]}}