{"id":260427,"date":"2025-11-28T14:27:10","date_gmt":"2025-11-28T14:27:10","guid":{"rendered":"https:\/\/www.europesays.com\/es\/260427\/"},"modified":"2025-11-28T14:27:10","modified_gmt":"2025-11-28T14:27:10","slug":"cataluna-abre-la-vacunacion-contra-la-gripe-a-toda-la-poblacion-que-lo-desee","status":"publish","type":"post","link":"https:\/\/www.europesays.com\/es\/260427\/","title":{"rendered":"Catalu\u00f1a abre la vacunaci\u00f3n contra la gripe a toda la poblaci\u00f3n que lo desee"},"content":{"rendered":"<p>            <a href=\"https:\/\/gacetamedica.com\/wp-content\/uploads\/2025\/07\/Vacunacion-scaled-e1751443469531.jpg\" data-caption=\"\" rel=\"nofollow noopener\" target=\"_blank\"><img loading=\"lazy\" decoding=\"async\" width=\"696\" height=\"471\" class=\"entry-thumb td-modal-image\" src=\"https:\/\/www.europesays.com\/es\/wp-content\/uploads\/2025\/08\/Vacunacion-696x471.jpg\"   alt=\"\" title=\"\"\/><\/a><\/p>\n<p>La incidencia de la <a href=\"https:\/\/gacetamedica.com\/investigacion\/variante-k-gripe-caracteristicas-diferencian-cepas-anteriores\/\" rel=\"nofollow noopener\" target=\"_blank\">gripe <\/a>ha comenzado a aumentar antes de lo habitual y la tendencia contin\u00faa al alza, de forma m\u00e1s marcada que en temporadas anteriores, tanto en poblaci\u00f3n pedi\u00e1trica como en adultos, seg\u00fan los datos del <strong>Sistema de Vigilancia de las Infecciones en Catalu\u00f1a (SIVIC)<\/strong>. Actualmente, con datos de la semana del 17 al 23 de noviembre, la incidencia es de 81 casos por 100.000 habitantes, un nivel bajo, pero se prev\u00e9 superar el nivel moderado en dos semanas. Tambi\u00e9n se observa un incremento en la circulaci\u00f3n del <strong>Virus Respiratorio Sincitial (VRS),<\/strong> aunque a\u00fan se mantiene a nivel basal.<\/p>\n<p>Ante esta situaci\u00f3n y con el objetivo de ampliar la protecci\u00f3n de la poblaci\u00f3n, el <strong>Departamento de Salut <\/strong>abrir\u00e1 este lunes, 1 de diciembre, la vacunaci\u00f3n contra la gripe a todas las personas que deseen vacunarse y que no formen parte de los grupos de riesgo incluidos en las recomendaciones. Cabe recordar que la vacunaci\u00f3n contra la COVID-19, seg\u00fan lo consensuado a nivel estatal, no se recomienda actualmente a personas no incluidas en las recomendaciones.<\/p>\n<p><strong>Llamamiento a vacunarse cuanto antes<\/strong><\/p>\n<p>El Departamento de Salut insta especialmente a las personas de los colectivos recomendados \u2014personas a partir de 60 a\u00f1os, ni\u00f1os de 6 a 59 meses, embarazadas, profesionales sanitarios y personal esencial, y personas con condiciones de riesgo\u2014 a vacunarse antes de que la gripe llegue a su pico epid\u00e9mico. La vacuna es la mejor herramienta para prevenir complicaciones graves y evitar hospitalizaciones, especialmente en los grupos m\u00e1s vulnerables.<\/p>\n<p>Para solicitar d\u00eda y hora para la vacunaci\u00f3n, se recomienda usar la plataforma La Meva Salut, preferentemente en el apartado de \u201cCitas\u201d, seleccionando \u201cCitas y Consultas de Atenci\u00f3n Primaria\u201d y eligiendo la opci\u00f3n \u201cVacunaci\u00f3n\u201d. Tambi\u00e9n se puede pedir cita en la web citasalut.gencat.cat o directamente en el <a href=\"https:\/\/gacetamedica.com\/investigacion\/claves-nueva-variante-gripe-temprana-graves-mayores-vulnerables\/\" rel=\"nofollow noopener\" target=\"_blank\">Centro de Atenci\u00f3n Primaria (CAP)<\/a> de referencia.<\/p>\n<p>Como novedad, hasta el 5 de diciembre los Centros de Atenci\u00f3n Primaria ofrecer\u00e1n horario de vacunaci\u00f3n sin cita previa para quienes no hayan podido pedir hora. El horario ser\u00e1 de lunes a viernes, de 9.30 a 12.30 y de 16.30 a 19.30. Adem\u00e1s, varios CAP ofrecer\u00e1n vacunaci\u00f3n sin cita de 9.30 a 12.30. Se puede consultar el 061 para localizar el centro m\u00e1s cercano. Esta medida busca facilitar y hacer m\u00e1s accesible la vacunaci\u00f3n a todos los interesados.<\/p>\n<p><strong>Aumento de la vacunaci\u00f3n en esta campa\u00f1a<\/strong><\/p>\n<p>Desde el 22 de septiembre, cuando se inici\u00f3 la campa\u00f1a bajo <strong>el lema \u201cVacunarse es amar\u201d<\/strong>, se han vacunado 1.153.109 personas contra la gripe, unas 168.000 m\u00e1s que en el mismo periodo de la temporada pasada. Respecto a la COVID-19, 778.408 personas ya han recibido la vacuna adaptada a la variante LP8.1, 61.000 m\u00e1s que el a\u00f1o anterior.<\/p>\n<p>La forma de vacunaci\u00f3n de la poblaci\u00f3n es diversa:<\/p>\n<ul>\n<li>45% con cita previa (a trav\u00e9s de La Meva Salut o citasalut.gencat.cat)<\/li>\n<li>40% vacunaci\u00f3n oportunista durante visitas a centros sanitarios por otros motivos<\/li>\n<li>15% sin cita previa, aproximadamente 2.500 vacunaciones espont\u00e1neas diarias en los CAP de Catalu\u00f1a<\/li>\n<\/ul>\n<p>Las coberturas actuales superan a las del a\u00f1o pasado a estas fechas, con 4 puntos m\u00e1s:<\/p>\n<ul>\n<li>43% de vacunaci\u00f3n de la gripe en personas a partir de 60 a\u00f1os<\/li>\n<li>63,1% en personas a partir de 80 a\u00f1os<\/li>\n<li>35,1% en ni\u00f1os de 6 a 59 meses<\/li>\n<\/ul>\n<p>En el caso de la COVID-19, las coberturas son del 33% en personas a partir de 60 a\u00f1os y del 52,2% en personas a partir de 80 a\u00f1os.<\/p>\n<p><strong>Uso de mascarillas<\/strong><\/p>\n<p>Seg\u00fan la incidencia semanal de gripe y los umbrales de riesgo establecidos, el Departamento de Salut recomendar\u00e1 las medidas protocolarias en centros sanitarios y a la poblaci\u00f3n. Actualmente, la incidencia se <a href=\"https:\/\/gacetamedica.com\/investigacion\/gripe-subiendo-espana-inusual-patron-circulacion-temprana-europa\/\" rel=\"nofollow noopener\" target=\"_blank\">mantiene en nivel bajo pero ascendente<\/a>, sin que las mascarillas sean necesarias en los centros sanitarios, aunque cada centro puede decidir su uso.<\/p>\n<p>El Departamento recomienda usar mascarilla si se tienen s\u00edntomas respiratorios (tos, estornudos, rinitis) y especialmente si se va a estar en contacto con personas vulnerables.<\/p>\n<p><strong>Circulaci\u00f3n de los virus<\/strong><\/p>\n<p>Actualmente en Catalu\u00f1a circulan dos subtipos de <strong>gripe en proporci\u00f3n similar: A(H1N1pdm09) y A(H3N2) variante K<\/strong>, ambos incluidos en las vacunas administradas. Se destaca que la variante K se ha detectado en todos los continentes. Adem\u00e1s, en los pa\u00edses del hemisferio sur \u2014donde tambi\u00e9n circulaba este subclado K y que ya han superado el pico epid\u00e9mico y se encuentran en fase de descenso\u2014 no se ha observado una gravedad inusualmente alta de la enfermedad.<\/p>\n<p>Por lo tanto, aunque el subclado K muestra cierta divergencia respecto a algunas vacunas de referencia, no se ha observado mayor gravedad de los casos en ning\u00fan pa\u00eds, y se espera que la vacuna contin\u00fae proporcionando protecci\u00f3n frente a formas graves de la enfermedad.<\/p>\n<p>En una temporada t\u00edpica, la gripe causa una morbilidad significativa en la poblaci\u00f3n europea, con hasta 50 millones de casos sintom\u00e1ticos y entre 15.000 y 70.000 muertes anuales, afectando de manera m\u00e1s grave a personas vulnerables, especialmente si no est\u00e1n vacunadas.<\/p>\n<p><strong>Tambi\u00e9n te puede interesar\u2026<\/strong><\/p>\n","protected":false},"excerpt":{"rendered":"La incidencia de la gripe ha comenzado a aumentar antes de lo habitual y la tendencia contin\u00faa al&hellip;\n","protected":false},"author":2,"featured_media":44552,"comment_status":"","ping_status":"","sticky":false,"template":"","format":"standard","meta":{"footnotes":""},"categories":[92],"tags":[25,24,165,166,23],"class_list":{"0":"post-260427","1":"post","2":"type-post","3":"status-publish","4":"format-standard","5":"has-post-thumbnail","7":"category-salud","8":"tag-es","9":"tag-espana","10":"tag-health","11":"tag-salud","12":"tag-spain"},"share_on_mastodon":{"url":"https:\/\/pubeurope.com\/@es\/115627795989715172","error":""},"_links":{"self":[{"href":"https:\/\/www.europesays.com\/es\/wp-json\/wp\/v2\/posts\/260427","targetHints":{"allow":["GET"]}}],"collection":[{"href":"https:\/\/www.europesays.com\/es\/wp-json\/wp\/v2\/posts"}],"about":[{"href":"https:\/\/www.europesays.com\/es\/wp-json\/wp\/v2\/types\/post"}],"author":[{"embeddable":true,"href":"https:\/\/www.europesays.com\/es\/wp-json\/wp\/v2\/users\/2"}],"replies":[{"embeddable":true,"href":"https:\/\/www.europesays.com\/es\/wp-json\/wp\/v2\/comments?post=260427"}],"version-history":[{"count":0,"href":"https:\/\/www.europesays.com\/es\/wp-json\/wp\/v2\/posts\/260427\/revisions"}],"wp:featuredmedia":[{"embeddable":true,"href":"https:\/\/www.europesays.com\/es\/wp-json\/wp\/v2\/media\/44552"}],"wp:attachment":[{"href":"https:\/\/www.europesays.com\/es\/wp-json\/wp\/v2\/media?parent=260427"}],"wp:term":[{"taxonomy":"category","embeddable":true,"href":"https:\/\/www.europesays.com\/es\/wp-json\/wp\/v2\/categories?post=260427"},{"taxonomy":"post_tag","embeddable":true,"href":"https:\/\/www.europesays.com\/es\/wp-json\/wp\/v2\/tags?post=260427"}],"curies":[{"name":"wp","href":"https:\/\/api.w.org\/{rel}","templated":true}]}}