{"id":260432,"date":"2025-11-28T14:30:09","date_gmt":"2025-11-28T14:30:09","guid":{"rendered":"https:\/\/www.europesays.com\/es\/260432\/"},"modified":"2025-11-28T14:30:09","modified_gmt":"2025-11-28T14:30:09","slug":"bollullos-de-la-mitacion-incorpora-un-nuevo-servicio-comercial-en-el-marco-de-su-modelo-de-desarrollo-sostenible","status":"publish","type":"post","link":"https:\/\/www.europesays.com\/es\/260432\/","title":{"rendered":"Bollullos de la Mitaci\u00f3n incorpora un nuevo servicio comercial en el marco de su modelo de desarrollo sostenible."},"content":{"rendered":"<p>Bollullos de la Mitaci\u00f3n suma, desde el 28 de noviembre, un nuevo equipamiento comercial gracias a la apertura del supermercado Mercadona, ubicado en la Avenida Alcalde Cecilio Guti\u00e9rrez. Este establecimiento, que responde al modelo de Tienda Eficiente de la compa\u00f1\u00eda, se convierte en la tienda n\u00famero 71 en la provincia de Sevilla. Llega al municipio tras un proceso de planificaci\u00f3n urbana orientado a garantizar que cualquier implantaci\u00f3n comercial encaje en el modelo de municipio que defendemos: un Bollullos accesible, cohesionado y con servicios de proximidad al alcance de toda la ciudadan\u00eda.<\/p>\n<p>El nuevo supermercado incorpora medidas de eficiencia energ\u00e9tica y energ\u00edas renovables, como su planta fotovoltaica de 200 kW. Desde el Ayuntamiento valoramos positivamente que las empresas que se implantan en Bollullos encajen con los principios de sostenibilidad, reducci\u00f3n de emisiones y transici\u00f3n ecol\u00f3gica que se promueve desde el gobierno municipal.<\/p>\n<p>La apertura del establecimiento ha requerido una coordinaci\u00f3n previa en materia de movilidad, accesibilidad, seguridad y adecuaci\u00f3n de infraestructuras, con el fin de evitar impactos negativos en el entorno y garantizar que el flujo de veh\u00edculos y personas sea compatible con la vida residencial del municipio.<\/p>\n<p>Desde el Ayuntamiento entendemos que la llegada de nuevos establecimientos debe contribuir a diversificar la oferta de servicios, mejorar la vida de las vecinas y vecinos y complementar el trabajo del tejido comercial local, pieza clave de la econom\u00eda del municipio. Esta apertura se enmarca en una estrategia que busca ampliar los equipamientos disponibles sin renunciar a la apuesta decidida por el peque\u00f1o comercio y los negocios de cercan\u00eda, que seguir\u00e1n siendo una prioridad para el Ayuntamiento de Bollullos de la Mitaci\u00f3n.<\/p>\n<p>En palabras de la alcaldesa de Bollullos de la Mitaci\u00f3n, Clara Monrob\u00e9: \u00abEste proyecto es el resultado de un trabajo continuo y a largo plazo en la b\u00fasqueda de un crecimiento econ\u00f3mico que beneficie a nuestra comunidad. La apertura de Mercadona es solo el principio de un proceso que fortalecer\u00e1 a\u00fan m\u00e1s nuestra econom\u00eda local y mejorar\u00e1 la calidad de vida de nuestras vecinas y vecinos.\u00bb<\/p>\n","protected":false},"excerpt":{"rendered":"Bollullos de la Mitaci\u00f3n suma, desde el 28 de noviembre, un nuevo equipamiento comercial gracias a la apertura&hellip;\n","protected":false},"author":2,"featured_media":260433,"comment_status":"","ping_status":"","sticky":false,"template":"","format":"standard","meta":{"footnotes":""},"categories":[80],"tags":[82,95,94,25,24,23],"class_list":{"0":"post-260432","1":"post","2":"type-post","3":"status-publish","4":"format-standard","5":"has-post-thumbnail","7":"category-economia","8":"tag-business","9":"tag-economia","10":"tag-economy","11":"tag-es","12":"tag-espana","13":"tag-spain"},"share_on_mastodon":{"url":"https:\/\/pubeurope.com\/@es\/115627807508558954","error":""},"_links":{"self":[{"href":"https:\/\/www.europesays.com\/es\/wp-json\/wp\/v2\/posts\/260432","targetHints":{"allow":["GET"]}}],"collection":[{"href":"https:\/\/www.europesays.com\/es\/wp-json\/wp\/v2\/posts"}],"about":[{"href":"https:\/\/www.europesays.com\/es\/wp-json\/wp\/v2\/types\/post"}],"author":[{"embeddable":true,"href":"https:\/\/www.europesays.com\/es\/wp-json\/wp\/v2\/users\/2"}],"replies":[{"embeddable":true,"href":"https:\/\/www.europesays.com\/es\/wp-json\/wp\/v2\/comments?post=260432"}],"version-history":[{"count":0,"href":"https:\/\/www.europesays.com\/es\/wp-json\/wp\/v2\/posts\/260432\/revisions"}],"wp:featuredmedia":[{"embeddable":true,"href":"https:\/\/www.europesays.com\/es\/wp-json\/wp\/v2\/media\/260433"}],"wp:attachment":[{"href":"https:\/\/www.europesays.com\/es\/wp-json\/wp\/v2\/media?parent=260432"}],"wp:term":[{"taxonomy":"category","embeddable":true,"href":"https:\/\/www.europesays.com\/es\/wp-json\/wp\/v2\/categories?post=260432"},{"taxonomy":"post_tag","embeddable":true,"href":"https:\/\/www.europesays.com\/es\/wp-json\/wp\/v2\/tags?post=260432"}],"curies":[{"name":"wp","href":"https:\/\/api.w.org\/{rel}","templated":true}]}}