{"id":260434,"date":"2025-11-28T14:31:09","date_gmt":"2025-11-28T14:31:09","guid":{"rendered":"https:\/\/www.europesays.com\/es\/260434\/"},"modified":"2025-11-28T14:31:09","modified_gmt":"2025-11-28T14:31:09","slug":"detectados-dos-casos-de-peste-porcina-africana-en-espana-actualidad","status":"publish","type":"post","link":"https:\/\/www.europesays.com\/es\/260434\/","title":{"rendered":"Detectados dos casos de peste porcina africana en Espa\u00f1a | Actualidad"},"content":{"rendered":"<p>El Ministerio de Agricultura, Pesca y Alimentaci\u00f3n ha confirmado que ha sido detectado en Espa\u00f1a un foco de peste porcina africana en Catalu\u00f1a, el primero que se identifica en nuestro pa\u00eds desde 1994. En la Uni\u00f3n Europea, esta enfermedad est\u00e1 presente desde 2014, y actualmente afecta a poblaciones de jabal\u00edes silvestres -y tambi\u00e9n en algunos casos en explotaciones de cerdos dom\u00e9sticos- en trece pa\u00edses: Italia, Alemania, Polonia, Estonia, Letonia, Lituania, Eslovaquia, Rep\u00fablica Checa, Hungr\u00eda, Grecia, Ruman\u00eda, Bulgaria y Croacia. <\/p>\n<p>Los cad\u00e1veres de los jabal\u00edes silvestres se encontraron el pasado mi\u00e9rcoles en las inmediaciones del campus de la Universidad Aut\u00f3noma de Barcelona, con una distancia de aproximadamente un kil\u00f3metro entre ellos. Por eso las autoridades han activado el manual pr\u00e1ctico de operaciones, que incluye medidas como la delimitaci\u00f3n de la zona y la b\u00fasqueda activa y eliminaci\u00f3n bajo control oficial de cad\u00e1veres de jabal\u00edes silvestres, la prohibici\u00f3n de caza y la restricci\u00f3n de actividades de car\u00e1cter no esencial, entre otras.<\/p>\n<p>Llamamiento a extremar las medidas de bioseguridad y la vigilancia <\/p>\n<p>El ministerio solicita al sector que extreme todas las medidas de bioseguridad y vigilancia en las explotaciones de ganado porcino y jabal\u00edes, porque se trata de una enfermedad muy contagiosa y con un elevad\u00edsimo grado de morbilidad y mortalidad para el porcino. Adem\u00e1s, recuerdan la obligaci\u00f3n de comunicar a los servicios oficiales de las comunidades aut\u00f3nomas cualquier sospecha que se detecte, ya sea en jabal\u00edes silvestres o en explotaciones de ganado porcino en todo el territorio nacional. <\/p>\n<p>\u00abEsta enfermedad tiene un impacto muy elevado. Depende mucho del virus que sea, del tipo de animal&#8230; pero, evidentemente, tiene un impacto sanitario y, obviamente, un impacto econ\u00f3mico y comercial. La peste porcina africana, en su forma m\u00e1s virulenta genera una mortalidad y una morbilidad, es decir un n\u00famero de animales afectados, que se acerca al 100% de los animales, aunque es verdad que hay bastante variabilidad en funci\u00f3n de la variante del virus espec\u00edfico que est\u00e9 que est\u00e9 circulando\u00bb explica Christian de la Fe, Catedr\u00e1tico de Veterinaria de la Universidad de Murcia.<\/p>\n<p>Hoy mismo Agricultura ha convocado una reuni\u00f3n con el Comit\u00e9 de la Red de Alerta Sanitaria Veterinaria (RASVE), donde est\u00e1n presentes los servicios veterinarios oficiales de las comunidades aut\u00f3nomas, y Espa\u00f1a ya ha comunicado el foco a la Uni\u00f3n Europea (UE) y a la Organizaci\u00f3n Mundial de Sanidad Animal (OMSA).<\/p>\n<p>No existe riesgo de contagio a seres humanos<\/p>\n<p>Al mismo tiempo, env\u00edan un mensaje de tranquilidad a la poblaci\u00f3n general: aseguran que no existe riesgo de contagio de la peste porcina africana a los seres humanos. Un mensaje en que tambi\u00e9n ha incidido la patronal del porcino, Interporc, que en un comunicado ha defendido que esta enfermedad que \u00abafecta exclusivamente a animales -cerdos y jabal\u00edes-, por lo que siempre se trata de una cuesti\u00f3n de sanidad animal y nunca de seguridad alimentaria ni de salud humana, ya que no puede contagiarse ni a otras especies animales ni a las personas\u00bb.<\/p>\n<p>\u00abEsto no es una enfermedad que tenga nada que ver con el ser humano, no es una zoonosis. S\u00ed afecta a los cerdos dom\u00e9sticos y a los jabal\u00edes, pero no es un problema que afecte al ser humano\u00bb defiende De la Fe, que se\u00f1ala que las principales v\u00edas por las que otros animales -principalmente cerdos y jabal\u00edes- se pueden contagiar son \u00abbien por contacto directo o bien a partir de material contaminado\u00bb.<\/p>\n<p>Catalu\u00f1a avisa del impacto econ\u00f3mico<\/p>\n<p>El consejero de Agricultura del Govern, \u00d2scar Ordeig, ha advertido de que el impacto econ\u00f3mico ser\u00e1 grande, pero ha destacado que no se ha detectado todav\u00eda ning\u00fan caso en granjas catalanas, que son, seg\u00fan \u00e9l \u00ablas m\u00e1s seguras\u00bb. Tambi\u00e9n avisa que es competencia del Ministerio negociar las exportaciones. Adem\u00e1s, tambi\u00e9n desde la Generalitat mandan un mensaje de tranquilidad, porque es una enfermedad que no se puede transmitir a los humanos, ni por contacto con los animales ni tampoco por consumo de carne.<\/p>\n","protected":false},"excerpt":{"rendered":"El Ministerio de Agricultura, Pesca y Alimentaci\u00f3n ha confirmado que ha sido detectado en Espa\u00f1a un foco de&hellip;\n","protected":false},"author":2,"featured_media":260435,"comment_status":"","ping_status":"","sticky":false,"template":"","format":"standard","meta":{"footnotes":""},"categories":[42],"tags":[17,18,13,14,11,61,62,63,64,19,20,9,10,15,16,12,21,22,65,66,67],"class_list":{"0":"post-260434","1":"post","2":"type-post","3":"status-publish","4":"format-standard","5":"has-post-thumbnail","7":"category-internacional","8":"tag-breaking-news","9":"tag-breakingnews","10":"tag-featured-news","11":"tag-featurednews","12":"tag-headlines","13":"tag-internacional","14":"tag-international","15":"tag-international-news","16":"tag-internationalnews","17":"tag-latest-news","18":"tag-latestnews","19":"tag-news","20":"tag-noticias","21":"tag-noticias-destacadas","22":"tag-noticiasdestacadas","23":"tag-titulares","24":"tag-ultimas-noticias","25":"tag-ultimasnoticias","26":"tag-world","27":"tag-world-news","28":"tag-worldnews"},"share_on_mastodon":{"url":"https:\/\/pubeurope.com\/@es\/115627811426330997","error":""},"_links":{"self":[{"href":"https:\/\/www.europesays.com\/es\/wp-json\/wp\/v2\/posts\/260434","targetHints":{"allow":["GET"]}}],"collection":[{"href":"https:\/\/www.europesays.com\/es\/wp-json\/wp\/v2\/posts"}],"about":[{"href":"https:\/\/www.europesays.com\/es\/wp-json\/wp\/v2\/types\/post"}],"author":[{"embeddable":true,"href":"https:\/\/www.europesays.com\/es\/wp-json\/wp\/v2\/users\/2"}],"replies":[{"embeddable":true,"href":"https:\/\/www.europesays.com\/es\/wp-json\/wp\/v2\/comments?post=260434"}],"version-history":[{"count":0,"href":"https:\/\/www.europesays.com\/es\/wp-json\/wp\/v2\/posts\/260434\/revisions"}],"wp:featuredmedia":[{"embeddable":true,"href":"https:\/\/www.europesays.com\/es\/wp-json\/wp\/v2\/media\/260435"}],"wp:attachment":[{"href":"https:\/\/www.europesays.com\/es\/wp-json\/wp\/v2\/media?parent=260434"}],"wp:term":[{"taxonomy":"category","embeddable":true,"href":"https:\/\/www.europesays.com\/es\/wp-json\/wp\/v2\/categories?post=260434"},{"taxonomy":"post_tag","embeddable":true,"href":"https:\/\/www.europesays.com\/es\/wp-json\/wp\/v2\/tags?post=260434"}],"curies":[{"name":"wp","href":"https:\/\/api.w.org\/{rel}","templated":true}]}}