{"id":260436,"date":"2025-11-28T14:32:08","date_gmt":"2025-11-28T14:32:08","guid":{"rendered":"https:\/\/www.europesays.com\/es\/260436\/"},"modified":"2025-11-28T14:32:08","modified_gmt":"2025-11-28T14:32:08","slug":"sanidad-confia-en-aprobar-un-protocolo-frente-a-la-gripe-el-3-de-diciembre","status":"publish","type":"post","link":"https:\/\/www.europesays.com\/es\/260436\/","title":{"rendered":"Sanidad conf\u00eda en aprobar un protocolo frente a la gripe el 3 de diciembre"},"content":{"rendered":"<p>El Ministerio de Sanidad espera que el pr\u00f3ximo 3 de diciembre se apruebe junto a las comunidades <strong>un protocolo com\u00fan para hacer frente a la epidemia de gripe<\/strong>, un conjunto de medidas acordadas a nivel t\u00e9cnico pero que el a\u00f1o pasado no se pudo aplicar por la falta de acuerdo con las autonom\u00edas del PP. <\/p>\n<p>La titular de esta cartera, M\u00f3nica Garc\u00eda, ha confiado en que<strong> \u00ablos consejeros del PP no van a anteponer sus intereses pol\u00edticos frente a la salud de la poblaci\u00f3n\u00bb, <\/strong>seg\u00fan ha afirmado este viernes en una rueda de prensa tras el Consejo Interterritorial. Se aprobar\u00e1, si no se vuelve a dar una oposici\u00f3n de las autonom\u00edas, en la pr\u00f3xima Comisi\u00f3n de Salud P\u00fablica.<\/p>\n<p>El protocolo incluye la <strong>recomendaci\u00f3n u obligatoriedad de las mascarillas seg\u00fan el escenario epidemiol\u00f3gico<\/strong>; es decir, que se recomendar\u00e1 el uso de esta medida de protecci\u00f3n o se har\u00e1 obligatorio su uso en centros de salud o residencias, por ejemplo, cuando se superen ciertos umbrales de casos por cada 100.000 habitantes.<\/p>\n<p>Un protocolo que d\u00e9 \u00abconfianza y seguridad a los ciudadanos\u00bb<\/p>\n<p>La ministra ha insistido en la necesidad de un protocolo que d\u00e9 \u00abconfianza y seguridad a los ciudadanos\u00bb para que \u00aben todo el pa\u00eds tengamos las mismas propuestas e iniciativas ante la misma epidemia\u00bb.<strong> Una epidemia, ha advertido, que \u00abcausa estragos\u00bb tanto en mortalidad como en el colapso del sistema sanitario. <\/strong><\/p>\n<p>En la temporada anterior, seg\u00fan datos del Instituto de Salud Carlos III desgranados por Garc\u00eda, provoc\u00f3 un \u00abimpacto duro\u00bb, con m\u00e1s de 1.600 fallecimientos y 33.000 hospitalizaciones.<\/p>\n<p>Ahora<strong> \u00abla curva est\u00e1 subiendo\u00bb y ya se ha superado el umbral para denominarlo epidemia<\/strong>, de 37 casos por cada 100.000 habitantes, aunque hay diferencias importantes por comunidades. \u00abQueremos evitar cifras como las del a\u00f1o pasado, de 400 casos por 100.000 habitantes\u00bb. El protocolo tambi\u00e9n plantea un refuerzo en la vacunaci\u00f3n. <\/p>\n","protected":false},"excerpt":{"rendered":"El Ministerio de Sanidad espera que el pr\u00f3ximo 3 de diciembre se apruebe junto a las comunidades un&hellip;\n","protected":false},"author":2,"featured_media":260437,"comment_status":"","ping_status":"","sticky":false,"template":"","format":"standard","meta":{"footnotes":""},"categories":[8],"tags":[17,18,25,24,13,14,11,19,20,9,10,15,16,23,12,21,22],"class_list":{"0":"post-260436","1":"post","2":"type-post","3":"status-publish","4":"format-standard","5":"has-post-thumbnail","7":"category-espana","8":"tag-breaking-news","9":"tag-breakingnews","10":"tag-es","11":"tag-espana","12":"tag-featured-news","13":"tag-featurednews","14":"tag-headlines","15":"tag-latest-news","16":"tag-latestnews","17":"tag-news","18":"tag-noticias","19":"tag-noticias-destacadas","20":"tag-noticiasdestacadas","21":"tag-spain","22":"tag-titulares","23":"tag-ultimas-noticias","24":"tag-ultimasnoticias"},"share_on_mastodon":{"url":"https:\/\/pubeurope.com\/@es\/115627815399833286","error":""},"_links":{"self":[{"href":"https:\/\/www.europesays.com\/es\/wp-json\/wp\/v2\/posts\/260436","targetHints":{"allow":["GET"]}}],"collection":[{"href":"https:\/\/www.europesays.com\/es\/wp-json\/wp\/v2\/posts"}],"about":[{"href":"https:\/\/www.europesays.com\/es\/wp-json\/wp\/v2\/types\/post"}],"author":[{"embeddable":true,"href":"https:\/\/www.europesays.com\/es\/wp-json\/wp\/v2\/users\/2"}],"replies":[{"embeddable":true,"href":"https:\/\/www.europesays.com\/es\/wp-json\/wp\/v2\/comments?post=260436"}],"version-history":[{"count":0,"href":"https:\/\/www.europesays.com\/es\/wp-json\/wp\/v2\/posts\/260436\/revisions"}],"wp:featuredmedia":[{"embeddable":true,"href":"https:\/\/www.europesays.com\/es\/wp-json\/wp\/v2\/media\/260437"}],"wp:attachment":[{"href":"https:\/\/www.europesays.com\/es\/wp-json\/wp\/v2\/media?parent=260436"}],"wp:term":[{"taxonomy":"category","embeddable":true,"href":"https:\/\/www.europesays.com\/es\/wp-json\/wp\/v2\/categories?post=260436"},{"taxonomy":"post_tag","embeddable":true,"href":"https:\/\/www.europesays.com\/es\/wp-json\/wp\/v2\/tags?post=260436"}],"curies":[{"name":"wp","href":"https:\/\/api.w.org\/{rel}","templated":true}]}}