{"id":260438,"date":"2025-11-28T14:33:09","date_gmt":"2025-11-28T14:33:09","guid":{"rendered":"https:\/\/www.europesays.com\/es\/260438\/"},"modified":"2025-11-28T14:33:09","modified_gmt":"2025-11-28T14:33:09","slug":"portal-de-noticias-del-gobierno-de-canarias-341","status":"publish","type":"post","link":"https:\/\/www.europesays.com\/es\/260438\/","title":{"rendered":"Portal de Noticias del Gobierno de Canarias"},"content":{"rendered":"<blockquote>\n<p>La huelga convocada a nivel nacional y que afecta al personal Auxiliar de Enfermer\u00eda ha sido secundada por 57 profesionales de esta categor\u00eda del Servicio Canario de la Salud de los 1.326 afectados por la convocatoria<\/p>\n<\/blockquote>\n<p>La Consejer\u00eda de Sanidad del Gobierno de Canarias informa de que la huelga convocada para este viernes, d\u00eda 28 de noviembre, en todo el pa\u00eds por los T\u00e9cnicos en Cuidados Auxiliares de Enfermer\u00eda (TCAE) para ser reconocidos como personal del Grupo C1, ha registrado un seguimiento en las instituciones sanitarias del Servicio Canario de la Salud (SCS) del 4,3 por ciento de los trabajadores de este grupo profesional,en el conjunto de los \u00e1mbitos de la Atenci\u00f3n Primaria y de la Hospitalaria.<\/p>\n<p>De los 3.290 efectivos convocados a la huelga, estaban afectados por esta convocatoria 1.326, de los que 57 la secundaron.<\/p>\n<p>Del seguimiento por \u00e1reas de salud en Gran Canaria la secundaron 22 de los 355 efectivos afectados, lo que representa el 6,2 por ciento, mientras que en Tenerife el seguimiento fue de 28 de los 522, es decir, del 5,36 por ciento. Por su parte, en Lanzarote han secundado el paro cuatro de los 107 profesionales afectados por la huelga, el 3,74 por ciento, en Fuerteventura la secundaron tres de los 260 afectados, es decir el 1,15 por ciento. Por su parte, en La Palma, La Gomera y El Hierro ninguno de los profesionales afectados por esta convocatoria acudi\u00f3 a la huelga.<\/p>\n<p>La jornada de la ma\u00f1ana de hoy, que cuenta con 1.192 efectivos en servicios m\u00ednimos, ha transcurrido sin incidencias destacables.<\/p>\n","protected":false},"excerpt":{"rendered":"La huelga convocada a nivel nacional y que afecta al personal Auxiliar de Enfermer\u00eda ha sido secundada por&hellip;\n","protected":false},"author":2,"featured_media":260439,"comment_status":"","ping_status":"","sticky":false,"template":"","format":"standard","meta":{"footnotes":""},"categories":[5],"tags":[17,18,25,24,13,14,11,19,20,9,10,15,16,23,12,21,22],"class_list":{"0":"post-260438","1":"post","2":"type-post","3":"status-publish","4":"format-standard","5":"has-post-thumbnail","7":"category-titulares","8":"tag-breaking-news","9":"tag-breakingnews","10":"tag-es","11":"tag-espana","12":"tag-featured-news","13":"tag-featurednews","14":"tag-headlines","15":"tag-latest-news","16":"tag-latestnews","17":"tag-news","18":"tag-noticias","19":"tag-noticias-destacadas","20":"tag-noticiasdestacadas","21":"tag-spain","22":"tag-titulares","23":"tag-ultimas-noticias","24":"tag-ultimasnoticias"},"share_on_mastodon":{"url":"https:\/\/pubeurope.com\/@es\/115627819195388392","error":""},"_links":{"self":[{"href":"https:\/\/www.europesays.com\/es\/wp-json\/wp\/v2\/posts\/260438","targetHints":{"allow":["GET"]}}],"collection":[{"href":"https:\/\/www.europesays.com\/es\/wp-json\/wp\/v2\/posts"}],"about":[{"href":"https:\/\/www.europesays.com\/es\/wp-json\/wp\/v2\/types\/post"}],"author":[{"embeddable":true,"href":"https:\/\/www.europesays.com\/es\/wp-json\/wp\/v2\/users\/2"}],"replies":[{"embeddable":true,"href":"https:\/\/www.europesays.com\/es\/wp-json\/wp\/v2\/comments?post=260438"}],"version-history":[{"count":0,"href":"https:\/\/www.europesays.com\/es\/wp-json\/wp\/v2\/posts\/260438\/revisions"}],"wp:featuredmedia":[{"embeddable":true,"href":"https:\/\/www.europesays.com\/es\/wp-json\/wp\/v2\/media\/260439"}],"wp:attachment":[{"href":"https:\/\/www.europesays.com\/es\/wp-json\/wp\/v2\/media?parent=260438"}],"wp:term":[{"taxonomy":"category","embeddable":true,"href":"https:\/\/www.europesays.com\/es\/wp-json\/wp\/v2\/categories?post=260438"},{"taxonomy":"post_tag","embeddable":true,"href":"https:\/\/www.europesays.com\/es\/wp-json\/wp\/v2\/tags?post=260438"}],"curies":[{"name":"wp","href":"https:\/\/api.w.org\/{rel}","templated":true}]}}