{"id":260440,"date":"2025-11-28T14:38:10","date_gmt":"2025-11-28T14:38:10","guid":{"rendered":"https:\/\/www.europesays.com\/es\/260440\/"},"modified":"2025-11-28T14:38:10","modified_gmt":"2025-11-28T14:38:10","slug":"el-divertido-momento-que-protagonizaron-novak-djokovic-y-franco-colapinto-en-la-previa-al-gp-de-qatar","status":"publish","type":"post","link":"https:\/\/www.europesays.com\/es\/260440\/","title":{"rendered":"El divertido momento que protagonizaron Novak Djokovic y Franco Colapinto en la previa al GP de Qatar"},"content":{"rendered":"<p>Finalizada la temporada ATP, <strong>Novak Djokovic<\/strong> disfruta de sus vacaciones. El serbio, que cerr\u00f3 su temporada con un t\u00edtulo en Atenas, ahora dijo presente en la ciudad de Lusail. All\u00ed se correr\u00e1 el <strong>Gran Premio de Qatar<\/strong>, donde estar\u00e1 el argentino <strong>Franco Colapinto<\/strong> compitiendo para <strong>Alpine<\/strong>. En ese contexto, el m\u00e1ximo ganador de Grand Slam y el corredor sudamericano se cruzaron y compartieron un divertido momento.<\/p>\n<p><img class=\" lazyload lazyload\" data-image-container=\".inline-photo\" height=\"320\" width=\"570\"\/>Franco Colapinto junto a Novak Djokovic en Lusail, previo al GP de Qatar.\u00a0Instagram: @F1<\/p>\n<p><strong>Nole fue protagonista de una sesi\u00f3n de movimiento y de yoga<\/strong> en la pista del Circuito Internacional de Lusail, que fue organizada por uno de los sponsors de Alpine. All\u00ed fue donde <strong>Colapinto <\/strong>se cruz\u00f3 con el m\u00e1ximo ganador de torneos de Grand Slam.<\/p>\n<blockquote class=\"instagram-media\" data-instgrm-captioned=\"\" data-instgrm-permalink=\"https:\/\/www.instagram.com\/reel\/DRkpUtgFULp\/?utm_source=ig_embed&amp;utm_campaign=loading\" data-instgrm-version=\"14\" style=\" background:#FFF; border:0; border-radius:3px; box-shadow:0 0 1px 0 rgba(0,0,0,0.5),0 1px 10px 0 rgba(0,0,0,0.15); margin: 1px; max-width:540px; min-width:326px; padding:0; width:99.375%; width:-webkit-calc(100% - 2px); width:calc(100% - 2px);\"\/>\n<p>El argentino se tom\u00f3 el momento con mucha gracia. Tal es as\u00ed que comparti\u00f3 el divertido video en sus redes sociales, donde acompa\u00f1\u00f3 el posteo con el mensaje: <strong>\u00abGracias Novak por las clases. No pude seguir ni la entrada en calor, estoy re duro\u00bb. <\/strong><\/p>\n<p>Qatar ser\u00e1 la ante\u00faltima parada del argentino en la F1 2025. \u00abEl a\u00f1o pasado al equipo le fue bien ac\u00e1, ojal\u00e1 lo repitamos y sea un buen fin de semana. Hay mucho por trabajar y un sprint abre m\u00e1s posibilidades\u00bb <a href=\"https:\/\/www.espn.com.co\/deporte-motor\/f1\/nota\/_\/id\/16013350\/franco-colapinto-y-su-ilusion-de-tener-un-buen-paso-por-qatar\" rel=\"nofollow noopener\" target=\"_blank\">dijo el argentino con ESPN en la antesala de la carrera.<\/a> Luego de esta parada en Medio Oriente, viajar\u00e1 hacia Abu Dabi (Emiratos \u00c1rabes) para finalizar el a\u00f1o.<\/p>\n<p><script async src=\"\/\/www.instagram.com\/embed.js\"><\/script><\/p>\n","protected":false},"excerpt":{"rendered":"Finalizada la temporada ATP, Novak Djokovic disfruta de sus vacaciones. El serbio, que cerr\u00f3 su temporada con un&hellip;\n","protected":false},"author":2,"featured_media":260441,"comment_status":"","ping_status":"","sticky":false,"template":"","format":"standard","meta":{"footnotes":""},"categories":[274],"tags":[168,25,24,23,167,327,326],"class_list":{"0":"post-260440","1":"post","2":"type-post","3":"status-publish","4":"format-standard","5":"has-post-thumbnail","7":"category-tenis","8":"tag-deportes","9":"tag-es","10":"tag-espana","11":"tag-spain","12":"tag-sports","13":"tag-tenis","14":"tag-tennis"},"share_on_mastodon":{"url":"https:\/\/pubeurope.com\/@es\/115627839453802250","error":""},"_links":{"self":[{"href":"https:\/\/www.europesays.com\/es\/wp-json\/wp\/v2\/posts\/260440","targetHints":{"allow":["GET"]}}],"collection":[{"href":"https:\/\/www.europesays.com\/es\/wp-json\/wp\/v2\/posts"}],"about":[{"href":"https:\/\/www.europesays.com\/es\/wp-json\/wp\/v2\/types\/post"}],"author":[{"embeddable":true,"href":"https:\/\/www.europesays.com\/es\/wp-json\/wp\/v2\/users\/2"}],"replies":[{"embeddable":true,"href":"https:\/\/www.europesays.com\/es\/wp-json\/wp\/v2\/comments?post=260440"}],"version-history":[{"count":0,"href":"https:\/\/www.europesays.com\/es\/wp-json\/wp\/v2\/posts\/260440\/revisions"}],"wp:featuredmedia":[{"embeddable":true,"href":"https:\/\/www.europesays.com\/es\/wp-json\/wp\/v2\/media\/260441"}],"wp:attachment":[{"href":"https:\/\/www.europesays.com\/es\/wp-json\/wp\/v2\/media?parent=260440"}],"wp:term":[{"taxonomy":"category","embeddable":true,"href":"https:\/\/www.europesays.com\/es\/wp-json\/wp\/v2\/categories?post=260440"},{"taxonomy":"post_tag","embeddable":true,"href":"https:\/\/www.europesays.com\/es\/wp-json\/wp\/v2\/tags?post=260440"}],"curies":[{"name":"wp","href":"https:\/\/api.w.org\/{rel}","templated":true}]}}