{"id":260442,"date":"2025-11-28T14:39:08","date_gmt":"2025-11-28T14:39:08","guid":{"rendered":"https:\/\/www.europesays.com\/es\/260442\/"},"modified":"2025-11-28T14:39:08","modified_gmt":"2025-11-28T14:39:08","slug":"he-tocado-a-muchas-puertas-y-todas-igual","status":"publish","type":"post","link":"https:\/\/www.europesays.com\/es\/260442\/","title":{"rendered":"He tocado a muchas puertas y todas igual"},"content":{"rendered":"<p class=\"c-paragraph\">Las dificultades de las deportistas para volver a competir despu\u00e9s de un embarazo siguen muy presentes a pesar de los avances en los \u00faltimos a\u00f1os. <b>La ciclista Sandra Alonso, campeona de Espa\u00f1a, lo est\u00e1 experimentando ahora <\/b>en su recta final de gestaci\u00f3n.<\/p>\n<p class=\"c-paragraph\">La deportista de 27 a\u00f1os ha denunciado en Zona RFEC, el nuevo podcast de la Federaci\u00f3n Espa\u00f1ola de Ciclismo,\u00a0<b>la falta de oportunidades<\/b> que se est\u00e1 encontrando para su vuelta a la competici\u00f3n en unos meses.<\/p>\n<p class=\"c-paragraph\"><b>\u00abHe tocado muchas puertas desde julio-agosto y todas igual: estamos lleno o no hay presupuesto&#8230;\u00bb<\/b>, ha explicado al hablar de sus intenciones de seguir compitiendo al m\u00e1s alto nivel tras dar a luz.<\/p>\n<p class=\"c-paragraph\">En ese mismo podcast ha estado presente Gema Pascual, exciclista y seleccionadora nacional, a la que Sandra Alonso est\u00e1 muy agradecida: \u00abLa \u00fanica que me dijo<b><b>\u00a0&#8216;cuando est\u00e9s lista, ll\u00e1mame, aqu\u00ed te esperamos&#8217;<\/b><\/b>\u00a0fue Gema\u00bb, ha explicado manifestando su deseo de \u00abvolver\u00bb.<\/p>\n<p class=\"c-paragraph\">\u00abCon otras condiciones, pero est\u00e1 fichada. Yo creo que al final la recuperaci\u00f3n la a va tener inmediata, lo va a ver ella. Yo creo que un cuerpo que est\u00e1 entrenado&#8230; Depende un poco del parto, pero <b>en mes y medio ella est\u00e1 montando<\/b> y est\u00e1 haciendo deporte como habitualmente ya te digo yo\u00bb, ha a\u00f1adido la propia Gema Pascual sobre esa nueva etapa que le espera a Sandra Alonso.<\/p>\n","protected":false},"excerpt":{"rendered":"Las dificultades de las deportistas para volver a competir despu\u00e9s de un embarazo siguen muy presentes a pesar&hellip;\n","protected":false},"author":2,"featured_media":260443,"comment_status":"","ping_status":"","sticky":false,"template":"","format":"standard","meta":{"footnotes":""},"categories":[273],"tags":[3732,313,1757,312,6775,168,25,24,1998,7279,23,167],"class_list":{"0":"post-260442","1":"post","2":"type-post","3":"status-publish","4":"format-standard","5":"has-post-thumbnail","7":"category-ciclismo","8":"tag-alonso","9":"tag-ciclismo","10":"tag-ciclista","11":"tag-cycling","12":"tag-denuncia","13":"tag-deportes","14":"tag-es","15":"tag-espana","16":"tag-falta","17":"tag-sandra","18":"tag-spain","19":"tag-sports"},"share_on_mastodon":{"url":"https:\/\/pubeurope.com\/@es\/115627842843310265","error":""},"_links":{"self":[{"href":"https:\/\/www.europesays.com\/es\/wp-json\/wp\/v2\/posts\/260442","targetHints":{"allow":["GET"]}}],"collection":[{"href":"https:\/\/www.europesays.com\/es\/wp-json\/wp\/v2\/posts"}],"about":[{"href":"https:\/\/www.europesays.com\/es\/wp-json\/wp\/v2\/types\/post"}],"author":[{"embeddable":true,"href":"https:\/\/www.europesays.com\/es\/wp-json\/wp\/v2\/users\/2"}],"replies":[{"embeddable":true,"href":"https:\/\/www.europesays.com\/es\/wp-json\/wp\/v2\/comments?post=260442"}],"version-history":[{"count":0,"href":"https:\/\/www.europesays.com\/es\/wp-json\/wp\/v2\/posts\/260442\/revisions"}],"wp:featuredmedia":[{"embeddable":true,"href":"https:\/\/www.europesays.com\/es\/wp-json\/wp\/v2\/media\/260443"}],"wp:attachment":[{"href":"https:\/\/www.europesays.com\/es\/wp-json\/wp\/v2\/media?parent=260442"}],"wp:term":[{"taxonomy":"category","embeddable":true,"href":"https:\/\/www.europesays.com\/es\/wp-json\/wp\/v2\/categories?post=260442"},{"taxonomy":"post_tag","embeddable":true,"href":"https:\/\/www.europesays.com\/es\/wp-json\/wp\/v2\/tags?post=260442"}],"curies":[{"name":"wp","href":"https:\/\/api.w.org\/{rel}","templated":true}]}}