{"id":260450,"date":"2025-11-28T14:46:10","date_gmt":"2025-11-28T14:46:10","guid":{"rendered":"https:\/\/www.europesays.com\/es\/260450\/"},"modified":"2025-11-28T14:46:10","modified_gmt":"2025-11-28T14:46:10","slug":"mediaset-da-en-informativos-telecinco-la-noticia-de-la-condena-a-adrian-madrid-y-oscar-cornejo","status":"publish","type":"post","link":"https:\/\/www.europesays.com\/es\/260450\/","title":{"rendered":"Mediaset da en &#8216;Informativos Telecinco&#8217; la noticia de la condena a Adri\u00e1n Madrid y \u00d3scar Cornejo"},"content":{"rendered":"<p class=\"article-text\">\n        <strong>Mediaset <\/strong>ha dado la noticia en su <strong>Informativo matinal<\/strong> de este viernes 28 de noviembre de la <a href=\"https:\/\/www.eldiario.es\/vertele\/noticias\/oscar-cornejo-adrian-madrid-condenados-prision-inhabilitacion-200-000-euros-indemnizacion-rocio-flores-docuserie-rocio-carrasco_1_12802483.html\" data-mrf-recirculation=\"links-noticia\" class=\"link\" rel=\"nofollow noopener\" target=\"_blank\">condena a \u00d3scar Cornejo y Adri\u00e1n Madrid<\/a>, en la que el grupo audiovisual tambi\u00e9n ha sido <strong>condenado como responsable subsidiario<\/strong>.\n    <\/p>\n<p>    <a href=\"https:\/\/www.eldiario.es\/vertele\/audiencias-tv\/jueves-27-noviembre-2025-gh-20-sufre-pierde-horizonte-quinta-opcion-access-dato-insostenible_1_12804027.html\" data-mrf-recirculation=\"saber-mas\" data-dl-event=\"saber-mas\" rel=\"nofollow noopener\" target=\"_blank\"><\/p>\n<p class=\"know-more__title\">&#8216;GH 20&#8217; (11%) sufre a\u00fan m\u00e1s: pierde con &#8216;Horizonte&#8217; (11.7%) y es quinta opci\u00f3n del access con un dato insostenible (5.4%)<\/p>\n<p>            <img decoding=\"async\" class=\"lazy\" loading=\"lazy\" data-src=\"https:\/\/static.eldiario.es\/clip\/9271d9db-a485-4b02-8476-67616a57e7f7_16-9-aspect-ratio_default_0.jpg\" src=\"data:image\/svg+xml,%3Csvg xmlns=\" http:=\"\" viewbox=\"0 0 880 495\" alt=\"'GH 20' (11%) sufre a\u00fan m\u00e1s: pierde con 'Horizonte' (11.7%) y es quinta opci\u00f3n del access con un dato insostenible (5.4%)\"\/><\/p>\n<p>                        <\/a><\/p>\n<p class=\"article-text\">\n        La periodista <strong>Arancha Morales<\/strong> ha introducido la noticia desde el plat\u00f3: \u201cUna noticia de tribunales, <strong>los productores de <\/strong><strong>S\u00e1lvame <\/strong><strong>han sido condenados<\/strong> por la docuserie de Roc\u00edo Carrasco, en concreto por vulnerar los derechos de una menor, su hija Roc\u00edo Flores\u201d.\n    <\/p>\n<p class=\"article-text\">\n        Ha dado paso a un v\u00eddeo, rotulado con este texto: <strong>\u201cSentencia de condena. 2 a\u00f1os de prisi\u00f3n para Adri\u00e1n Madrid y \u00d3scar Cornejo\u201d<\/strong>.\n    <\/p>\n<p>    <a href=\"https:\/\/www.eldiario.es\/vertele\/noticias\/oscar-cornejo-adrian-madrid-condenados-prision-inhabilitacion-200-000-euros-indemnizacion-rocio-flores-docuserie-rocio-carrasco_1_12802483.html\" data-mrf-recirculation=\"saber-mas-abajo\" data-dl-event=\"saber-mas-abajo\" rel=\"nofollow noopener\" target=\"_blank\"><\/p>\n<p class=\"know-more__title\">\u00d3scar Cornejo y Adri\u00e1n Madrid, condenados a prisi\u00f3n, inhabilitaci\u00f3n y 200.000 euros de indemnizaci\u00f3n a Roc\u00edo Flores por la docuserie de Roc\u00edo Carrasco<\/p>\n<p>            <img decoding=\"async\" class=\"lazy\" loading=\"lazy\" data-src=\"https:\/\/static.eldiario.es\/clip\/b1b4541e-0853-4a15-85a7-b5cea1b1e532_16-9-aspect-ratio_default_0.jpg\" src=\"data:image\/svg+xml,%3Csvg xmlns=\" http:=\"\" viewbox=\"0 0 880 495\" alt=\"\u00d3scar Cornejo y Adri\u00e1n Madrid, condenados a prisi\u00f3n, inhabilitaci\u00f3n y 200.000 euros de indemnizaci\u00f3n a Roc\u00edo Flores por la docuserie de Roc\u00edo Carrasco\"\/><\/p>\n<p>                        <\/a><\/p>\n<p class=\"article-text\">\n        En el v\u00eddeo, la voz en off ha relatado: \u201cLa Audiencia de Madrid ha condenado a los productores de la docuserie sobre Roc\u00edo Carrasco que emiti\u00f3 Mediaset en 2021.\u00a0Seg\u00fan la sentencia, se revelaron datos secretos de una menor, Roc\u00edo Flores.\u00a0Condenan a Adri\u00e1n Madrid y \u00d3scar Cornejo, productores de S\u00e1lvame, a dos a\u00f1os de c\u00e1rcel e inhabilitaci\u00f3n profesional. Tambi\u00e9n deber\u00e1n pagar una indemnizaci\u00f3n de 200.000 euros a la v\u00edctima.\u00a0Los condenados ya han anunciado que recurrir\u00e1n la sentencia\u201d.\n    <\/p>\n<blockquote class=\"twitter-tweet\" data-media-max-width=\"560\">\n<p lang=\"es\" dir=\"ltr\">Anda! Si est\u00e1is en Los INFORMATIVOS \ud83d\ude33\ud83e\udee3 <a href=\"https:\/\/twitter.com\/laosatv?ref_src=twsrc%5Etfw\" rel=\"nofollow noopener\" target=\"_blank\">@laosatv<\/a> <a href=\"https:\/\/twitter.com\/maria_patino?ref_src=twsrc%5Etfw\" rel=\"nofollow noopener\" target=\"_blank\">@maria_patino<\/a> <a href=\"https:\/\/twitter.com\/KikoMatamoros?ref_src=twsrc%5Etfw\" rel=\"nofollow noopener\" target=\"_blank\">@KikoMatamoros<\/a> <a href=\"https:\/\/t.co\/fkRVYx7J4O\" rel=\"nofollow\">https:\/\/t.co\/fkRVYx7J4O<\/a> <a href=\"https:\/\/t.co\/ZWRQgm7SOl\" rel=\"nofollow\">pic.twitter.com\/ZWRQgm7SOl<\/a><\/p>\n<p>\u2014 Solecm13 (@Solecm13) <a href=\"https:\/\/twitter.com\/Solecm13\/status\/1994332829933510977?ref_src=twsrc%5Etfw\" rel=\"nofollow noopener\" target=\"_blank\">November 28, 2025<\/a><\/p><\/blockquote>\n<p>                                <script async src=\"https:\/\/platform.twitter.com\/widgets.js\" charset=\"utf-8\"><\/script><\/p>\n","protected":false},"excerpt":{"rendered":"Mediaset ha dado la noticia en su Informativo matinal de este viernes 28 de noviembre de la condena&hellip;\n","protected":false},"author":2,"featured_media":260451,"comment_status":"","ping_status":"","sticky":false,"template":"","format":"standard","meta":{"footnotes":""},"categories":[171],"tags":[2722,793,64944,7164,146,147,25,24,10848,205,955,7080,2789,23,692,214],"class_list":{"0":"post-260450","1":"post","2":"type-post","3":"status-publish","4":"format-standard","5":"has-post-thumbnail","7":"category-tv","8":"tag-adrian","9":"tag-condena","10":"tag-cornejo","11":"tag-da","12":"tag-entertainment","13":"tag-entretenimiento","14":"tag-es","15":"tag-espana","16":"tag-informativos","17":"tag-madrid","18":"tag-mediaset","19":"tag-noticia","20":"tag-oscar","21":"tag-spain","22":"tag-telecinco","23":"tag-tv"},"share_on_mastodon":{"url":"https:\/\/pubeurope.com\/@es\/115627870625867118","error":""},"_links":{"self":[{"href":"https:\/\/www.europesays.com\/es\/wp-json\/wp\/v2\/posts\/260450","targetHints":{"allow":["GET"]}}],"collection":[{"href":"https:\/\/www.europesays.com\/es\/wp-json\/wp\/v2\/posts"}],"about":[{"href":"https:\/\/www.europesays.com\/es\/wp-json\/wp\/v2\/types\/post"}],"author":[{"embeddable":true,"href":"https:\/\/www.europesays.com\/es\/wp-json\/wp\/v2\/users\/2"}],"replies":[{"embeddable":true,"href":"https:\/\/www.europesays.com\/es\/wp-json\/wp\/v2\/comments?post=260450"}],"version-history":[{"count":0,"href":"https:\/\/www.europesays.com\/es\/wp-json\/wp\/v2\/posts\/260450\/revisions"}],"wp:featuredmedia":[{"embeddable":true,"href":"https:\/\/www.europesays.com\/es\/wp-json\/wp\/v2\/media\/260451"}],"wp:attachment":[{"href":"https:\/\/www.europesays.com\/es\/wp-json\/wp\/v2\/media?parent=260450"}],"wp:term":[{"taxonomy":"category","embeddable":true,"href":"https:\/\/www.europesays.com\/es\/wp-json\/wp\/v2\/categories?post=260450"},{"taxonomy":"post_tag","embeddable":true,"href":"https:\/\/www.europesays.com\/es\/wp-json\/wp\/v2\/tags?post=260450"}],"curies":[{"name":"wp","href":"https:\/\/api.w.org\/{rel}","templated":true}]}}