{"id":260452,"date":"2025-11-28T14:47:13","date_gmt":"2025-11-28T14:47:13","guid":{"rendered":"https:\/\/www.europesays.com\/es\/260452\/"},"modified":"2025-11-28T14:47:13","modified_gmt":"2025-11-28T14:47:13","slug":"28-11-2025-las-mananas-kiss-desde-la-laguna-kiss-fm","status":"publish","type":"post","link":"https:\/\/www.europesays.com\/es\/260452\/","title":{"rendered":"28\/11\/2025 Las Ma\u00f1anas KISS desde LA LAGUNA \u2013 KISS FM"},"content":{"rendered":"<p>&#13;<br \/>\n\t\t&#13;<br \/>\n&#13;<br \/>\n\t&#13;<\/p>\n<p>La Laguna celebra 25 a\u00f1os como Ciudad Patrimonio de la Humanidad y hasta la ciudad canaria nos hemos venido para celebrar con ellos esta efem\u00e9ride. <\/p>\n<p>Coincidiendo con la locura del \u2018Black Friday\u2019, hemos preguntado a los oyentes por las peores compras que han hecho. Por aqu\u00ed se han pasado nuestra Gl\u00f2ria Serra con su equipo de investigaci\u00f3n, Karlos Argui\u00f1ano cargado de chistes\u2026 Y los 22.000 euros del Milnuto, \u00bfhabr\u00e1n ca\u00eddo en La Laguna?<\/p>\n<p>Por cierto, si llueve estos d\u00edas en La Laguna, ya sab\u00e9is a qui\u00e9n reclamarle: a Mar\u00eda Lama y su Tiempo Divertido.<\/p>\n<p>Escucha aqu\u00ed lo mejor del programa de hoy:<\/p>\n<p>Aqu\u00ed tienes el programa completo:<\/p>\n<p>\t&#13;<br \/>\n&#13;<\/p>\n<p>            <a href=\"http:\/\/www.facebook.com\/sharer\/sharer.php?u=https:\/\/www.kissfm.es\/2025\/11\/28\/28-11-2025-las-mananas-kiss-desde-la-laguna\/&amp;t=28\/11\/2025 Las Ma\u00f1anas KISS desde LA LAGUNA\" target=\"_blank\" rel=\"noopener noreferrer nofollow\"><img decoding=\"async\" src=\"https:\/\/www.europesays.com\/es\/wp-content\/uploads\/2025\/08\/Facebook.png\" alt=\"\"\/><\/a><br \/>\n            <a href=\"#\" onclick=\"essb_window('https:\/\/twitter.com\/intent\/tweet?text=28\/11\/2025 Las Ma\u00f1anas KISS desde LA LAGUNA&amp;url=https:\/\/www.kissfm.es\/2025\/11\/28\/28-11-2025-las-mananas-kiss-desde-la-laguna\/\/&amp;counturl=https:\/\/www.kissfm.es\/2025\/11\/28\/28-11-2025-las-mananas-kiss-desde-la-laguna\/&amp;hashtags=\" return=\"\" false=\"\" rel=\"noopener noreferrer\"><img decoding=\"async\" src=\"https:\/\/www.europesays.com\/es\/wp-content\/uploads\/2025\/08\/Twitter.png\" alt=\"\"\/><\/a><br \/>\n        &#13;<br \/>\n        &#13;<br \/>\n<script async src=\"https:\/\/platform.twitter.com\/widgets.js\" charset=\"utf-8\"><\/script><\/p>\n","protected":false},"excerpt":{"rendered":"&#13; &#13; &#13; &#13; La Laguna celebra 25 a\u00f1os como Ciudad Patrimonio de la Humanidad y hasta la&hellip;\n","protected":false},"author":2,"featured_media":248082,"comment_status":"","ping_status":"","sticky":false,"template":"","format":"standard","meta":{"footnotes":""},"categories":[170],"tags":[146,147,25,24,184,185,23],"class_list":{"0":"post-260452","1":"post","2":"type-post","3":"status-publish","4":"format-standard","5":"has-post-thumbnail","7":"category-musica","8":"tag-entertainment","9":"tag-entretenimiento","10":"tag-es","11":"tag-espana","12":"tag-music","13":"tag-musica","14":"tag-spain"},"share_on_mastodon":{"url":"https:\/\/pubeurope.com\/@es\/115627874817865769","error":""},"_links":{"self":[{"href":"https:\/\/www.europesays.com\/es\/wp-json\/wp\/v2\/posts\/260452","targetHints":{"allow":["GET"]}}],"collection":[{"href":"https:\/\/www.europesays.com\/es\/wp-json\/wp\/v2\/posts"}],"about":[{"href":"https:\/\/www.europesays.com\/es\/wp-json\/wp\/v2\/types\/post"}],"author":[{"embeddable":true,"href":"https:\/\/www.europesays.com\/es\/wp-json\/wp\/v2\/users\/2"}],"replies":[{"embeddable":true,"href":"https:\/\/www.europesays.com\/es\/wp-json\/wp\/v2\/comments?post=260452"}],"version-history":[{"count":0,"href":"https:\/\/www.europesays.com\/es\/wp-json\/wp\/v2\/posts\/260452\/revisions"}],"wp:featuredmedia":[{"embeddable":true,"href":"https:\/\/www.europesays.com\/es\/wp-json\/wp\/v2\/media\/248082"}],"wp:attachment":[{"href":"https:\/\/www.europesays.com\/es\/wp-json\/wp\/v2\/media?parent=260452"}],"wp:term":[{"taxonomy":"category","embeddable":true,"href":"https:\/\/www.europesays.com\/es\/wp-json\/wp\/v2\/categories?post=260452"},{"taxonomy":"post_tag","embeddable":true,"href":"https:\/\/www.europesays.com\/es\/wp-json\/wp\/v2\/tags?post=260452"}],"curies":[{"name":"wp","href":"https:\/\/api.w.org\/{rel}","templated":true}]}}