{"id":260453,"date":"2025-11-28T14:48:16","date_gmt":"2025-11-28T14:48:16","guid":{"rendered":"https:\/\/www.europesays.com\/es\/260453\/"},"modified":"2025-11-28T14:48:16","modified_gmt":"2025-11-28T14:48:16","slug":"7-estrenos-imprescindibles-de-netflix-en-diciembre-de-2025-de-la-secuela-de-una-de-sus-mejores-peliculas-al-western-mas-ambicioso-de-toda-la-historia-de-la-plataforma","status":"publish","type":"post","link":"https:\/\/www.europesays.com\/es\/260453\/","title":{"rendered":"7 estrenos imprescindibles de Netflix en diciembre de 2025. De la secuela de una de sus mejores pel\u00edculas al western m\u00e1s ambicioso de toda la historia de la plataforma"},"content":{"rendered":"<p>El \u00faltimo mes del a\u00f1o est\u00e1 a punto de llegar a nuestras vidas, lo que en Espinof supone que hagamos nuestro tradicional repaso a <strong>7 estrenos imprescindibles de Netflix en diciembre de 2025<\/strong>. Reconozco que en otras ocasiones hasta me cuesta llegar a tantos t\u00edtulos, pero esta vez incluso me ha dolido tener que dejar fuera a <strong>&#8216;El hombre contra el beb\u00e9&#8217;<\/strong>, la nueva comedia de Rowan Atkinson que llega el d\u00eda 11. Dicho esto, pasemos ya con las elegidas.<\/p>\n<p>&#8216;Trol 2&#8217;<\/p>\n<p>                   <img class=\"centro_sinmarco\" height=\"1012\" width=\"1812\" loading=\"lazy\" decoding=\"async\"  fetchpriority=\"high\"  src=\"https:\/\/www.europesays.com\/es\/wp-content\/uploads\/2025\/11\/1764341291_724_450_1000.jpeg\" alt=\"Trol 2\"\/><\/p>\n<p>La secuela de la pel\u00edcula de habla no inglesa m\u00e1s vista de la historia de Netflix llega ahora con la intensi\u00f3n de arrasar. Con <strong>Roar Uthaug<\/strong> de nuevo tras las c\u00e1maras, el hecho de que un nuevo trol despierte de su letargo har\u00e1 que los protagonistas necesiten a\u00fan m\u00e1s ayuda para neutralizar la amenaza que supone.\u00a0<\/p>\n<p> LAS 10 MEJORES SERIES DE LA D\u00c9CADA (2010-2019)<\/p>\n<p><strong>Estreno el 1 de diciembre de 2025<\/strong><\/p>\n<p>&#8216;Los abandonados&#8217;<\/p>\n<p>                   <img class=\"centro_sinmarco\" height=\"675\" width=\"1200\" loading=\"lazy\" decoding=\"async\"  fetchpriority=\"high\"  src=\"https:\/\/www.europesays.com\/es\/wp-content\/uploads\/2025\/11\/1764341292_919_450_1000.jpeg\" alt=\"Abandonados\"\/><\/p>\n<p><strong>Lena Headey <\/strong>y<strong> Gillian Anderson<\/strong> encabezan esta serie del oeste creada por <strong>Kurt Sutter<\/strong> (<a class=\"text-outboundlink\" href=\"https:\/\/www.espinof.com\/series-de-ficcion\/sons-of-anarchy-termina-agonizando\" data-vars-post-title=\"&#039;Sons of Anarchy&#039; termina agonizando\" data-vars-post-url=\"https:\/\/www.espinof.com\/series-de-ficcion\/sons-of-anarchy-termina-agonizando\" rel=\"nofollow noopener\" target=\"_blank\">&#8216;Hijos de la anarqu\u00eda&#8217;<\/a>). Solamente con eso ya deber\u00eda ser suficiente para querer verla, pero por si quer\u00e9is m\u00e1s detalles: En la d\u00e9cada de 1850, Fiona Nolan intenta formar una familia adoptando a cuatro hu\u00e9rfanos, pero pronto se ve envuelta en una lucha contra los arist\u00f3cratas europeos que reclaman la posesi\u00f3n de su reci\u00e9n adquirida casa en Oreg\u00f3n. Todo apunta a que se trata del western m\u00e1s ambicioso de Netflix hasta la fecha, aunque el hecho de que Sutter fuese despedido a mitad de rodaje invita a ser cautos con el resultado final.<\/p>\n<p><strong>Estreno el 4 de diciembre de 2025<\/strong><\/p>\n<p>    <a href=\"https:\/\/www.espinof.com\/listas\/mejores-westerns-netflix-estas-peliculas-series-oeste-imprescindibles-plataforma\" class=\"pivot-outboundlink\" data-vars-post-title=\"Los mejores westerns de Netflix. 5 pel\u00edculas y series del oeste imprescindibles para ver en la plataforma\" rel=\"nofollow noopener\" target=\"_blank\"><br \/>\n     <img loading=\"lazy\" decoding=\"async\" alt=\"Los mejores westerns de Netflix. 5 pel\u00edculas y series del oeste imprescindibles para ver en la plataforma\" width=\"375\" height=\"142\" src=\"https:\/\/www.europesays.com\/es\/wp-content\/uploads\/2025\/11\/1764341292_14_375_142.jpeg\"\/><br \/>\n    <\/a><\/p>\n<p>&#8216;Jay Kelly&#8217;<\/p>\n<p>                   <img class=\"centro_sinmarco\" height=\"1350\" width=\"2400\" loading=\"lazy\" decoding=\"async\"  fetchpriority=\"high\"  src=\"https:\/\/www.europesays.com\/es\/wp-content\/uploads\/2025\/11\/1764341292_574_450_1000.jpeg\" alt=\"Jay Kelly Netflix\"\/><\/p>\n<p><strong>Noah Baumbach<\/strong> ya dio a Netflix una de sus mejores pel\u00edculas originales con la extraordinaria <a class=\"text-outboundlink\" href=\"https:\/\/www.espinof.com\/criticas\/historia-matrimonio-adam-driver-scarlett-johansson-estan-extraordinarios-mejores-peliculas-netflix\" data-vars-post-title=\"&#039;Historia de un matrimonio&#039;: Adam Driver y Scarlett Johansson est\u00e1n extraordinarios en una de las mejores pel\u00edculas de Netflix\" data-vars-post-url=\"https:\/\/www.espinof.com\/criticas\/historia-matrimonio-adam-driver-scarlett-johansson-estan-extraordinarios-mejores-peliculas-netflix\" rel=\"nofollow noopener\" target=\"_blank\">&#8216;Historia de un matrimonio&#8217;<\/a> y ahora presenta una de las grandes candidatas de la plataforma de cara a los pr\u00f3ximos \u00d3scar. Con un repartazo liderado por <strong>George Clooney, Adam Sandler y Laura Dern<\/strong>, &#8216;Jay Kelly&#8217; gira alrededor de una veterana estrella de cine en plena crisis vital que est\u00e1 a punto de asistir a un gran festival de cine en el que van a rendirle homenaje.<\/p>\n<p><strong>Estreno el 5 de diciembre de 2025<\/strong><\/p>\n<p>&#8216;Ciudad de sombras&#8217;<\/p>\n<p>                   <img class=\"centro_sinmarco\" height=\"667\" width=\"1000\" loading=\"lazy\" decoding=\"async\"  fetchpriority=\"high\"  src=\"https:\/\/www.europesays.com\/es\/wp-content\/uploads\/2025\/11\/1764341293_275_450_1000.jpeg\" alt=\"Ciudad De Sombras\"\/><\/p>\n<p>Hace unas semanas nos enter\u00e1bamos del triste fallecimiento de la actriz <strong>Ver\u00f3nica Echegui<\/strong> a los 42 a\u00f1os de edad. Antes de eso hab\u00eda tenido tiempo de completar su trabajo en esta miniserie de suspense que consta de 6 episodios. Su historia cuenta c\u00f3mo la aparici\u00f3n de un cad\u00e1ver quemado lleva a que un inspector suspendidos de los Mossos retome su actividad.<\/p>\n<p><strong>Estreno el 12 de diciembre de 2025<\/strong><\/p>\n<p>    <a href=\"https:\/\/www.espinof.com\/listas\/mejores-miniseries-netflix\" class=\"pivot-outboundlink\" data-vars-post-title=\"Las 16 mejores miniseries de Netflix\" rel=\"nofollow noopener\" target=\"_blank\"><br \/>\n     <img loading=\"lazy\" decoding=\"async\" alt=\"Las 16 mejores miniseries de Netflix\" width=\"375\" height=\"142\" src=\"https:\/\/www.europesays.com\/es\/wp-content\/uploads\/2025\/07\/1753465448_562_375_142.jpeg\"\/><br \/>\n    <\/a><\/p>\n<p>&#8216;Pu\u00f1ales por la espalda: De entre los muertos&#8217;<\/p>\n<p>                   <img class=\"centro_sinmarco\" height=\"675\" width=\"1200\" loading=\"lazy\" decoding=\"async\"  fetchpriority=\"high\"  src=\"https:\/\/www.europesays.com\/es\/wp-content\/uploads\/2025\/11\/1764341295_760_450_1000.jpeg\" alt=\"Punales Espalda 3\"\/><\/p>\n<p>La <a class=\"text-outboundlink\" href=\"https:\/\/www.espinof.com\/todo-lo-que-sabemos\/punales-espalda-3-reparto-todo-que-sabemos-pelicula-daniel-craig-para-netflix\" data-vars-post-title=\"&#039;Pu\u00f1ales por la espalda 3&#039;, fecha de estreno, tr\u00e1iler y todo lo que sabemos de la pel\u00edcula con Daniel Craig para Netflix\" data-vars-post-url=\"https:\/\/www.espinof.com\/todo-lo-que-sabemos\/punales-espalda-3-reparto-todo-que-sabemos-pelicula-daniel-craig-para-netflix\" rel=\"nofollow noopener\" target=\"_blank\">tercera entrega<\/a> de la genial saga de suspense creada por <strong>Rian Johnson<\/strong> y protagonizada por <strong>Daniel Craig<\/strong> llega a Netflix tras un paso limitado por cines. En esta ocasi\u00f3n el misterio gira alrededor de un sacerdote interpretado por <strong>Josh Brolin<\/strong> y obviamente habr\u00e1 multitud sospechosos en un reparto repleto de rostros conocidos.<\/p>\n<p><strong>Estreno el 12 de diciembre de 2025<\/strong><\/p>\n<p>&#8216;Emily en Par\u00eds&#8217;, temporada 5<\/p>\n<p>                   <img class=\"centro_sinmarco\" height=\"911\" width=\"1366\" loading=\"lazy\" decoding=\"async\"  fetchpriority=\"high\"  src=\"https:\/\/www.europesays.com\/es\/wp-content\/uploads\/2025\/11\/1764341295_445_450_1000.jpeg\" alt=\"Eil\"\/><\/p>\n<p><a class=\"text-outboundlink\" href=\"https:\/\/www.espinof.com\/todo-lo-que-sabemos\/emily-paris-temporada-5-trailer-fecha-estreno-reparto-todo-que-sabemos-serie-netflix-lily-collins\" data-vars-post-title=\"&#039;Emily en Par\u00eds&#039;, temporada 5 - fecha de estreno, tr\u00e1iler y todo lo que sabemos sobre el regreso de la serie de Netflix con Lily Collins\" data-vars-post-url=\"https:\/\/www.espinof.com\/todo-lo-que-sabemos\/emily-paris-temporada-5-trailer-fecha-estreno-reparto-todo-que-sabemos-serie-netflix-lily-collins\" rel=\"nofollow noopener\" target=\"_blank\">Los nuevos episodios<\/a> de la famosa serie protagonizada por <strong>Lily Collins<\/strong> se centrar\u00e1n en su nuevo trabajo en Roma, pero la serie no va a cambiar de repente de t\u00edtulo por ello. Una nueva aventura laboral y seguramente alg\u00fan que otro cambio en su vida sentimental&#8230;<\/p>\n<p><strong>Estreno el 18 de diciembre de 2025<\/strong><\/p>\n<p>    <a href=\"https:\/\/www.espinof.com\/listas\/mejores-peliculas-thrillers-suspense-netflix\" class=\"pivot-outboundlink\" data-vars-post-title=\"Las 15 mejores pel\u00edculas de suspense y thrillers en Netflix\" rel=\"nofollow noopener\" target=\"_blank\"><br \/>\n     <img loading=\"lazy\" decoding=\"async\" alt=\"Las 15 mejores pel\u00edculas de suspense y thrillers en Netflix\" width=\"375\" height=\"142\" src=\"https:\/\/www.europesays.com\/es\/wp-content\/uploads\/2025\/09\/1758430280_542_375_142.jpeg\"\/><br \/>\n    <\/a><\/p>\n<p>&#8216;Stranger Things&#8217;, temporada 5, parte 2<\/p>\n<p>                   <img class=\"centro_sinmarco\" height=\"900\" width=\"1597\" loading=\"lazy\" decoding=\"async\"  fetchpriority=\"high\"  src=\"https:\/\/www.europesays.com\/es\/wp-content\/uploads\/2025\/11\/1764341296_892_450_1000.jpeg\" alt=\"Final Stranger Things Imagen\"\/><\/p>\n<p>Netflix va a exprimir <a class=\"text-outboundlink\" href=\"https:\/\/www.espinof.com\/todo-lo-que-sabemos\/stranger-things-temporada-5-trailer-fecha-estreno-reparto-todo-que-sabemos-final-serie-netflix\" data-vars-post-title=\"&#039;Stranger Things&#039;, todo lo que sabemos sobre la temporada 5 y final de la serie de Netflix con Millie Bobby Brown\" data-vars-post-url=\"https:\/\/www.espinof.com\/todo-lo-que-sabemos\/stranger-things-temporada-5-trailer-fecha-estreno-reparto-todo-que-sabemos-final-serie-netflix\" rel=\"nofollow noopener\" target=\"_blank\">la despedida<\/a> de su mayor serie de ciencia ficci\u00f3n en tres partes y en diciembre tocan los episodio 5, 6 y 7 de su temporada final. Todo apunta a que dejar\u00e1 todo en un punto que nos har\u00e1 estar deseando que llegue el 1 de enero para saber c\u00f3mo se revuelve la historia.<\/p>\n<p><strong>Estreno el 26 de diciembre de 2025<\/strong><\/p>\n<p>En Espinof | <a class=\"text-outboundlink\" href=\"https:\/\/www.espinof.com\/listas\/mejores-peliculas-netflix-2025\" data-vars-post-title=\"Las 11 mejores pel\u00edculas de Netflix en 2025 (por ahora)\" data-vars-post-url=\"https:\/\/www.espinof.com\/listas\/mejores-peliculas-netflix-2025\" rel=\"nofollow noopener\" target=\"_blank\">Las mejores pel\u00edculas de Netflix en 2025<\/a><\/p>\n<p>En Espinof | <a class=\"text-outboundlink\" href=\"https:\/\/www.espinof.com\/listas\/mejores-series-netflix-2025\" data-vars-post-title=\"Las 18 mejores series de Netflix en 2025 (por ahora)\" data-vars-post-url=\"https:\/\/www.espinof.com\/listas\/mejores-series-netflix-2025\" rel=\"nofollow noopener\" target=\"_blank\">Las mejores series de Netflix en 2025<\/a><\/p>\n","protected":false},"excerpt":{"rendered":"El \u00faltimo mes del a\u00f1o est\u00e1 a punto de llegar a nuestras vidas, lo que en Espinof supone&hellip;\n","protected":false},"author":2,"featured_media":260454,"comment_status":"","ping_status":"","sticky":false,"template":"","format":"standard","meta":{"footnotes":""},"categories":[169],"tags":[177,146,147,25,24,176,175,23],"class_list":{"0":"post-260453","1":"post","2":"type-post","3":"status-publish","4":"format-standard","5":"has-post-thumbnail","7":"category-cine","8":"tag-cine","9":"tag-entertainment","10":"tag-entretenimiento","11":"tag-es","12":"tag-espana","13":"tag-film","14":"tag-movies","15":"tag-spain"},"share_on_mastodon":{"url":"https:\/\/pubeurope.com\/@es\/115627878936633460","error":""},"_links":{"self":[{"href":"https:\/\/www.europesays.com\/es\/wp-json\/wp\/v2\/posts\/260453","targetHints":{"allow":["GET"]}}],"collection":[{"href":"https:\/\/www.europesays.com\/es\/wp-json\/wp\/v2\/posts"}],"about":[{"href":"https:\/\/www.europesays.com\/es\/wp-json\/wp\/v2\/types\/post"}],"author":[{"embeddable":true,"href":"https:\/\/www.europesays.com\/es\/wp-json\/wp\/v2\/users\/2"}],"replies":[{"embeddable":true,"href":"https:\/\/www.europesays.com\/es\/wp-json\/wp\/v2\/comments?post=260453"}],"version-history":[{"count":0,"href":"https:\/\/www.europesays.com\/es\/wp-json\/wp\/v2\/posts\/260453\/revisions"}],"wp:featuredmedia":[{"embeddable":true,"href":"https:\/\/www.europesays.com\/es\/wp-json\/wp\/v2\/media\/260454"}],"wp:attachment":[{"href":"https:\/\/www.europesays.com\/es\/wp-json\/wp\/v2\/media?parent=260453"}],"wp:term":[{"taxonomy":"category","embeddable":true,"href":"https:\/\/www.europesays.com\/es\/wp-json\/wp\/v2\/categories?post=260453"},{"taxonomy":"post_tag","embeddable":true,"href":"https:\/\/www.europesays.com\/es\/wp-json\/wp\/v2\/tags?post=260453"}],"curies":[{"name":"wp","href":"https:\/\/api.w.org\/{rel}","templated":true}]}}