{"id":260455,"date":"2025-11-28T14:49:09","date_gmt":"2025-11-28T14:49:09","guid":{"rendered":"https:\/\/www.europesays.com\/es\/260455\/"},"modified":"2025-11-28T14:49:09","modified_gmt":"2025-11-28T14:49:09","slug":"lesionados-y-sancionados-del-real-madrid-para-enfrentarse-al-girona","status":"publish","type":"post","link":"https:\/\/www.europesays.com\/es\/260455\/","title":{"rendered":"Lesionados y sancionados del Real Madrid para enfrentarse al Girona"},"content":{"rendered":"<p id=\"inline-text-0\" class=\"mt-[18px] md:mt-0 mb-[18px] [&amp;_a]:text-primary my-f-1.5\" q:key=\"0\" q:id=\"64\">Con el firme objetivo de volver a la senda del triunfo en el campeonato local y mantenerse en la primera posici\u00f3n de la clasificaci\u00f3n, el <a href=\"https:\/\/www.si.com\/es-us\/futbol\/equipo\/real-madrid\" rel=\"nofollow noopener\" target=\"_blank\">Real Madrid<\/a> visitar\u00e1 al Girona por <a href=\"https:\/\/www.si.com\/es-us\/futbol\/la-liga\" rel=\"nofollow noopener\" target=\"_blank\">LaLiga<\/a> este domingo. <\/p>\n<p>El cuadro catal\u00e1n, por su parte espera hacer valer su local\u00eda para sumar puntos, complicar al Merengue y salir de la zona de descenso.<\/p>\n<p id=\"inline-text-1\" class=\"my-[18px] [&amp;_a]:text-primary my-f-1.5\" q:key=\"0\" q:id=\"67\">A continuaci\u00f3n, les dejamos a los jugadores lesionados y sancionados del Madrid para este partido.<\/p>\n<p>Lesionados del Real Madrid para enfrentarse al Girona<\/p>\n<p id=\"inline-text-3\" class=\"my-[18px] [&amp;_a]:text-primary my-f-1.5\" q:key=\"0\" q:id=\"6d\">El defensor espa\u00f1ol<strong>\u00a0Dani Carvajal<\/strong>\u00a0fue intervenido de la rodilla derecha y su ausencia podr\u00eda ser de dos a tres meses seg\u00fan su evoluci\u00f3n, por lo que entre enero y febrero del pr\u00f3ximo a\u00f1o estar\u00eda de regreso.<\/p>\n<p id=\"inline-text-4\" class=\"my-[18px] [&amp;_a]:text-primary my-f-1.5\" q:key=\"0\" q:id=\"6g\">Por su parte,\u00a0<strong>Antonio R\u00fcdiger<\/strong>\u00a0tiene previsto volver a mediados de diciembre. El alem\u00e1n sufri\u00f3 una lesi\u00f3n en el recto anterior de la pierna izquierda el 12 de septiembre en el entrenamiento previo al duelo contra la\u00a0<a href=\"https:\/\/www.si.com\/es-us\/futbol\/equipo\/real-sociedad\" rel=\"nofollow noopener\" target=\"_blank\">Real Sociedad<\/a>, tendr\u00e1 que esperar hasta inicios o mediados de diciembre para tener opciones de volver a jugar.<\/p>\n<p id=\"inline-text-5\" class=\"my-[18px] [&amp;_a]:text-primary my-f-1.5\" q:key=\"0\" q:id=\"6j\">Adem\u00e1s,<strong> \u00c9der Milit\u00e3o<\/strong>\u00a0tiene una lesi\u00f3n muscular en el aductor mayor de su pierna derecha. Por lo que estar\u00e1 fuera para este duelo y podr\u00eda volver la pr\u00f3xima semana.<\/p>\n<p id=\"inline-text-6\" class=\"my-[18px] [&amp;_a]:text-primary my-f-1.5\" q:key=\"0\" q:id=\"6m\"><strong>Franco Mastantuono<\/strong>\u00a0atraviesa una pubalgia y se estima que volver\u00eda a estar disponible para Xabi en los pr\u00f3ximos d\u00edas.<\/p>\n<p id=\"inline-text-7\" class=\"my-[18px] [&amp;_a]:text-primary my-f-1.5\" q:key=\"0\" q:id=\"6p\"><strong>David Alaba\u00a0<\/strong>se lesion\u00f3 durante el \u00faltimo par\u00f3n de selecciones, aunque no jug\u00f3 con Austria por su lesi\u00f3n en el s\u00f3leo, el ex del\u00a0<a href=\"https:\/\/www.si.com\/es-us\/futbol\/equipo\/bayern-munich\" rel=\"nofollow noopener\" target=\"_blank\">Bayern M\u00fanich<\/a>\u00a0volvi\u00f3 a Valdebebas con una sobrecarga muscular se desconoce su evoluci\u00f3n, pero es posible que siga ausente algunas semanas.<\/p>\n<p id=\"inline-text-8\" class=\"my-[18px] [&amp;_a]:text-primary my-f-1.5\" q:key=\"0\" q:id=\"6s\">Los \u00faltimos dos jugadores en pasar por la enfermer\u00eda son\u00a0<strong>Thibaut Courtois\u00a0<\/strong>y\u00a0<strong>Dean Huijsen<\/strong>. Ambos fueron baja frente a Olympiacos en Champions, en el caso del guardameta por una gastroenteritis, y el central por una sobrecarga en el muslo izquierdo. <\/p>\n<p>El portero ya volvi\u00f3 a entrenar por lo que posiblemente sea titular ante el Girona.<\/p>\n<p>Suspendidos del Real Madrid para enfrentarse al Girona<img loading=\"lazy\" decoding=\"async\" src=\"https:\/\/www.europesays.com\/es\/wp-content\/uploads\/2025\/11\/01kb2yg1c0x01qh1tyfa.jpg\" alt=\"Olympiacos Piraeus v Real Madrid - UEFA Champions League\" title=\"Olympiacos Piraeus v Real Madrid - UEFA Champions League\" width=\"1024\" height=\"576\" class=\"undefined w-full w-full blur-[5px]\" q:id=\"74\"\/><\/p>\n<p>Olympiacos Piraeus v Real Madrid &#8211; UEFA Champions League | Anadolu\/GettyImages<\/p>\n<p id=\"inline-text-11\" class=\"my-[18px] [&amp;_a]:text-primary my-f-1.5\" q:key=\"0\" q:id=\"78\">El entrenador no tiene jugadores sancionados pero s\u00ed al l\u00edmite a Aurelien Tchouameni, con 4 amarillas y en caso de ser amonestado, no estar\u00e1 ante el <a href=\"https:\/\/www.si.com\/es-us\/futbol\/equipo\/athletic-club\" rel=\"nofollow noopener\" target=\"_blank\">Athletic Club<\/a>.<\/p>\n<p>M\u00c1S NOTICIAS SOBRE EL REAL MADRID EN NUSTRO CANAL DE <a href=\"https:\/\/whatsapp.com\/channel\/0029VaOlQAT9sBIIBBUmZu3Q\" rel=\"nofollow noopener\" target=\"_blank\">WHATSAPP<\/a><\/p>\n","protected":false},"excerpt":{"rendered":"Con el firme objetivo de volver a la senda del triunfo en el campeonato local y mantenerse en&hellip;\n","protected":false},"author":2,"featured_media":260456,"comment_status":"","ping_status":"","sticky":false,"template":"","format":"standard","meta":{"footnotes":""},"categories":[93],"tags":[168,25,24,23,167],"class_list":{"0":"post-260455","1":"post","2":"type-post","3":"status-publish","4":"format-standard","5":"has-post-thumbnail","7":"category-deportes","8":"tag-deportes","9":"tag-es","10":"tag-espana","11":"tag-spain","12":"tag-sports"},"share_on_mastodon":{"url":"https:\/\/pubeurope.com\/@es\/115627882521151857","error":""},"_links":{"self":[{"href":"https:\/\/www.europesays.com\/es\/wp-json\/wp\/v2\/posts\/260455","targetHints":{"allow":["GET"]}}],"collection":[{"href":"https:\/\/www.europesays.com\/es\/wp-json\/wp\/v2\/posts"}],"about":[{"href":"https:\/\/www.europesays.com\/es\/wp-json\/wp\/v2\/types\/post"}],"author":[{"embeddable":true,"href":"https:\/\/www.europesays.com\/es\/wp-json\/wp\/v2\/users\/2"}],"replies":[{"embeddable":true,"href":"https:\/\/www.europesays.com\/es\/wp-json\/wp\/v2\/comments?post=260455"}],"version-history":[{"count":0,"href":"https:\/\/www.europesays.com\/es\/wp-json\/wp\/v2\/posts\/260455\/revisions"}],"wp:featuredmedia":[{"embeddable":true,"href":"https:\/\/www.europesays.com\/es\/wp-json\/wp\/v2\/media\/260456"}],"wp:attachment":[{"href":"https:\/\/www.europesays.com\/es\/wp-json\/wp\/v2\/media?parent=260455"}],"wp:term":[{"taxonomy":"category","embeddable":true,"href":"https:\/\/www.europesays.com\/es\/wp-json\/wp\/v2\/categories?post=260455"},{"taxonomy":"post_tag","embeddable":true,"href":"https:\/\/www.europesays.com\/es\/wp-json\/wp\/v2\/tags?post=260455"}],"curies":[{"name":"wp","href":"https:\/\/api.w.org\/{rel}","templated":true}]}}