{"id":260457,"date":"2025-11-28T14:50:09","date_gmt":"2025-11-28T14:50:09","guid":{"rendered":"https:\/\/www.europesays.com\/es\/260457\/"},"modified":"2025-11-28T14:50:09","modified_gmt":"2025-11-28T14:50:09","slug":"hallan-fallos-tempranos-en-las-conexiones-neuronales-que-activan-celulas-inmunitarias-encargadas-de-limpiar-el-cerebro","status":"publish","type":"post","link":"https:\/\/www.europesays.com\/es\/260457\/","title":{"rendered":"Hallan fallos tempranos en las conexiones neuronales que activan c\u00e9lulas inmunitarias encargadas de &#8216;limpiar&#8217; el cerebro"},"content":{"rendered":"<p><img id=\"fotoPrincipalNoticia\" src=\"https:\/\/www.europesays.com\/es\/wp-content\/uploads\/2025\/11\/fotonoticia_20251128143710_690.jpg\" loading=\"eager\" decoding=\"async\" style=\"view-transition-name: fechor_20251128143710;\" border=\"0\" alt=\"Archivo - Archivo.- Fachada del Hospital Universitario 12 de Octubre\" fetchpriority=\"high\" title=\"Hallan fallos tempranos en las conexiones neuronales que activan c\u00e9lulas inmunitarias encargadas de 'limpiar' el cerebro\" width=\"690\" height=\"460\" itemprop=\"image\"\/><\/p>\n<p>Archivo &#8211; Archivo.- Fachada del Hospital Universitario 12 de Octubre &#8211; Jes\u00fas Hell\u00edn &#8211; Europa Press &#8211; Archivo<\/p>\n<p>    MADRID 28 Nov. (EUROPA PRESS) &#8211; <\/p>\n<p>   Un estudio del Hospital 12 de Octubre ha descubierto una interacci\u00f3n entre los fallos en las conexiones neuronales y la activaci\u00f3n de las c\u00e9lulas del sistema inmune que mantienen y limpian el cerebro, denominadas microgl\u00eda.<\/p>\n<p>    Seg\u00fan los resultados, estos fallos neuronales o disfunci\u00f3n sin\u00e1ptica, que ocurren incluso antes de que se establezca una enfermedad neurodegenerativa como el Alzheimer, actuar\u00edan como una &#8216;alarma&#8217; que provoca que la microgl\u00eda se active m\u00e1s y m\u00e1s a lo largo del tiempo. As\u00ed, no solo reacciona al da\u00f1o en las conexiones neuronales sino que tambi\u00e9n es clave para proteger esas conexiones y que se mantengan estables a lo largo del tiempo.<\/p>\n<p>   Desde el Hospital 12 de Octubre se ha destacado que este hallazgo abre la posibilidad de centrar posibles tratamientos en proteger o potenciar de manera temprana esa comunicaci\u00f3n entre las conexiones y la microgl\u00eda, para controlar el deterior cognitivo.<\/p>\n<p>   Los resultados del estudio, publicado recientemente en la revista &#8216;Molecular Neurodegeneration&#8217;, sugieren tambi\u00e9n que estas c\u00e9lulas ayudan a que una parte clave de las conexiones se mantenga m\u00e1s estable y no siga deterior\u00e1ndose. Esto significar\u00eda que la microgl\u00eda (que se activa a trav\u00e9s de la prote\u00edna TREM2) no solo reacciona al da\u00f1o, sino que tambi\u00e9n tiene un papel protector o de mantenimiento a lo largo del tiempo.<\/p>\n<p>   Los resultados tienen implicaciones directas para el desarrollo de tratamientos preventivos. \u00abEl potencial beneficio cl\u00ednico de intensificar la prote\u00edna TREM2 podr\u00eda ser mayor si se aborda el problema en las etapas iniciales, cuando el fallo en las conexiones es el impulsor biol\u00f3gico predominante, en lugar de esperar a que la enfermedad de Alzheimer est\u00e9 establecida\u00bb, ha apuntado la neur\u00f3loga del Hospital 12 de Octubre e investigadora del Grupo Enfermedades Neurodegenerativas del i+12, Estrella Morenas.<\/p>\n<p>    Tambi\u00e9n abre una ventana a la potencial aplicaci\u00f3n de estos tratamientos en enfermedades neurodegenerativas diferentes de la enfermedad de Alzheimer, siempre en etapas tempranas.<\/p>\n<p>BIOMARCADORES PREDICTORES<\/p>\n<p>   El estudio, realizado mediante una colaboraci\u00f3n internacional con la Universidad de Wisconsin, en EEUU, el DZNE, en Alemania, y el BarcelonaBeta Research Center, en Barcelona, en dos cohortes de 639 voluntarios cognitivamente sanos, utiliza la presencia de biomarcadores en muestras de l\u00edquido cefaloraqu\u00eddeo obtenidas a lo largo del tiempo.<\/p>\n<p>   El estudio identific\u00f3 un perfil espec\u00edfico de biomarcadores (neurogranina, a-sinucle\u00edna y S100B) que predice el aumento en la actividad microglial, independientemente e incluso antes de la presencia de biomarcadores de la Enfermedad Alzheimer.<\/p>\n<p>   El trabajo tambi\u00e9n subraya el potencial de utilizar un panel de biomarcadores &#8211;incluyendo estos marcadores de funci\u00f3n sin\u00e1ptica y activaci\u00f3n glial identificados&#8211; para definir perfiles bioqu\u00edmicos espec\u00edficos que mejoren la predicci\u00f3n del deterioro cognitivo y ayuden a seleccionar pacientes para ensayos cl\u00ednicos en las primeras fases de las enfermedades neurodegenerativas.<\/p>\n","protected":false},"excerpt":{"rendered":"Archivo &#8211; Archivo.- Fachada del Hospital Universitario 12 de Octubre &#8211; Jes\u00fas Hell\u00edn &#8211; Europa Press &#8211; Archivo&hellip;\n","protected":false},"author":2,"featured_media":260458,"comment_status":"","ping_status":"","sticky":false,"template":"","format":"standard","meta":{"footnotes":""},"categories":[92],"tags":[25,24,165,166,23],"class_list":{"0":"post-260457","1":"post","2":"type-post","3":"status-publish","4":"format-standard","5":"has-post-thumbnail","7":"category-salud","8":"tag-es","9":"tag-espana","10":"tag-health","11":"tag-salud","12":"tag-spain"},"share_on_mastodon":{"url":"https:\/\/pubeurope.com\/@es\/115627886352121434","error":""},"_links":{"self":[{"href":"https:\/\/www.europesays.com\/es\/wp-json\/wp\/v2\/posts\/260457","targetHints":{"allow":["GET"]}}],"collection":[{"href":"https:\/\/www.europesays.com\/es\/wp-json\/wp\/v2\/posts"}],"about":[{"href":"https:\/\/www.europesays.com\/es\/wp-json\/wp\/v2\/types\/post"}],"author":[{"embeddable":true,"href":"https:\/\/www.europesays.com\/es\/wp-json\/wp\/v2\/users\/2"}],"replies":[{"embeddable":true,"href":"https:\/\/www.europesays.com\/es\/wp-json\/wp\/v2\/comments?post=260457"}],"version-history":[{"count":0,"href":"https:\/\/www.europesays.com\/es\/wp-json\/wp\/v2\/posts\/260457\/revisions"}],"wp:featuredmedia":[{"embeddable":true,"href":"https:\/\/www.europesays.com\/es\/wp-json\/wp\/v2\/media\/260458"}],"wp:attachment":[{"href":"https:\/\/www.europesays.com\/es\/wp-json\/wp\/v2\/media?parent=260457"}],"wp:term":[{"taxonomy":"category","embeddable":true,"href":"https:\/\/www.europesays.com\/es\/wp-json\/wp\/v2\/categories?post=260457"},{"taxonomy":"post_tag","embeddable":true,"href":"https:\/\/www.europesays.com\/es\/wp-json\/wp\/v2\/tags?post=260457"}],"curies":[{"name":"wp","href":"https:\/\/api.w.org\/{rel}","templated":true}]}}