{"id":260463,"date":"2025-11-28T14:53:25","date_gmt":"2025-11-28T14:53:25","guid":{"rendered":"https:\/\/www.europesays.com\/es\/260463\/"},"modified":"2025-11-28T14:53:25","modified_gmt":"2025-11-28T14:53:25","slug":"carrefour-mediamarkt-y-pccomponentes-multadas-por-falsas-ofertas-en-el-black-friday-el-salto","status":"publish","type":"post","link":"https:\/\/www.europesays.com\/es\/260463\/","title":{"rendered":"Carrefour, MediaMarkt y PCComponentes, multadas por falsas ofertas en el Black Friday &#8211; El Salto"},"content":{"rendered":"<p>Aviso para las empresas desde el Ministerio de Derechos Sociales, Consumo y Agenda 2030 en plena <a href=\"https:\/\/www.elsaltodiario.com\/amazon\/black-friday-amazon-trabajadores-se-movilizan-derechos-laborales\" target=\"_blank\" rel=\"nofollow noopener\">campa\u00f1a del Black Friday<\/a>. El departamento que dirige Pablo Bustunduy ha elegido las fechas de la exaltaci\u00f3n del consumismo por excelencia para hacer p\u00fablicos los nombres de<a href=\"https:\/\/www.dsca.gob.es\/es\/comunicacion\/notas-prensa\/mediamarkt-carrefour-pc-componentes-notino-italia-gestaweb-2020\" target=\"_blank\" rel=\"nofollow noopener\"> cinco de las siete grandes empresas<\/a> que fueron multadas en 2023 por falsas ofertas en el Black Friday de 2023.<\/p>\n<p>El Ministerio comprob\u00f3 que estas compa\u00f1\u00edas subieron los precios justo antes de la campa\u00f1a para luego rebajarlos a su precio original, por lo que decidi\u00f3 multarlas con un monto total de 350.000 euros. En concreto, estas fueron la empresa dedicada a la venta online de cosm\u00e9ticos Notino Italia, que ha sido sancionada con 110.000 euros de multa; la comercializadora online de electrodom\u00e9sticos Gestaweb 2020, con 100.000 euros; la tienda de electr\u00f3nica y tecnolog\u00eda Media Markt, con 25.000 euros; los hipermercados <a href=\"https:\/\/www.elsaltodiario.com\/carrefour\" target=\"_blank\" rel=\"nofollow noopener\">Carrefour<\/a>, con 21.500 euros, y la comercializadora de electr\u00f3nica e inform\u00e1tica PCComponentes, con 1.500 euros.<\/p>\n<p>Consumo se\u00f1ala que, a la sanci\u00f3n econ\u00f3mica se le a\u00f1ade ahora una sanci\u00f3n accesoria de publicidad en forma de difusi\u00f3n del nombre de la marca infractora.\u00a0<\/p>\n<p>El anuncio se hace apenas una semana despu\u00e9s de que Consumo lanzara la que considera como \u201cla mayor <a href=\"https:\/\/www.dsca.gob.es\/es\/comunicacion\/notas-prensa\/consumo-lanza-mayor-campana-monitorizacion-vigilancia-este-black-friday\" rel=\"nofollow noopener\" target=\"_blank\">campa\u00f1a de monitorizaci\u00f3n<\/a> y vigilancia en este Black Friday\u201d, y que pretende detectar, adem\u00e1s de rebajas falsas o enga\u00f1osas, otras \u201cpr\u00e1cticas desleales\u201d y \u201cpatrones oscuros\u201d. Entre estos el Ministerio destaca las t\u00e9cnicas de venta bajo presi\u00f3n, como relojes de cuenta atr\u00e1s irreales o cualquier f\u00f3rmula de venta bajo apremio; precios personalizados basados en datos personales \u201cque pueden generar situaciones discriminatorias\u201d; precios por goteo, una t\u00e9cnica por la cual parte del coste del producto se oculta inicialmente para m\u00e1s adelante pagarlo en gastos posteriores obligatorios que aparecen durante el proceso de compra; comparaciones de precios enga\u00f1osas; o precios din\u00e1micos, que pueden modificar su cantidad durante la adquisici\u00f3n. La campa\u00f1a se extender\u00e1 al Ciber Monday que sigue al Black Friday.<\/p>\n<p>Barrido tecnol\u00f3gico para comprobar infracciones<\/p>\n<p>La operaci\u00f3n de la Direcci\u00f3n General de Consumo asegura que realizar\u00e1 un \u201cbarrido tecnol\u00f3gico\u201d para detectar este tipo de pr\u00e1cticas \u201cque reducen la transparencia y buscan inducir a error a la persona consumidora o que tome decisiones de compra precipitadas\u201d, seg\u00fan se\u00f1alan desde la misma.<\/p>\n<p>Desde el departamento de Bustunduy inciden en que \u201cen promociones y descuentos debe usarse como precio de referencia (esto es, el precio tachado a partir del cual se calcula el importe del descuento) el menor precio que se haya mostrado en los \u00faltimos 30 d\u00edas, tal y como dicta el art\u00edculo 20 de la Ley 7\/71996\u201d.<\/p>\n<p>\u201cNinguna empresa, por grande o poderosa que sea, est\u00e1 por encima de la ley\u201d, ha se\u00f1alado el ministros, asegurando que desde su departamento se van a desplegar \u201ctodos los medios que sean necesarios para garantizar que se respeten los derechos de los consumidores\u201d. \u201cNing\u00fan modelo de negocio puede basarse en la vulneraci\u00f3n de los derechos de las personas consumidoras\u201d, a\u00f1ad\u00eda.<\/p>\n","protected":false},"excerpt":{"rendered":"Aviso para las empresas desde el Ministerio de Derechos Sociales, Consumo y Agenda 2030 en plena campa\u00f1a del&hellip;\n","protected":false},"author":2,"featured_media":260464,"comment_status":"","ping_status":"","sticky":false,"template":"","format":"standard","meta":{"footnotes":""},"categories":[80],"tags":[517,82,95,94,25,24,23],"class_list":{"0":"post-260463","1":"post","2":"type-post","3":"status-publish","4":"format-standard","5":"has-post-thumbnail","7":"category-economia","8":"tag-actualidad","9":"tag-business","10":"tag-economia","11":"tag-economy","12":"tag-es","13":"tag-espana","14":"tag-spain"},"share_on_mastodon":{"url":"https:\/\/pubeurope.com\/@es\/115627898020552890","error":""},"_links":{"self":[{"href":"https:\/\/www.europesays.com\/es\/wp-json\/wp\/v2\/posts\/260463","targetHints":{"allow":["GET"]}}],"collection":[{"href":"https:\/\/www.europesays.com\/es\/wp-json\/wp\/v2\/posts"}],"about":[{"href":"https:\/\/www.europesays.com\/es\/wp-json\/wp\/v2\/types\/post"}],"author":[{"embeddable":true,"href":"https:\/\/www.europesays.com\/es\/wp-json\/wp\/v2\/users\/2"}],"replies":[{"embeddable":true,"href":"https:\/\/www.europesays.com\/es\/wp-json\/wp\/v2\/comments?post=260463"}],"version-history":[{"count":0,"href":"https:\/\/www.europesays.com\/es\/wp-json\/wp\/v2\/posts\/260463\/revisions"}],"wp:featuredmedia":[{"embeddable":true,"href":"https:\/\/www.europesays.com\/es\/wp-json\/wp\/v2\/media\/260464"}],"wp:attachment":[{"href":"https:\/\/www.europesays.com\/es\/wp-json\/wp\/v2\/media?parent=260463"}],"wp:term":[{"taxonomy":"category","embeddable":true,"href":"https:\/\/www.europesays.com\/es\/wp-json\/wp\/v2\/categories?post=260463"},{"taxonomy":"post_tag","embeddable":true,"href":"https:\/\/www.europesays.com\/es\/wp-json\/wp\/v2\/tags?post=260463"}],"curies":[{"name":"wp","href":"https:\/\/api.w.org\/{rel}","templated":true}]}}