{"id":260467,"date":"2025-11-28T14:55:10","date_gmt":"2025-11-28T14:55:10","guid":{"rendered":"https:\/\/www.europesays.com\/es\/260467\/"},"modified":"2025-11-28T14:55:10","modified_gmt":"2025-11-28T14:55:10","slug":"el-presidente-aleman-homenajea-en-guernica-a-las-victimas-del-bombardeo-nazi-de-1937","status":"publish","type":"post","link":"https:\/\/www.europesays.com\/es\/260467\/","title":{"rendered":"El presidente alem\u00e1n homenajea en Guernica a las v\u00edctimas del bombardeo nazi de 1937"},"content":{"rendered":"<p>    <img src=\"https:\/\/www.europesays.com\/es\/wp-content\/uploads\/2025\/11\/2025-11-28T133A383A43Z-90547861.jpg\" width=\"609\" height=\"768\" alt=\"\" loading=\"eager\" decoding=\"sync\" fetchpriority=\"high\"\/><\/p>\n<p>            afp_tickers        <\/p>\n<p>        Este contenido fue publicado en    <\/p>\n<p>        28 noviembre 2025 &#8211; 14:38\n<\/p>\n<p>El presidente de Alemania, Frank-Walter Steinmeier, visit\u00f3 este viernes Guernica y se convirti\u00f3 en el primer jefe de Estado de su pa\u00eds que acude a rendir homenaje a las v\u00edctimas del bombardeo nazi de 1937 en esta localidad vasca, convertida en s\u00edmbolo de denuncia de la guerra.<\/p>\n<p>Junto al rey de Espa\u00f1a Felipe VI, Steinmeier particip\u00f3 en una ceremonia en un cementerio de la ciudad en memoria de los centenares de v\u00edctimas de este bombardeo, lanzado en abril de 1937 para apoyar a las tropas del general Francisco Franco durante la Guerra Civil espa\u00f1ola (1936-1939).<\/p>\n<p>Ambos deben visitar m\u00e1s tarde el Museo de la Paz, que recuerda esta tragedia cuya huella contin\u00faa muy presente en la memoria de los habitantes del Pa\u00eds Vasco, en el norte de Espa\u00f1a.\u00a0<\/p>\n<p>Antes de Frank-Walter Steinmeier, que arranc\u00f3 el mi\u00e9rcoles una visita de Estado de tres d\u00edas en Espa\u00f1a, ning\u00fan presidente o canciller alem\u00e1n hab\u00eda visitado esta localidad vasca.\u00a0<\/p>\n<p>Durante una cena oficial el mi\u00e9rcoles en Madrid, el presidente alem\u00e1n ya hab\u00eda afirmado que consideraba muy importante que los alemanes \u00abno olviden lo que ocurri\u00f3, que ese crimen fue cometido por alemanes\u00bb, en referencia a lo ocurrido en Guernica, que \u00abconstituye una pesada culpa\u00bb.\u00a0<\/p>\n<p>\u00abGuernica es un recordatorio, un recordatorio de que apoyamos la paz, la libertad y la defensa de los derechos humanos\u00bb, asegur\u00f3 en el Palacio Real, ante el rey Felipe VI y la reina Letizia, entre otros.\u00a0<\/p>\n<p>En 1997, al cumplirse el 60 aniversario del bombardeo en Guernica, el entonces presidente alem\u00e1n, Roman Herzog, fue el primer dirigente de su pa\u00eds en reconocer la \u00abimplicaci\u00f3n culpable de pilotos alemanes\u00bb en lo ocurrido y pidi\u00f3 perd\u00f3n al pueblo espa\u00f1ol en un discurso le\u00eddo en Guernica ese d\u00eda, en su ausencia, por el embajador alem\u00e1n en Espa\u00f1a.\u00a0<\/p>\n<p>\u2013 S\u00edmbolo universal \u2013<\/p>\n<p>\u00abA ustedes, sobrevivientes de este ataque, a ustedes testigos del horror, dirijo mi mensaje de recuerdo, de solidaridad y de duelo\u00bb, indicaba entonces el texto de Herzog, refiri\u00e9ndose a Guernica como \u00abel s\u00edmbolo de una guerra contra una poblaci\u00f3n civil sin defensa y de una forma tan horrible como imprevista\u00bb.<\/p>\n<p>Durante el primer d\u00eda de su viaje oficial, Steinmeier visit\u00f3 el mi\u00e9rcoles el museo Reina Sof\u00eda en Madrid, donde se exhibe el \u00abGuernica\u00bb, la imponente obra de Pablo Picasso dedicada a la tragedia.\u00a0<\/p>\n<p>Con 7,8 m de largo por 3,5 m de alto, y pintada casi inmediatamente despu\u00e9s del bombardeo para integrar el pabell\u00f3n de Espa\u00f1a en la Exposici\u00f3n Internacional de Par\u00eds en 1937, la obra se convirti\u00f3 en un s\u00edmbolo universal de denuncia de la guerra y del sufrimiento de los civiles.\u00a0<\/p>\n<p>Diez d\u00edas antes de la visita de Steinmeier, el presidente ucraniano Volodimir Zelenski tambi\u00e9n acudi\u00f3 a ver el cuadro acompa\u00f1ado por el presidente del gobierno espa\u00f1ol, Pedro S\u00e1nchez. El l\u00edder ucraniano hab\u00eda comparado en el pasado las atrocidades vividas por los habitantes de la localidad vasca hace casi 90 a\u00f1os con la invasi\u00f3n rusa a su pa\u00eds desde 2022.\u00a0<\/p>\n<p>En abril de 1937, unos cincuenta aviones se relevaron en varias oleadas sucesivas para lanzar sobre Guernica alrededor de 30 toneladas de bombas, incluyendo artefactos incendiarios utilizados por primera vez. \u00a0<\/p>\n<p>Los historiadores consideran que Guernica fue la primera ciudad del mundo completamente destruida por un bombardeo a\u00e9reo en lo que fue, seg\u00fan los especialistas, un banco de pruebas para la aviaci\u00f3n alemana, cuya Legi\u00f3n C\u00f3ndor -entonces en Espa\u00f1a para ayudar al bando franquista- representaba la \u00e9lite.\u00a0<\/p>\n<p>El viaje de Frank-Walter Steinmeier a Espa\u00f1a se produce apenas d\u00edas despu\u00e9s del 50 aniversario de la muerte de Francisco Franco, fallecido el 20 de noviembre de 1975 tras varias d\u00e9cadas de dictadura (1939-1975), y cuyo legado sigue dividiendo profundamente a la sociedad espa\u00f1ola.<\/p>\n<p>fs-rbj-mdm\/rs\/avl<\/p>\n","protected":false},"excerpt":{"rendered":"afp_tickers Este contenido fue publicado en 28 noviembre 2025 &#8211; 14:38 El presidente de Alemania, Frank-Walter Steinmeier, visit\u00f3&hellip;\n","protected":false},"author":2,"featured_media":260468,"comment_status":"","ping_status":"","sticky":false,"template":"","format":"standard","meta":{"footnotes":""},"categories":[8],"tags":[635,17,18,636,83,25,24,13,14,11,24455,53916,86,19,20,9,10,15,16,88,20122,53917,23,90,12,21,22],"class_list":{"0":"post-260467","1":"post","2":"type-post","3":"status-publish","4":"format-standard","5":"has-post-thumbnail","7":"category-espana","8":"tag-armed-conflict","9":"tag-breaking-news","10":"tag-breakingnews","11":"tag-conflict","12":"tag-diplomacy","13":"tag-es","14":"tag-espana","15":"tag-featured-news","16":"tag-featurednews","17":"tag-headlines","18":"tag-history","19":"tag-human-science","20":"tag-international-relations","21":"tag-latest-news","22":"tag-latestnews","23":"tag-news","24":"tag-noticias","25":"tag-noticias-destacadas","26":"tag-noticiasdestacadas","27":"tag-politics","28":"tag-sci-tech","29":"tag-social-sciences","30":"tag-spain","31":"tag-ticker","32":"tag-titulares","33":"tag-ultimas-noticias","34":"tag-ultimasnoticias"},"share_on_mastodon":{"url":"https:\/\/pubeurope.com\/@es\/115627906124874127","error":""},"_links":{"self":[{"href":"https:\/\/www.europesays.com\/es\/wp-json\/wp\/v2\/posts\/260467","targetHints":{"allow":["GET"]}}],"collection":[{"href":"https:\/\/www.europesays.com\/es\/wp-json\/wp\/v2\/posts"}],"about":[{"href":"https:\/\/www.europesays.com\/es\/wp-json\/wp\/v2\/types\/post"}],"author":[{"embeddable":true,"href":"https:\/\/www.europesays.com\/es\/wp-json\/wp\/v2\/users\/2"}],"replies":[{"embeddable":true,"href":"https:\/\/www.europesays.com\/es\/wp-json\/wp\/v2\/comments?post=260467"}],"version-history":[{"count":0,"href":"https:\/\/www.europesays.com\/es\/wp-json\/wp\/v2\/posts\/260467\/revisions"}],"wp:featuredmedia":[{"embeddable":true,"href":"https:\/\/www.europesays.com\/es\/wp-json\/wp\/v2\/media\/260468"}],"wp:attachment":[{"href":"https:\/\/www.europesays.com\/es\/wp-json\/wp\/v2\/media?parent=260467"}],"wp:term":[{"taxonomy":"category","embeddable":true,"href":"https:\/\/www.europesays.com\/es\/wp-json\/wp\/v2\/categories?post=260467"},{"taxonomy":"post_tag","embeddable":true,"href":"https:\/\/www.europesays.com\/es\/wp-json\/wp\/v2\/tags?post=260467"}],"curies":[{"name":"wp","href":"https:\/\/api.w.org\/{rel}","templated":true}]}}