{"id":260469,"date":"2025-11-28T14:56:08","date_gmt":"2025-11-28T14:56:08","guid":{"rendered":"https:\/\/www.europesays.com\/es\/260469\/"},"modified":"2025-11-28T14:56:08","modified_gmt":"2025-11-28T14:56:08","slug":"la-universidad-de-cadiz-y-rtve-firman-un-convenio-para-impulsar-la-formacion-audiovisual-abierta-a-toda-la-ciudadania-portal-uca","status":"publish","type":"post","link":"https:\/\/www.europesays.com\/es\/260469\/","title":{"rendered":"La Universidad de C\u00e1diz y RTVE firman un convenio para impulsar la formaci\u00f3n audiovisual abierta a toda la ciudadan\u00eda \u2013 Portal UCA"},"content":{"rendered":"<blockquote>\n<p style=\"text-align: center;\"><strong>La UCA se integra en la red de colaboradores del Proyecto HAZ, que ofrece cursos on line y formaciones, entre las que se encuentra la que tendr\u00e1 lugar en la tarde de este viernes en Filosof\u00eda y Letras<\/strong><\/p>\n<\/blockquote>\n<p>La <strong>Universidad de C\u00e1diz<\/strong> y la <strong>Corporaci\u00f3n de Radio Televisi\u00f3n Espa\u00f1ola (RTVE)<\/strong> han suscrito un convenio de colaboraci\u00f3n para fomentar la formaci\u00f3n en competencias digitales y audiovisuales, en el marco del <strong>Proyecto HAZ<\/strong> y con el apoyo de los fondos <strong>europeos Next Generation<\/strong>. El acto de firma ha tenido lugar este viernes en la sala Lequerica del Edificio Constituci\u00f3n de 1812 del Campus de C\u00e1diz, con la participaci\u00f3n de <strong>Sonsoles Miranda<\/strong>, responsable de Relaciones Institucionales del Proyecto HAZ; <strong>Leticia Rodr\u00edguez<\/strong>, directora general de Comunicaci\u00f3n Estrat\u00e9gica de la UCA; y <strong>Bruto Pomeroy<\/strong>, coordinador t\u00e9cnico de la Escuela de Cine de la Universidad de C\u00e1diz.<\/p>\n<p>Este acuerdo sit\u00faa a la Universidad de C\u00e1diz dentro de una red <strong>estatal de colaboraci\u00f3n<\/strong> con RTVE Instituto, junto a otras universidades como la de Valencia, Salamanca o la Polit\u00e9cnica de Madrid. El objetivo es facilitar el acceso a una oferta de formaci\u00f3n especializada y de alta calidad, en l\u00ednea y flexible, <strong>dirigida tanto al alumnado universitario como al conjunto de la ciudadan\u00eda<\/strong>.<\/p>\n<p>Durante su intervenci\u00f3n, Miranda ha explicado que los cursos se agrupan en <strong>cinco grandes \u00e1reas<\/strong> -imagen, sonido, negocio audiovisual, inteligencia artificial y tecnolog\u00eda aplicada-, y que est\u00e1n dise\u00f1ados por profesionales del sector. \u201cSon formaciones generadas por profesionales con una <strong>calidad muy alta<\/strong>. Va a ser interesante para esta ciudadan\u00eda\u201d, ha se\u00f1alado, destacando tambi\u00e9n el car\u00e1cter abierto del proyecto: <strong>cualquier persona mayor de 16 a\u00f1os<\/strong> puede acceder a estas microcredenciales. \u201cAl ser cursos online y flexibles, para mucha gente es la \u00fanica posibilidad de hacer este tipo de formaciones. El feedback est\u00e1 siendo muy positivo\u201d, ha afirmado.<\/p>\n<p>Miranda ha subrayado que el convenio cuenta con financiaci\u00f3n asegurada <strong>hasta el 30 de junio de 2026<\/strong> y que, desde RTVE Instituto, se trabaja para garantizar la continuidad de la infraestructura creada: \u201cNuestra intenci\u00f3n es que esta formaci\u00f3n y los recursos generados sigan activos en el futuro\u201d.<\/p>\n<p>En representaci\u00f3n de la UCA, Leticia Rodr\u00edguez ha expresado el compromiso de la universidad con la difusi\u00f3n del acuerdo y con la <strong>promoci\u00f3n del conocimiento<\/strong> en torno a las iniciativas del instituto RTVE. \u201cCreemos que es necesario que la gente conozca este convenio y que sepa que puede participar en estos cursos. Nuestra comunidad estudiantil, especialmente la vinculada al \u00e1mbito de la comunicaci\u00f3n, puede beneficiarse enormemente\u201d, ha afirmado.<\/p>\n<p>Rodr\u00edguez ha recordado que la UCA ya cuenta con el Grado en Publicidad y Relaciones P\u00fablicas y que en los pr\u00f3ximos cursos se implantar\u00e1 el <strong>Grado en Comunicaci\u00f3n Audiovisual y Digital<\/strong>, por lo que este convenio representa \u201cun primer paso muy valioso para ese futuro acad\u00e9mico\u201d. Adem\u00e1s, ha insistido en que estas formaciones tambi\u00e9n son una oportunidad de actualizaci\u00f3n para el personal docente, investigador y t\u00e9cnico de la universidad: \u201cLa universidad tiene que estar a la <strong>vanguardia en competencias digitales y audiovisuales<\/strong>\u201d.<\/p>\n<p>Por su parte, <strong>Bruto Pomeroy<\/strong> ha valorado el impacto que este tipo de iniciativas puede tener en la formaci\u00f3n de <strong>nuevos perfiles profesionales<\/strong>: \u201cEl cine de hace 15 a\u00f1os no tiene nada que ver con el de ahora. <strong>La actualizaci\u00f3n es imprescindible<\/strong>, y este acuerdo marca un antes y un despu\u00e9s\u201d. Pomeroy ha adelantado, como parte de la programaci\u00f3n que el servicio de Extensi\u00f3n Universitaria de la Universidad de C\u00e1diz realiza en el sector audiovisual, que Javier Olivares, creador de la serie El Ministerio del Tiempo, ser\u00e1 uno de los docentes que impartir\u00e1 un curso en la UCA.<\/p>\n<p>Como parte de la jornada, est\u00e1 prevista para la tarde de este viernes una clase magistral del productor <strong>Gustavo Cotta<\/strong>, abierta como presentaci\u00f3n pr\u00e1ctica del convenio, reforzando as\u00ed el enfoque aplicado de este acuerdo. La charla, que tendr\u00e1 lugar a las 17 horas en el Sal\u00f3n de Grados de la Facultad de Filosof\u00eda y Letras, lleva por nombre Cinco y acci\u00f3n, emociona y emoci\u00f3nate. Descubre tu arte de narrar.<\/p>\n","protected":false},"excerpt":{"rendered":"La UCA se integra en la red de colaboradores del Proyecto HAZ, que ofrece cursos on line y&hellip;\n","protected":false},"author":2,"featured_media":260470,"comment_status":"","ping_status":"","sticky":false,"template":"","format":"standard","meta":{"footnotes":""},"categories":[5],"tags":[17,18,25,24,13,14,11,19,20,9,10,15,16,23,12,21,22],"class_list":{"0":"post-260469","1":"post","2":"type-post","3":"status-publish","4":"format-standard","5":"has-post-thumbnail","7":"category-titulares","8":"tag-breaking-news","9":"tag-breakingnews","10":"tag-es","11":"tag-espana","12":"tag-featured-news","13":"tag-featurednews","14":"tag-headlines","15":"tag-latest-news","16":"tag-latestnews","17":"tag-news","18":"tag-noticias","19":"tag-noticias-destacadas","20":"tag-noticiasdestacadas","21":"tag-spain","22":"tag-titulares","23":"tag-ultimas-noticias","24":"tag-ultimasnoticias"},"share_on_mastodon":{"url":"https:\/\/pubeurope.com\/@es\/115627909698894450","error":""},"_links":{"self":[{"href":"https:\/\/www.europesays.com\/es\/wp-json\/wp\/v2\/posts\/260469","targetHints":{"allow":["GET"]}}],"collection":[{"href":"https:\/\/www.europesays.com\/es\/wp-json\/wp\/v2\/posts"}],"about":[{"href":"https:\/\/www.europesays.com\/es\/wp-json\/wp\/v2\/types\/post"}],"author":[{"embeddable":true,"href":"https:\/\/www.europesays.com\/es\/wp-json\/wp\/v2\/users\/2"}],"replies":[{"embeddable":true,"href":"https:\/\/www.europesays.com\/es\/wp-json\/wp\/v2\/comments?post=260469"}],"version-history":[{"count":0,"href":"https:\/\/www.europesays.com\/es\/wp-json\/wp\/v2\/posts\/260469\/revisions"}],"wp:featuredmedia":[{"embeddable":true,"href":"https:\/\/www.europesays.com\/es\/wp-json\/wp\/v2\/media\/260470"}],"wp:attachment":[{"href":"https:\/\/www.europesays.com\/es\/wp-json\/wp\/v2\/media?parent=260469"}],"wp:term":[{"taxonomy":"category","embeddable":true,"href":"https:\/\/www.europesays.com\/es\/wp-json\/wp\/v2\/categories?post=260469"},{"taxonomy":"post_tag","embeddable":true,"href":"https:\/\/www.europesays.com\/es\/wp-json\/wp\/v2\/tags?post=260469"}],"curies":[{"name":"wp","href":"https:\/\/api.w.org\/{rel}","templated":true}]}}