{"id":260471,"date":"2025-11-28T15:00:10","date_gmt":"2025-11-28T15:00:10","guid":{"rendered":"https:\/\/www.europesays.com\/es\/260471\/"},"modified":"2025-11-28T15:00:10","modified_gmt":"2025-11-28T15:00:10","slug":"andres-gallegos-juega-en-australia-en-su-debut-en-el-dp-world-tour","status":"publish","type":"post","link":"https:\/\/www.europesays.com\/es\/260471\/","title":{"rendered":"Andr\u00e9s Gallegos juega en Australia en su debut en el DP World Tour"},"content":{"rendered":"<p><img fetchpriority=\"high\" decoding=\"async\" class=\"size-full wp-image-51562\" src=\"https:\/\/www.europesays.com\/es\/wp-content\/uploads\/2025\/11\/andy-gallegos-slide-pru.jpg\" alt=\"\" width=\"1903\" height=\"640\"  \/><\/p>\n<p>Primera ronda suspendida debido a actividad el\u00e9ctrica en el Royal Queensland GC. Status de Andr\u00e9s Gallegos al momento de la suspensi\u00f3n. Birdie al 13; Bogeys al 14 y 16. Ocho hoyos jugados; Parcial de +1.<\/p>\n<p><strong>Informaci\u00f3n previa. 26\/11.<\/strong><\/p>\n<p>Andr\u00e9s Gallegos hace su debut en el DP World Tour (ex European Tour) en el BMW Australian PGA Championship. El certamen tiene lugar en Par 71 del Royal Queensland GC y el horario de su ronda es el de las 23:50 de este mi\u00e9rcoles en Argentina.<\/p>\n<p>El jugador del Aero Club Fort\u00edn Lobos, Provincia de Buenos Aires, gan\u00f3 la tarjeta al circuito del viejo continenete semanas en la etapa final de la clasificaci\u00f3n en Espa\u00f1a. All\u00ed sum\u00f3 un total de 410 golpes, -18, luego de jugar seis vueltas para terminar en el d\u00e9cimo sexto puesto. Con el status que adquiri\u00f3, ser\u00e1 parte de quince eventos del calendario 2026.<\/p>\n<p>Gallegos, que supo ser protagonista en el calendario de la AAG en sus tiempos de Aficionado, representando incluso a la Argentina en distintos cert\u00e1menes de orden mundial, militar\u00e1 en el circuito donde otros argentinos dejaron su marca, como \u00c1ngel Cabrera, Eduardo Romero, Vicente Fern\u00e1ndez, Andr\u00e9s Romero, Ricardo Gonz\u00e1lez, Tano Goya, Daniel Vancsik, Ariel Ca\u00f1ete, Jorge Berendt, C\u00e9sar Monasterio y Gustavo Rojas, entre otros.<\/p>\n<p><a href=\"https:\/\/www.europeantour.com\/dpworld-tour\/bmw-australian-pga-championship-2026\/leaderboard?round=1\" target=\"_blank\" rel=\"noopener nofollow\"><strong>Leaderboard on Line<\/strong><\/a><\/p>\n","protected":false},"excerpt":{"rendered":"Primera ronda suspendida debido a actividad el\u00e9ctrica en el Royal Queensland GC. Status de Andr\u00e9s Gallegos al momento&hellip;\n","protected":false},"author":2,"featured_media":260472,"comment_status":"","ping_status":"","sticky":false,"template":"","format":"standard","meta":{"footnotes":""},"categories":[275],"tags":[168,25,24,329,23,167],"class_list":{"0":"post-260471","1":"post","2":"type-post","3":"status-publish","4":"format-standard","5":"has-post-thumbnail","7":"category-golf","8":"tag-deportes","9":"tag-es","10":"tag-espana","11":"tag-golf","12":"tag-spain","13":"tag-sports"},"share_on_mastodon":{"url":"https:\/\/pubeurope.com\/@es\/115627925991694728","error":""},"_links":{"self":[{"href":"https:\/\/www.europesays.com\/es\/wp-json\/wp\/v2\/posts\/260471","targetHints":{"allow":["GET"]}}],"collection":[{"href":"https:\/\/www.europesays.com\/es\/wp-json\/wp\/v2\/posts"}],"about":[{"href":"https:\/\/www.europesays.com\/es\/wp-json\/wp\/v2\/types\/post"}],"author":[{"embeddable":true,"href":"https:\/\/www.europesays.com\/es\/wp-json\/wp\/v2\/users\/2"}],"replies":[{"embeddable":true,"href":"https:\/\/www.europesays.com\/es\/wp-json\/wp\/v2\/comments?post=260471"}],"version-history":[{"count":0,"href":"https:\/\/www.europesays.com\/es\/wp-json\/wp\/v2\/posts\/260471\/revisions"}],"wp:featuredmedia":[{"embeddable":true,"href":"https:\/\/www.europesays.com\/es\/wp-json\/wp\/v2\/media\/260472"}],"wp:attachment":[{"href":"https:\/\/www.europesays.com\/es\/wp-json\/wp\/v2\/media?parent=260471"}],"wp:term":[{"taxonomy":"category","embeddable":true,"href":"https:\/\/www.europesays.com\/es\/wp-json\/wp\/v2\/categories?post=260471"},{"taxonomy":"post_tag","embeddable":true,"href":"https:\/\/www.europesays.com\/es\/wp-json\/wp\/v2\/tags?post=260471"}],"curies":[{"name":"wp","href":"https:\/\/api.w.org\/{rel}","templated":true}]}}