{"id":260475,"date":"2025-11-28T15:02:13","date_gmt":"2025-11-28T15:02:13","guid":{"rendered":"https:\/\/www.europesays.com\/es\/260475\/"},"modified":"2025-11-28T15:02:13","modified_gmt":"2025-11-28T15:02:13","slug":"florian-lipowitz-el-fichaje-que-nadie-veia-venir","status":"publish","type":"post","link":"https:\/\/www.europesays.com\/es\/260475\/","title":{"rendered":"Florian Lipowitz, el fichaje que nadie ve\u00eda venir"},"content":{"rendered":"<p>A finales de 2026 concluye el contrato de Florian Lipowitz, flamante podio en la \u00faltima edici\u00f3n del Tour de Francia, con Red Bull-BORA-hansgrohe. Lidl-Trek en su af\u00e1n por constituir un equipo de primer\u00edsimo nivel no ha dudado en tirar la ca\u00f1a y ha empezado a moverse para incorporar al ciclista alem\u00e1n a sus filas de cara a la temporada 2027.<\/p>\n<p><img class=\" lazyload\" border=\"0\" alt=\"Movimiento inesperado: Florian Lipowitz, el fichaje que nadie ve\u00eda venir\" width=\"3840\" height=\"2560\"  data-\/><\/p>\n<p>Anunciaba el diario belga Het Laaste Niewsblad el inter\u00e9s de Lidl-Trek por ficha a Florian Lipowitz de cara a la temporada 2027 cuando el alem\u00e1n finalice su actual contrato con Red Bull-BORA-hansgrohe.<\/p>\n<p><img class=\" lazyload\" border=\"0\" alt=\"Movimiento inesperado: Florian Lipowitz, el fichaje que nadie ve\u00eda venir\" width=\"1500\" height=\"1000\"  data-\/><\/p>\n<p>Un movimiento que deja claro la ambici\u00f3n del equipo norteamericano que ya cuenta con Mattias Skjelmose y la reciente incorporaci\u00f3n de Juan Ayuso como grandes apuestas de cara a las vueltas y que, con el a\u00f1adido de Florian Lipowitz, subir\u00eda su nivel muchos puntos.<\/p>\n<p>La propuesta para atraerle pasa por darle garant\u00edas de liderato y un calendario totalmente adaptado a su gusto algo que, si cabe, podr\u00eda producir tensiones en el seno de la plantilla. De hecho, ya se encarg\u00f3 Skjelmose de marcar territorio antes la llegada de Ayuso con unas declaraciones en las que dec\u00eda \u201cNo creo que venga para ser gregario\u201d en clara alusi\u00f3n a la presumible falta de compa\u00f1erismo del alicantino que desemboc\u00f3 en su salida de UAE.<\/p>\n<p><img class=\" lazyload\" border=\"0\" alt=\"Movimiento inesperado: Florian Lipowitz, el fichaje que nadie ve\u00eda venir\" width=\"5760\" height=\"2432\"  data-\/><\/p>\n<p>La llegada de Florian Lipowitz supondr\u00eda otro punto de fricci\u00f3n m\u00e1s de cara a determinar qui\u00e9n asume los galones cuando lleguen las grandes citas del calendario.<\/p>\n<p>Sin embargo, seg\u00fan apuntan algunos medios, Red Bull-BORA-hansgrohe ya habr\u00eda movido ficha ante el inter\u00e9s de Lidl-Trek y habr\u00eda comenzado a negociar la renovaci\u00f3n de uno de sus mejores ciclistas aunque queda tambi\u00e9n por determinar en el seno del equipo alem\u00e1n, su posici\u00f3n tras la llegada de Remco Evenepoel a la plantilla y que, sin duda, significar\u00e1 que no pueda gozar de la misma libertad y protagonismo con que cont\u00f3 Florian Lipowitz en la temporada 2025.<\/p>\n","protected":false},"excerpt":{"rendered":"A finales de 2026 concluye el contrato de Florian Lipowitz, flamante podio en la \u00faltima edici\u00f3n del Tour&hellip;\n","protected":false},"author":2,"featured_media":260476,"comment_status":"","ping_status":"","sticky":false,"template":"","format":"standard","meta":{"footnotes":""},"categories":[273],"tags":[313,312,168,25,24,23,167],"class_list":{"0":"post-260475","1":"post","2":"type-post","3":"status-publish","4":"format-standard","5":"has-post-thumbnail","7":"category-ciclismo","8":"tag-ciclismo","9":"tag-cycling","10":"tag-deportes","11":"tag-es","12":"tag-espana","13":"tag-spain","14":"tag-sports"},"share_on_mastodon":{"url":"https:\/\/pubeurope.com\/@es\/115627933263575789","error":""},"_links":{"self":[{"href":"https:\/\/www.europesays.com\/es\/wp-json\/wp\/v2\/posts\/260475","targetHints":{"allow":["GET"]}}],"collection":[{"href":"https:\/\/www.europesays.com\/es\/wp-json\/wp\/v2\/posts"}],"about":[{"href":"https:\/\/www.europesays.com\/es\/wp-json\/wp\/v2\/types\/post"}],"author":[{"embeddable":true,"href":"https:\/\/www.europesays.com\/es\/wp-json\/wp\/v2\/users\/2"}],"replies":[{"embeddable":true,"href":"https:\/\/www.europesays.com\/es\/wp-json\/wp\/v2\/comments?post=260475"}],"version-history":[{"count":0,"href":"https:\/\/www.europesays.com\/es\/wp-json\/wp\/v2\/posts\/260475\/revisions"}],"wp:featuredmedia":[{"embeddable":true,"href":"https:\/\/www.europesays.com\/es\/wp-json\/wp\/v2\/media\/260476"}],"wp:attachment":[{"href":"https:\/\/www.europesays.com\/es\/wp-json\/wp\/v2\/media?parent=260475"}],"wp:term":[{"taxonomy":"category","embeddable":true,"href":"https:\/\/www.europesays.com\/es\/wp-json\/wp\/v2\/categories?post=260475"},{"taxonomy":"post_tag","embeddable":true,"href":"https:\/\/www.europesays.com\/es\/wp-json\/wp\/v2\/tags?post=260475"}],"curies":[{"name":"wp","href":"https:\/\/api.w.org\/{rel}","templated":true}]}}