{"id":260479,"date":"2025-11-28T15:05:10","date_gmt":"2025-11-28T15:05:10","guid":{"rendered":"https:\/\/www.europesays.com\/es\/260479\/"},"modified":"2025-11-28T15:05:10","modified_gmt":"2025-11-28T15:05:10","slug":"sergio-francisco-pone-fecha-a-oyarzabal-confirma-a-zubeldia-y-responde-a-sadiq-y-take-kubo","status":"publish","type":"post","link":"https:\/\/www.europesays.com\/es\/260479\/","title":{"rendered":"Sergio Francisco pone fecha a Oyarzabal, confirma a Zubeldia y responde a Sadiq y Take Kubo"},"content":{"rendered":"\n<p>M\u00e1s noticias<\/p>\n<p><a class=\"info_masnoticias\" href=\"https:\/\/www.eldesmarque.com\/futbol\/real-sociedad\/\" rel=\"nofollow noopener\" target=\"_blank\"><br \/>\nM\u00e1s de<br \/>\nM\u00e1s noticias de<br \/>\nReal Sociedad<br \/>\n<\/a><\/p>\n<p><strong>Sergio Francisco<\/strong>, entrenador de la <strong>Real Sociedad<\/strong>, ha pasado este viernes por sala de prensa dos d\u00edas antes del <a href=\"https:\/\/www.eldesmarque.com\/futbol\/liga-1a-division\/20251029\/horarios-fechas-tv-partidos-jornada-14_300795691.html\" rel=\"nofollow noopener\" target=\"_blank\">partido ante el Villarreal CF<\/a>. El t\u00e9cnico ha respondido hasta cuatro preguntas sobre la <a href=\"https:\/\/www.eldesmarque.com\/futbol\/real-sociedad\/20251127\/mikel-oyarzabal-lesion-real-sociedad-parte-medico-tiempo-baja_300819925.html\" rel=\"nofollow noopener\" target=\"_blank\">lesi\u00f3n de Mikel Oyarzabal<\/a>, mostr\u00e1ndose optimista para que pueda reaparecer un poco antes del par\u00f3n de Navidad. Adem\u00e1s, tambi\u00e9n ha analizado al equipo de <strong>Marcelino Garc\u00eda Toral<\/strong> y a otros jugadores como <strong>Take Kubo, Gorka Carrera o Umar Sadiq<\/strong>.<\/p>\n<p>Las cuatro preguntas a Sergio Francisco de Oyarzabal<\/p>\n<p><strong>Lesi\u00f3n de Oyarzabal y c\u00f3mo est\u00e1 el equipo<\/strong>: \u00abMikel est\u00e1 tranquilo, ha sido una pena, pero est\u00e1 confiado en que se va a recuperar pronto. Le veo tranquilo. Y el equipo bien, hemos hecho una buena semana. Con confianza de la racha de los \u00faltimos partidos. Ojal\u00e1 podamos llevarlo al domingo\u00bb.<\/p>\n<p><strong>Qu\u00e9 supone perder a Oyarzabal<\/strong>: \u00abHemos hablado mucho de \u00e9l. Estoy totalmente de acuerdo, es muy muy importante. Era el \u00fanico que met\u00eda gol, el que ten\u00eda la mejor mentalidad, pero en el grupo hay muchos que empujan. Hay muchos que pueden dar ese paso. Hay gente que se a\u00f1ade a esa capacidad de hacer gol. Mikel estar\u00e1 aunque no sea en el campo y ojal\u00e1 se recupere pronto, pero con los que estamos, plena confianza\u00bb.<\/p>\n<p><strong>\u00bfVe\u00edas venir lo de Oyarzabal?<\/strong>: \u00abNo, rotundamente no. Si lo hubi\u00e9ramos visto, le hubi\u00e9ramos quitado entrenamientos. Hemos estado en conversaciones. Es una lesi\u00f3n m\u00e1s, m\u00e1s all\u00e1 de la din\u00e1mica de exigencia. Le hemos cuidado, a todos para que este no pase. La lesi\u00f3n es parte de esto y ha tocado. Lo importante es recuperarse bien\u00bb.<\/p>\n<p><strong>Tiempo de baja de Oyarzabal<\/strong>: \u00abYo conf\u00edo en que s\u00ed (pueda volver antes de Navidad). Veremos la evoluci\u00f3n. No queremos adelantar procesos. Cuando est\u00e9n para volver, tienen que estar preparados. Soy optimista por naturaleza, pero hay que ir pisando el terreno y ver la evoluci\u00f3n. Ojal\u00e1 podamos contar con \u00e9l antes de final de a\u00f1o\u00bb.<\/p>\n<p>El Villarreal, los delanteros, Zubeldia y Gorka Carrera<\/p>\n<p><strong>Villarreal, clave para medir aspiraciones<\/strong>: \u00abNo creo que sea determinante, pero s\u00ed importante. Por la din\u00e1mica y por el rival, de los de verdad, con mejor puntuaci\u00f3n en LaLiga. Es un reto, sabiendo que en casa tenemos que buscar los tres puntos. Nos dar\u00eda ese punto para creer que podemos ganar a cualquiera. Cada d\u00eda hemos competido contra cualquiera y creo que el domingo tambi\u00e9n\u00bb.<\/p>\n<p><strong>Pocos delanteros. \u00bfCambio de cromos arriba?<\/strong>: \u00abTenemos delanteros. A Gorka hoy, est\u00e1 Sadiq, con todos los jugadores ofensivos pensaremos lo mejor ante el Villarreal y elegiremos el once que nos va a ayudar al inicio y al final\u00bb.<\/p>\n<p><strong>Zubeldia, \u00bfpara jugar?<\/strong>: \u00abLe intentamos meter la semana pasada, le hemos cuidado esta. Est\u00e1 preparado para todo ma\u00f1ana\u00bb.<\/p>\n<p><strong>Las contras del Villarreal<\/strong>: \u00abDestaca por muchas cosas. Con m\u00e1s puertas a cero, cuatro victorias seguidas, sensaci\u00f3n de ganar fuera y en casa de manera habitual. Aprieta alto, defiende bien en 4-4-2, activa transiciones con mucha capacidad. Tendremos que hacer un partido muy completo y cuidar las p\u00e9rdidas. Atacar bien, defender cuando toque. Si queremos ganar, tenemos que hacer un partido muy completo\u00bb.<\/p>\n<p><strong>Gorka Carrera, \u00bfpreparado para el primer equipo?<\/strong>: \u00abEn el par\u00f3n aprovechamos con varios jugadores del Sanse. A Gorka se le abre la v\u00eda. Con el a\u00f1o que est\u00e1 haciendo, le veo preparado. Si tiene participaci\u00f3n, convencido de que lo har\u00e1 muy bien. Veremos c\u00f3mo va el partido, pero est\u00e1 con nosotros porque nos puede ayudar\u00bb.<\/p>\n<p><strong>9 de 13 jornadas empieza perdiendo<\/strong>: \u00abNos gustar\u00eda corregirlo, lo intentamos desde las primeras jornadas. Tenemos que ser m\u00e1s eficientes, m\u00e1s equilibrados para generar y que te generen lo menos posible. Estamos mejor, pero hemos estado por detr\u00e1s m\u00e1s tiempo que por delante. Ojal\u00e1 eso cambie\u00bb.<\/p>\n<p>Sergio Francisco, sobre Take Kubo\u00a0 o Sadiq<\/p>\n<p><strong>Qu\u00e9 esperas de Take Kubo<\/strong>: \u00abYo no le he sentido ausente. No ha sido el inicio que esper\u00e1bamos. La lesi\u00f3n de tobillo par\u00f3 el crecimiento y el proceso. Le veo muy bien, est\u00e1 recuperado, le veo siendo el Take del inicio. Es lo suficientemente importante para ayudar much\u00edsimo, ser protagonista y pedir su mejor versi\u00f3n. Estamos cerca de ver el mejor Take\u00bb.<\/p>\n<p><strong>Sadiq y la opci\u00f3n de ser titular<\/strong>: \u00abLe llamar\u00eda f\u00fatbol. Las cosas en varios meses pueden cambiar mucho. Se ha ido ganando las cosas poco a poco, primero con minutos, demostrando que podemos contar con \u00e9l. Si se da que arranque de inicio, seguro que lo hace bien. Est\u00e1 capacitado y tiene virtudes. Ya sea de principio o de banquillo, nos puede ayudar\u00bb.<\/p>\n<p><strong>Qu\u00e9 ha cambiado en el vestuario<\/strong>: \u00abSer\u00eda pregunta para los jugadores. Yo siempre he sentido el apoyo de la plantilla. Eso me hac\u00eda estar tranquilo. Les veo m\u00e1s sueltos en confianza, de atrevernos m\u00e1s. La idea es seguir creciendo y mejorando\u00bb.<\/p>\n<p><strong>Galones para dar el relevo a Oyarzabal<\/strong>: \u00abLos diez que arranquen de inicio tienen que coger la responsabilidad de pedirle, tener disponibilidad, ir a cada duelo. No tendremos una referencia tan clara, pero hay jugadores con experiencia\u00bb.<\/p>\n<p><strong>Distinto planteamiento por el 9<\/strong>: \u00abNo me cambia. Seremos un equipo m\u00e1s imprevisible, menos detectable. Depende qui\u00e9n juegue, Zakha, Guedes, Take, Barrene, Goti\u2026 Cuantos m\u00e1s sumemos en la parte ofensiva, buenas noticias para nosotros. Ya no tenemos una alineaci\u00f3n tan f\u00e1cil, todos han dado buen nivel. Es una buena noticia para la gesti\u00f3n del 60-30, el inicio del final. Necesitamos un buen plan y que los que entren puedan ayudar\u00bb.<\/p>\n<p><strong>El Villarreal, \u00bfa otro nivel?<\/strong>: \u00abTenemos que medirnos. Tienen quiz\u00e1 la mejor plantilla de su historia, un plantill\u00f3n para la Champions, muchos recursos. Iremos a tratar de t\u00fa a t\u00fa, a ser protagonistas, y no con sensaci\u00f3n de inferioridad. El campo determinar\u00e1 la verdad. Pero s\u00ed, es uno de los equipos con mejor plantilla de toda LaLiga\u00bb.<\/p>\n<p><strong>Transiciones del Villarreal<\/strong>: \u00abClaro que me preocupan. Tiene muchos recursos, puede jugar y hundirte, puede esperar para lanzar la contra. Es uno de los equipos m\u00e1s fuertes. Tendremos que ser casi perfectos para que no genere esas ocasiones tras p\u00e9rdida\u00bb.<\/p>\n<p><img decoding=\"async\" src=\"https:\/\/www.europesays.com\/es\/wp-content\/uploads\/2025\/11\/g6c7vumxqaarogjjpg_001.jpg\" width=\"660\" height=\"370.79\" alt=\"Sergio Francisco da instrucciones en Zubieta (Foto: Real Sociedad).\"\/><br \/>\nSergio Francisco da instrucciones en Zubieta (Foto: Real Sociedad).<\/p>\n","protected":false},"excerpt":{"rendered":"M\u00e1s noticias M\u00e1s de M\u00e1s noticias de Real Sociedad Sergio Francisco, entrenador de la Real Sociedad, ha pasado&hellip;\n","protected":false},"author":2,"featured_media":260480,"comment_status":"","ping_status":"","sticky":false,"template":"","format":"standard","meta":{"footnotes":""},"categories":[268],"tags":[168,25,24,280,282,281,23,167],"class_list":{"0":"post-260479","1":"post","2":"type-post","3":"status-publish","4":"format-standard","5":"has-post-thumbnail","7":"category-futbol","8":"tag-deportes","9":"tag-es","10":"tag-espana","11":"tag-football","12":"tag-futbol","13":"tag-soccer","14":"tag-spain","15":"tag-sports"},"share_on_mastodon":{"url":"https:\/\/pubeurope.com\/@es\/115627945643033719","error":""},"_links":{"self":[{"href":"https:\/\/www.europesays.com\/es\/wp-json\/wp\/v2\/posts\/260479","targetHints":{"allow":["GET"]}}],"collection":[{"href":"https:\/\/www.europesays.com\/es\/wp-json\/wp\/v2\/posts"}],"about":[{"href":"https:\/\/www.europesays.com\/es\/wp-json\/wp\/v2\/types\/post"}],"author":[{"embeddable":true,"href":"https:\/\/www.europesays.com\/es\/wp-json\/wp\/v2\/users\/2"}],"replies":[{"embeddable":true,"href":"https:\/\/www.europesays.com\/es\/wp-json\/wp\/v2\/comments?post=260479"}],"version-history":[{"count":0,"href":"https:\/\/www.europesays.com\/es\/wp-json\/wp\/v2\/posts\/260479\/revisions"}],"wp:featuredmedia":[{"embeddable":true,"href":"https:\/\/www.europesays.com\/es\/wp-json\/wp\/v2\/media\/260480"}],"wp:attachment":[{"href":"https:\/\/www.europesays.com\/es\/wp-json\/wp\/v2\/media?parent=260479"}],"wp:term":[{"taxonomy":"category","embeddable":true,"href":"https:\/\/www.europesays.com\/es\/wp-json\/wp\/v2\/categories?post=260479"},{"taxonomy":"post_tag","embeddable":true,"href":"https:\/\/www.europesays.com\/es\/wp-json\/wp\/v2\/tags?post=260479"}],"curies":[{"name":"wp","href":"https:\/\/api.w.org\/{rel}","templated":true}]}}